{"id":197,"date":"2005-10-15T14:22:45","date_gmt":"2005-10-15T17:22:45","guid":{"rendered":"http:\/\/kunstinargentinien.com\/index.php\/2005\/10\/15\/kalender-agenda\/"},"modified":"2005-11-02T23:00:18","modified_gmt":"2005-11-03T02:00:18","slug":"kalender-agenda","status":"publish","type":"post","link":"https:\/\/kunstinargentinien.com\/index.php\/2005\/10\/15\/kalender-agenda\/","title":{"rendered":"Kalender \/ Agenda"},"content":{"rendered":"<p>Click aqu\u00ed para leer la versi\u00f3n en castellano.<\/p>\n<p><strong>Ausstellungs-Kalender 15.10.05-22.10.05<\/strong><\/p>\n<p><em>Ausstellungszentren<\/em>\u00ad<\/p>\n<ul>\n<li>Centro Cultural Recoleta, Jun\u00edn 1930 (Di-Fr 14-21, Sa, So und feiertags 10-21 Uhr, Eintritt 1 Peso): In\u00e9s White, \u201eDesplazamientos\u201c, Fotos (Saal 15). 22.9.-16.10. \/ Dani Yako, \u201eFotograf\u00edas 1980-2005\u201c (Saal C). 30.9.-30.10. \/ Ricardo Longhini, \u201eDemocracia Argentina, fracaso de la memoria humana\u201c (Saal J). Seit 30.9. \/ \u201ePlaneta F\u00fatbol\u201c, Fotos. Organisiert von Goethe-Institut und Magnum Photos, mit Werken u.a. von Cartier-Bresson, Abbas, Parr, List (Saal 12). 6.10.-30.10. \/ Mario Pucciarelli, \u201eMuestra antol\u00f3gica 1957-1966. Kuratorin: Patricia Rizzo (S\u00e4le 4 und 5). 14.10.-6.11. \/ Leonel Alexander Marchesi, \u201eDivina Exc\u00e9ntrica\u201c (Saal 7). 14.10.-6.11. \/ \u201eEn la palma de la mano\u201c, K\u00fcnstler der 80-er Jahre, Werke von Eduardo M\u00e9dici, Matilde Mar\u00edn, Remo Bianchedi, Roberto El\u00eda, Ana Eckell, Fernando Fazzolari (Saal 10). 14.10.-13.11.\u00ad<\/li>\n<p><!--more--><\/p>\n<li>Centro Cultural Borges, Viamonte Ecke San Mart\u00edn (Mo-Sa 11-21, So 12-21 Uhr, Eintritt 3 Pesos, Rentner und Studenten 1,50 Pesos): Alfredo Londaibere \/ Florencia B\u00f6thlingk. 4.10.-22.10. \/ Arnaldo Molinari (Peru), \u201eOr\u00e1culo de las preguntas\u201c, Gem\u00e4lde. Seit 5.10. \/ Ra\u00fal Mazzoni, \u201ePinturas Bi-Espaciales\u201c. Bis 26.10.\u00ad\u00ad<\/li>\n<li>MALBA, Av. Figueroa Alcorta 3415 (Do-Mo 12-20, Mi 12-21 Uhr, dienstags geschlossen, Eintritt 7 Pesos, Dozenten und Senioren \u00fcber 65 Jahre 3,50 Pesos, Rentner und Kinder unter 12 Jahre gratis, mittwochs Eintritt frei): Frank Stella, \u201eSerie Moby Dick\u201c, 25 Graphiken 1991\/1997. Kurator: Ed Shaw. 9.9.-31.10. \/ Andy Warhol, \u201eMotion Pictures\/Cuadros en movimiento\u201c. 23.9.-21.11. \/ Intervenci\u00f3n 4: Fabi\u00e1n Marcaccio, \u201eEzeiza-Paintant\u201c. Er\u00f6ffnung: 20.10., 19 Uhr. \/ Contempor\u00e1neo 15: \u201eSubversiones diarias\u201c, Werke von Erick Beltr\u00e1n, Mabe Bethonico und Nicol\u00e1s Robbio. Kuratorin: Ana Paula Cohen. Er\u00f6ffnung: 20.10., 19 Uhr.\u00ad\u00ad<\/li>\n<li>Museo Nacional de Bellas Artes, Av. del Libertador 1473 (Di-So 13.30-19.30, Sa 9.30-19.30 Uhr): Emmanuel Sougez (Frankreich, 1889-1972), Fotos. 6.10.-11.12. \/ Pablo Atchugarry (Uruguay), Skulpturen. 6.10.-30.12.\u00ad\u00ad<\/li>\n<li>Fundaci\u00f3n Proa, Av. Pedro de Mendoza 1929, La Boca (Di-So 12-19 Uhr. Eintritt 3 Pesos, Studenten 2 Pesos, Rentner 1 Peso): Rosemarie Trockel (Deutschland), \u201eEl arte no es genial\u201c. Er\u00f6ffnung: 15.10., 13 Uhr. Bis 26.11. \/ \u201eDe rosas, capullos y otras f\u00e1bulas\u201c, Werke von Jane Brodie, Aili Chen, Mariana Cortes, Flavia Da Rin, Marina De Caro, Mart\u00edn Di Girolamo, In\u00e9s Drangosch, Ana Gallardo, Guillermo Iuso, Florencia Rodr\u00edguez Giles. Kuratorin: Victoria Noorthoorn. Er\u00f6ffnung: 15.10., 13 Uhr.\u00ad\u00ad<\/li>\n<li>Centro Cultural de Espa\u00f1a en Buenos Aires CCEBA, Florida 943 (Mo-Fr 10.30-20 Uhr): \u201eReplandia\u201c, Gemeinschaftsausstellung kuratiert von Miguel Rep (Hauptsaal) \/ Pablo Peisino, \u201eLa muerte como consejera\u201c, Installation (Microespacio 1) \/ Mirtha Dermisache, \u201eDispositivo Editorial 2. Lectura p\u00fablica\u201c (M2) \/ Rep, \u201eReplandia\u201c, Intervention (M3) \/ Juan Pamp\u00edn, \u201eTropos\u201c, Klang-Installation (M3). 14.9.-20.10.\u00ad\u00ad<\/li>\n<li>Fundaci\u00f3n Federico Jorge Klemm\/Academia Nacional de Bellas Artes, Marcelo T. de Alvear 626 (Mo-Fr 11-20 Uhr): R\u00f3mulo Macci\u00f3, \u201eRetratos de la pintura\u201c. September\/Oktober. \/ Juan Travnik, Fotos. Seit 5.10.\u00ad\u00ad<\/li>\n<li>Museo Eduardo S\u00edvori, Av. Infanta Isabel 555 (Di-Fr 12-18, Sa und So 10-18 Uhr): Eduardo Iglesias Brickles, \u201eAcerca de las teor\u00edas conspirativas\u201c, Holzschnitt-Gem\u00e4lde. 17.9.-30.10. \/ Liliana Trotta, \u201eEvita&#8230; el mito contin\u00faa\u201c. 17.9.-16.10. \/ V\u00edctor L. Rebuffo, \u201eRetrospectiva 1903-1983\u201c. 24.9.-23.10. \/ Carlos Alonso, \u201eConmemoraci\u00f3n de los 400 a\u00f1os del Quijote\u201c. 24.9.-23.10.\u00ad\u00ad<\/li>\n<li>San Mart\u00edn-Theater, Av. Corrientes 1530 (t\u00e4glich 11 Uhr bis Ende der letzten Theatervorstellung): \u201eLa m\u00e1scara\u201c, Werke von Carlos Furman, El\u00edas Mekler, Alejandra L\u00f3pez, Juan Travnik, Emilio Garc\u00eda Wehbi (1. Stock). 6.9.-16.10. \/ Fernando Guti\u00e9rrez, \u201eLa Caja\u201c, Foto-Essay (FotoGaler\u00eda). 4.10.-30.10. \/ \u201eMosc\u00fa &#8211; un recorrido por la ciudad\u201c, zeitgen\u00f6ssische russische Fotografie (Hall Central Carlos Morel). Er\u00f6ffnung: 20.10., 19 Uhr. Bis 13.11.<\/li>\n<p>\u00ad<\/ul>\n<p>\u00ad<\/p>\n<p><em>Sonstige Ausstellungen<\/em>\u00ad<\/p>\n<ul>\n<li>Juan Jos\u00e9 Cambre, Gem\u00e4lde. Wussmann, Venezuela 570, San Telmo. 31.8.-29.10.\u00ad<\/li>\n<li>Eduardo Iglesias Brickles, \u201eActitud\u201c, Holzschnittgem\u00e4lde und Acrylbilder. Kurator: Alberto El\u00eda. Fundaci\u00f3n Alberto El\u00eda\/Mario Robirosa, Azcu\u00e9naga 1739. Mo-Fr 11-20 Uhr. 7.9.-28.10.\u00ad<\/li>\n<li>Roberto Graziano, \u201eFotos de artistas y C\u00eda.\u201c. 180 Grados Arte Contempor\u00e1neo, Filo, San Mart\u00edn 975. Mo-Fr 13-24, Sa 13-16 Uhr. 8.9.-28.10.\u00ad<\/li>\n<li>Carlos Fernando Herrera, \u201eRetrato de una vida dif\u00edcil\u201c, Intervention vor dem MACRO (Museo de Arte Contempor\u00e1neo de Rosario). MACRO, Bv. Oro\u00f1o\/R\u00edo Paran\u00e1, Rosario. Do-Di 14-20 Uhr. 17.9.-23.10.\u00ad<\/li>\n<li>Diego Perrotta, Gem\u00e4lde \/ Omar Panosetti, Installation. Museo de Arte Contempor\u00e1neo de Bah\u00eda Blanca (MAC), Sarmiento 450, Bah\u00eda Blanca. Di-So 14-20 Uhr. 23.9.-23.10.\u00ad<\/li>\n<li>\u201eGrupo Combo\u201c. 1\/1 Caja de Arte, Nicaragua 5024. Mo-Fr 14.30-19.30, Sa 12-18 Uhr. Seit 24.9.\u00ad<\/li>\n<li>Miguel van Esso, Skulpturen. Centro Cultural Paseo Quinta Trabucco, Melo 3050, Florida, Prov. Bs.As. Di-Sa 9-19, So 10-19 Uhr. 24.9.-23.10.\u00ad<\/li>\n<li>Fabi\u00e1n Burgos, \u201eEl amor probablemente\u201c. Dabbah-Torrej\u00f3n, S\u00e1nchez de Bustamante 1187. Di-Fr 15-20, Sa 11-14 Uhr. 24.9.-5.11.\u00ad<\/li>\n<li>Eduardo Stup\u00eda, Jorge Abot, \u201eUn clavel sobre el piano\u201c, Hommage f\u00fcr Osvaldo Pugliese. Centro Cultural de la Cooperaci\u00f3n, Av. Corrientes 1543. Mo-Sa 11-22, So 17-20.30 Uhr. Seit 27.9.<\/li>\n<p>\u00ad<\/p>\n<li>Silvia Anidjar, Skulpturen. Atica, Libertad 1240, P.B. \u201e9\u201c. Mo-Fr 11-13 und 15-20 Uhr. 28.9.-22.10.\u00ad<\/li>\n<li>\u201eCuerpos pintados\u201c, Multimedia-Body-Kunst (Fotos, Gem\u00e4lde, Musik, Tanz, Live-Painting). Centro de Exposiciones, Av. Pueyrred\u00f3n\/Av. Figueroa Alcorta. Seit 29.9.\u00ad<\/li>\n<li>Sergio Camporeale, \u201eEl gran zoo\u201c. R.O. Galer\u00eda de Arte, Paran\u00e1 1158. Mo-Fr 10.30-20, Sa 10.30-13.30 Uhr. Seit 30.9.\u00ad<\/li>\n<li>\u201eArte Contempor\u00e1neo en el MAPDA\u201c (Werke von Cristian Segura, Nilda Rosemberg, Alejandro Cides, Jorge L\u00f3pez, Cecilia Bax, Javier Bou, Melani Mahler, Walter Montes de Oca, Benjam\u00edn Aitala). Museo de Artes Pl\u00e1sticas D\u00e1maso Arce (MAPDA), San Mart\u00edn 2862, Olavarr\u00eda, Prov. Buenos Aires. Seit 1.10.\u00ad<\/li>\n<li>Osvaldo Decastelli, \u201eZoo\u201c. Galer\u00eda Decastelli, Chile 354, San Telmo. T\u00e4glich 10.30-18.30 Uhr. 1.10.-30.11.\u00ad<\/li>\n<li>Alihe Cazaux, Gem\u00e4lde. Asociaci\u00f3n Cultural Pestalozzi, Freire 1882, Belgrano R. Mo-Fr 14-19 Uhr. 5.10.-28.10.\u00ad<\/li>\n<li>Gabriela Fern\u00e1ndez, \u201eShamp\u00fa\u201c, Fotos \/ Susana Schnell, \u201eSoliloquiear\u201c, Gem\u00e4lde. El Borde, Uriarte 1356. Mo-Sa 14-20 Uhr. 7.10.-5.11.\u00ad<\/li>\n<li>Castagnino, \u201eDesnudos\u201c. Castagnino\/Rold\u00e1n Espacio de Arte, Juncal 743. Mo-Fr 10-20, Sa 10-13 Uhr. 11.10.-28.10.\u00ad<\/li>\n<li>Gloria Arboleda, Installation, Zeichnungen, Gem\u00e4lde. Karina Paradiso, Av. del Libertador 4700, PB \u201eA\u201c. Mo-Do 14-20, Fr 16-22, Sa 11-13 Uhr. 11.10.-25.10.\u00ad<\/li>\n<li>Alfredo Plank, \u201eAmor-Arte-Pasi\u00f3n\u201c, Gem\u00e4lde. AGALMA, Libertad 1389. Mo-Fr 12-20, Sa 11-13.30 Uhr. 12.10.-8.11.\u00ad<\/li>\n<li>Magdalena Mujica &#8211; Pedro Gaeta, \u201eobra compartida\u201c, Gem\u00e4lde. Kurator: Alberto Giudici. Centro Cultural de la Cooperaci\u00f3n, Abraham-Vigo-Saal, Av. Corrientes 1543. Mo-Sa 11-22, So 17-20.30 Uhr. Seit 13.10.\u00ad<\/li>\n<li>Eduardo Markarian, \u201ea prop\u00f3sito de&#8230; temas de la literatura argentina\u201c, Gem\u00e4lde. Biblioteca Nacional, Ag\u00fcero 2502, Leopoldo-Marechal-Saal. 17.10.-4.11.\u00ad<\/li>\n<li>Quinquela Mart\u00edn, Retrospektive. Zurbar\u00e1n, Cerrito 1522. Mo-Fr 10.30-21, Sa 10.30-13.30 Uhr. Er\u00f6ffnung: 19.10., 19-22 Uhr.\u00ad<\/li>\n<li>\u201eST II &#8211; Sobre homosexualidad masculina\u201c, Werke von Arturo Aguiar, Jos\u00e9 Luis Anzizar, Sergio Avello, Carlos O\u00f1atibia, Angel Pini, Malcom Pozzi. Kuratorin: Alina Tortosa. Produktion: Fernando Ent\u00edn. Elsi del R\u00edo, Ar\u00e9valo 1748, Palermo Hollywood. Di-Fr 15-20, Sa 11-14 Uhr. Er\u00f6ffnung: 19.10., 19.30 Uhr. Bis 23.12. <\/li>\n<li>\u201eBuenos Aires Photo\u201c, Fotografie-Messe. Palais de Glace, Posadas 1725. Di-So 14-20 Uhr. 19.10.-22.10.\u00ad<\/li>\n<li>Luis Camnitzer (Hauptsaal) \/ Mondongo \u201eMERCA\u201c (NuevoEspacio). Ruth Benzacar, Florida 1000. Mo-Fr 11.30-20, Sa 10.30-13.30 Uhr. 19.10.-19.11.\u00ad<\/li>\n<li>Genoveva Fern\u00e1ndez, \u201ea brillar mi amor\u201c, Gem\u00e4lde. Consorcio de Arte de Buenos Aires, Uruguay 1371. Mo-Fr 11-20, Sa 11-14 Uhr. Er\u00f6ffnung: 20.10., 19 Uhr. Bis 7.11.\u00ad<\/li>\n<li>Aliza Olmert, \u201eTikkun\u201c. Daniel Maman Fine Art, Av. del Libertador 2475. Mo-Fr 11-20, Sa 11-19 Uhr. Er\u00f6ffnung: 20.10., 19 Uhr.\u00ad<\/li>\n<li>Guillermo Ueno\/Vicente Grondona. La Bibliotheque, Uruguay 1223, PB \u201e7\u201c, rote T\u00fcr. Er\u00f6ffnung: 26.10., 19 Uhr.<\/li>\n<p>\u00ad<\/ul>\n","protected":false},"excerpt":{"rendered":"<p>Click aqu\u00ed para leer la versi\u00f3n en castellano. Ausstellungs-Kalender 15.10.05-22.10.05 Ausstellungszentren\u00ad Centro Cultural Recoleta, Jun\u00edn 1930 (Di-Fr 14-21, Sa, So und feiertags 10-21 Uhr, Eintritt 1 Peso): In\u00e9s White, \u201eDesplazamientos\u201c, Fotos (Saal 15). 22.9.-16.10. \/ Dani Yako, \u201eFotograf\u00edas 1980-2005\u201c (Saal C). 30.9.-30.10. \/ Ricardo Longhini, \u201eDemocracia Argentina, fracaso de la memoria humana\u201c (Saal J). Seit [&hellip;]<\/p>\n","protected":false},"author":1,"featured_media":0,"comment_status":"open","ping_status":"open","sticky":false,"template":"","format":"standard","meta":{"footnotes":""},"categories":[3],"tags":[],"class_list":["post-197","post","type-post","status-publish","format-standard","hentry","category-kalender-agenda"],"_links":{"self":[{"href":"https:\/\/kunstinargentinien.com\/index.php\/wp-json\/wp\/v2\/posts\/197","targetHints":{"allow":["GET"]}}],"collection":[{"href":"https:\/\/kunstinargentinien.com\/index.php\/wp-json\/wp\/v2\/posts"}],"about":[{"href":"https:\/\/kunstinargentinien.com\/index.php\/wp-json\/wp\/v2\/types\/post"}],"author":[{"embeddable":true,"href":"https:\/\/kunstinargentinien.com\/index.php\/wp-json\/wp\/v2\/users\/1"}],"replies":[{"embeddable":true,"href":"https:\/\/kunstinargentinien.com\/index.php\/wp-json\/wp\/v2\/comments?post=197"}],"version-history":[{"count":0,"href":"https:\/\/kunstinargentinien.com\/index.php\/wp-json\/wp\/v2\/posts\/197\/revisions"}],"wp:attachment":[{"href":"https:\/\/kunstinargentinien.com\/index.php\/wp-json\/wp\/v2\/media?parent=197"}],"wp:term":[{"taxonomy":"category","embeddable":true,"href":"https:\/\/kunstinargentinien.com\/index.php\/wp-json\/wp\/v2\/categories?post=197"},{"taxonomy":"post_tag","embeddable":true,"href":"https:\/\/kunstinargentinien.com\/index.php\/wp-json\/wp\/v2\/tags?post=197"}],"curies":[{"name":"wp","href":"https:\/\/api.w.org\/{rel}","templated":true}]}}