{"id":200,"date":"2005-10-24T19:22:37","date_gmt":"2005-10-24T22:22:37","guid":{"rendered":"http:\/\/kunstinargentinien.com\/index.php\/2005\/10\/24\/fundacion-klemm-mal-zwei\/"},"modified":"2006-07-29T15:09:18","modified_gmt":"2006-07-29T18:09:18","slug":"fundacion-klemm-mal-zwei","status":"publish","type":"post","link":"https:\/\/kunstinargentinien.com\/index.php\/2005\/10\/24\/fundacion-klemm-mal-zwei\/","title":{"rendered":"Fundaci\u00f3n Klemm mal zwei"},"content":{"rendered":"<p><strong>Macci\u00f3 und Travnik<\/strong><\/p>\n<p><em><strong>Von Susanne Franz<\/strong><\/em><\/p>\n<p><img decoding=\"async\" src=\"http:\/\/kunstinargentinien.com\/wp-content\/uploads\/maccio.jpg\" alt=\"\" \/><br \/>\n<em>R\u00f3mulo Macci\u00f3, Lista s\u00e1bana, 2005, \u00d6l auf Leinwand, 200 x 200 cm<\/em><\/p>\n<p>Bis 28. Oktober kann man in der <a href=\"http:\/\/www.fundacionfjklemm.org\/\">Fundaci\u00f3n Federico Jorge Klemm<\/a> noch zwei besonders sch\u00f6ne Ausstellungen bewundern: Einmal im Hauptsaal riesige, wilde Gem\u00e4lde des Altmeisters R\u00f3mulo Macci\u00f3 aus dem Jahr 2005; und im fr\u00fcher &#8220;Espacio Cinco&#8221; genannten Vorraum eine Fotografieausstellung des renommierten K\u00fcnstlers und Kurators Juan Travnik.<\/p>\n<p>W\u00e4hrend Macci\u00f3 wie immer direkt die Emotionen anspricht und den Besucher im wahrsten Sinne des Wortes &#8220;\u00fcberw\u00e4ltigt&#8221; &#8211; und das, obwohl er f\u00fcr seine Begriffe Farben und Fl\u00e4chen hier  sparsam einsetzt -, sind die Fotos Travniks ruhige und entspannende Landschaften, die neben dem offensichtlichen Abbild auch ein inneres Panorama darzustellen scheinen. Selbst die durchl\u00f6cherte Front der HSBC-Bank, an der entt\u00e4uschte Sparer nach der Wirtschaftskrise ihre Wut auslie\u00dfen, bleibt bei Travnik elegantes Understatement.<\/p>\n<p><em>(R\u00f3mulo Macci\u00f3, \u201eRetratos de la pintura\u201c \/ Juan Travnik, Fotos. Fundaci\u00f3n Federico Jorge Klemm\/Academia Nacional de Bellas Artes, Marcelo T. de Alvear 626. Mo-Fr 11-20 Uhr. Bis 28.10.)<\/em><\/p>\n<p><img decoding=\"async\" src=\"http:\/\/kunstinargentinien.com\/wp-content\/uploads\/travnik.jpg\" alt=\"\" \/><br \/>\n<em>Juan Travnik, Claromec\u00f3, 2004, 120 x 60 cm, 1. Preis Fundaci\u00f3n Federico Jorge Klemm 2004<\/em><\/p>\n<p><img decoding=\"async\" src=\"http:\/\/kunstinargentinien.com\/wp-content\/uploads\/trav2.jpg\" alt=\"\" \/><br \/>\n<em>Juan Travnik, HSBC Buenos Aires, 2005, 120 x 60 cm<\/em><\/p>\n","protected":false},"excerpt":{"rendered":"<p>Macci\u00f3 und Travnik Von Susanne Franz R\u00f3mulo Macci\u00f3, Lista s\u00e1bana, 2005, \u00d6l auf Leinwand, 200 x 200 cm Bis 28. Oktober kann man in der Fundaci\u00f3n Federico Jorge Klemm noch zwei besonders sch\u00f6ne Ausstellungen bewundern: Einmal im Hauptsaal riesige, wilde Gem\u00e4lde des Altmeisters R\u00f3mulo Macci\u00f3 aus dem Jahr 2005; und im fr\u00fcher &#8220;Espacio Cinco&#8221; genannten [&hellip;]<\/p>\n","protected":false},"author":1,"featured_media":0,"comment_status":"open","ping_status":"open","sticky":false,"template":"","format":"standard","meta":{"footnotes":""},"categories":[4],"tags":[],"class_list":["post-200","post","type-post","status-publish","format-standard","hentry","category-tipp-der-woche-recomendacion-de-la-semana"],"_links":{"self":[{"href":"https:\/\/kunstinargentinien.com\/index.php\/wp-json\/wp\/v2\/posts\/200","targetHints":{"allow":["GET"]}}],"collection":[{"href":"https:\/\/kunstinargentinien.com\/index.php\/wp-json\/wp\/v2\/posts"}],"about":[{"href":"https:\/\/kunstinargentinien.com\/index.php\/wp-json\/wp\/v2\/types\/post"}],"author":[{"embeddable":true,"href":"https:\/\/kunstinargentinien.com\/index.php\/wp-json\/wp\/v2\/users\/1"}],"replies":[{"embeddable":true,"href":"https:\/\/kunstinargentinien.com\/index.php\/wp-json\/wp\/v2\/comments?post=200"}],"version-history":[{"count":0,"href":"https:\/\/kunstinargentinien.com\/index.php\/wp-json\/wp\/v2\/posts\/200\/revisions"}],"wp:attachment":[{"href":"https:\/\/kunstinargentinien.com\/index.php\/wp-json\/wp\/v2\/media?parent=200"}],"wp:term":[{"taxonomy":"category","embeddable":true,"href":"https:\/\/kunstinargentinien.com\/index.php\/wp-json\/wp\/v2\/categories?post=200"},{"taxonomy":"post_tag","embeddable":true,"href":"https:\/\/kunstinargentinien.com\/index.php\/wp-json\/wp\/v2\/tags?post=200"}],"curies":[{"name":"wp","href":"https:\/\/api.w.org\/{rel}","templated":true}]}}