{"id":2007,"date":"2009-11-07T08:24:28","date_gmt":"2009-11-07T11:24:28","guid":{"rendered":"http:\/\/kunstinargentinien.com\/index.php\/2009\/11\/07\/kalender-agenda-192\/"},"modified":"2009-11-19T13:15:54","modified_gmt":"2009-11-19T16:15:54","slug":"kalender-agenda-192","status":"publish","type":"post","link":"https:\/\/kunstinargentinien.com\/index.php\/2009\/11\/07\/kalender-agenda-192\/","title":{"rendered":"Kalender \/ Agenda"},"content":{"rendered":"<p><a href=\"http:\/\/kunstinargentinien.com\/index.php\/2009\/11\/07\/agenda-kalender-186\/\">Click aqu\u00ed para leer la versi\u00f3n en castellano.<\/a><\/p>\n<p><strong>Ausstellungskalender 07\/11\/09-14\/11\/09<\/p>\n<p><em>Von Susanne Franz<\/em><\/strong><\/p>\n<p><img decoding=\"async\" id=\"image2002\" alt=mariam11.jpg src=\"http:\/\/kunstinargentinien.com\/wp-content\/uploads\/2009\/11\/mariam11.jpg\" align=left hspace=5 \/>N\u00e4chsten Samstag schon steigt das Mammutereignis <a href=\"http:\/\/www.lanochedelosmuseos.gov.ar\/\">Die Lange Nacht der Museen<\/a>, deshalb empfehlen wir diese Woche kleine, aber feine Ausstellungen. So \u201eV\u00ednculos\u201c, Aquarelle von Mar\u00eda Marta Fasoli (Bild) in der <a href=\"http:\/\/centrocultural.psi.uba.ar\/galeria\/extension_cultura\/index.htm\">Galer\u00eda de Arte de Extensi\u00f3n y Cultura<\/a>, oder \u201ePer\u00edodo Azul\u201c von Daniel Joglar bei <a href=\"http:\/\/www.dabbahtorrejon.com.ar\/\">Dabbah Torrej\u00f3n<\/a>, die schon am 14.11. schlie\u00dft. Besonders sch\u00f6n: eine Rauminstallation aus bunten Wollf\u00e4den. Auch die Fotoausstellung \u201eEl devenir de sus d\u00edas\u201c von Alessandra Sanguinetti, die das pers\u00f6nliche Leben ihrer Heldinnen Guille und Belinda weiter begleitet, und die Installation \u201eTodo lo contrario\u201c von Eduardo Basualdo bei <a href=\"http:\/\/www.ruthbenzacar.com\/\">Ruth Benzacar<\/a> kann man nur noch bis Ende der Woche sehen. Anhand von Zeichnungen, Objekten und aufstrahlendem und verl\u00f6schendem Licht spielt Basualdo mit den Grenzen der Wahrnehmung. Besonders im Ged\u00e4chtnis bleibt eine Figur, die \u00fcber einen Abgrund springt. Oder springt sie hinein? Im Anschluss das Kunstangebot der Woche&#8230;<!--more--><\/p>\n<p><strong><em>Ausstellungszentren<\/em><\/strong><\/p>\n<ul>\n<li><a href=\"http:\/\/www.malba.org.ar\/web\/\">MALBA<\/a> (Museo de Arte Latinoamericano de Buenos Aires), Av. Figueroa Alcorta 3415 (Do-Mo und feiertags 12-20 Uhr, mittwochs bis 21 Uhr, dienstags geschlossen. Eintritt 15 Pesos, Lehrer und Rentner 8 Pesos, Studenten 5 Pesos, unter 5-J\u00e4hrige gratis. Mittwochs: Eintritt 5 Pesos, Lehrer und Rentner 3 Pesos, Studenten gratis): \u201eAndy Warhol, Mr. America\u201c. Kurator: Philip Larratt-Smith. Saal 5, 2. Stock, und Saal 3, 1. Stock. 22.10.-22.2.2010. \/ \u201eIntervenci\u00f3n 6\u201c: Pablo Reinoso, \u201eEnredamaderas\u201c. Bis M\u00e4rz 2010.<\/li>\n<li><a href=\"http:\/\/www.mnba.org.ar\/\">Museo Nacional de Bellas Artes<\/a> (MNBA), Av del Libertador 1473 (Di-Fr 12.30-20.30, Sa und So 9.30-20.30 Uhr. Eintritt frei): \u201eEl Pop Art en la Colecci\u00f3n del IVAM (Instituto Valenciano de Arte)\u201c. Werke von Gerhard Richter, Sigmar Polke, Richard Prince, John Baldessari, Alberto Greco, Richard Hamilton, Jaspers Johns, Robert Rauschenberg, Cindy Sherman, James Rosenquist, Claes Oldenburg, Juan Genov\u00e9s, Equipo Cr\u00f3nica, Equipo Realidad, Eduardo Arroyo, Joseph Renau, Antonio Saura und Juan Antonio Toledo. Kuratoren: Consuelo Ciscar und William Jeffet. Im Pabell\u00f3n. 6.10.-22.11. \/ \u201eDel \u00edcono al objeto. Obras de la Colecci\u00f3n Fotogr\u00e1fica del MNBA\u201c. Werke von Chema Madoz, Tony Catany (Spanien), Luis Gonz\u00e1lez Palma, Mar\u00eda Cristina Orive (Guatemala), D.W. Mellor, Stephen Althouse (USA), Emmanuel Souguez, Gisele Freund (Frankreich), Rogelio Cuellar, Vida Yovanovich (Mexiko), Leopoldo Plentz (Brasilien), Andre Kertesz (Ungarn), Hugo Aveta, Fiora Bemporad, Carlos Furman, Guillermo Gruben, Ge\/T\u00e1boas, Andy Goldstein, Marcos L\u00f3pez, Lutz Matschke, Oscar Pintor, Dalila Puzzovio, Pedro Otero, Grete Stern und Pablo Tapia (Argentinien). Kuratorin: Sara Facio. 1.10.-29.11.<\/li>\n<li><a href=\"http:\/\/www.proa.org\/esp\/\">Fundaci\u00f3n Proa<\/a>, Av. Pedro de Mendoza 1929, La Boca (Di-So 11-19 Uhr. Montags geschlossen. Eintritt: 10 Pesos, Studenten 6 Pesos, Rentner 3 Pesos; Dienstag f\u00fcr Studenten Eintritt frei): \u201eEl tiempo del arte &#8211; Obras maestras del S. XVI al S. XXI\u201c. Anhand von 100 herausragenden Werken der Kunstgeschichte, bietet die Ausstellungen einen \u00dcberblick \u00fcber f\u00fcnf Jahrhunderte Kunst. Kurator: Giacinto Di Pietrantonio. 19.9.-3.1.2010. \/ \u201eLindero\u201c, Interventionen in verschiedenen R\u00e4umen der Fundaci\u00f3n. K\u00fcnstler: Mar\u00eda In\u00e9s Drangosch, Daniel Joglar, Fernanda Laguna, Ismael Pinkler, Mariela Scafati, Marcela Sinclair. Kuratorin: Ana Gallardo. 24.10.-3.1.2010.<\/li>\n<li><a href=\"http:\/\/centroculturalrecoleta.org\/ccr-sp\/\">Centro Cultural Recoleta<\/a>, Jun\u00edn 1930 (Mo-Fr 14-21, Sa, So und feiertags 10-21 Uhr): Augusto Costhanzo, \u201eAC\/DC: Augusto Costhanzo\/Dibujos &#038; Caricaturas\u201c. Gastk\u00fcnstler: Gabo Ferro. Prometeus-Saal. 16.10.-15.11. \/ Jos\u00e9 Luis Anzizar, \u201eFlyingColors\u201c. Saal 9. 20.10.-15.11. \/ \u201eCarlos Thays (1849-1934): Un jardinero franc\u00e9s en Buenos Aires\u201c, Fotos, Modelle, Pl\u00e4ne, Dokumente. Kuratorin: Dr. Sonia Berjman. Cronopios-Saal. 4.11.-6.12.<\/li>\n<li>Centro Cultural de Espa\u00f1a en Buenos Aires (CCEBA), Florida 943 (Mo-Fr 10.30-20, Sa 10.30-14 Uhr): \u201eReciprocidad\u201c. K\u00fcnstler: Zanny Begg (Australien), Democracia (Spanien), Alejandra Fenochio, Le\u00f3n Ferrari, Claire Fontaine (Frankreich), Diego Haboba, Iconoclasistas, Oliver Ressler (\u00d6sterreich), Sub Coop, Leo Ramos. Idee und Koordination: Loreto Garin Guzm\u00e1n und Federico Zukerfeld. Hauptsaal. \/ Coco Goicoa &#8211; Vanesa Trosch, \u201eClick\u201c, Intervention im Schaufenster. \u201eMicroespacio\u201c M1. \/ Julia Mensch, \u201eMar\u00eda y Zhou Qiong\u201c, Intervention in Vitrine. \u201eMicroespacio\u201c M2. \/ Guido Ignatti, \u201eEl techo\u201c, Intervention in den B\u00e4dern. \u201eMicroespacio\u201c M3. \/ Mariano Ferrante, \u201eConfiguraci\u00f3n M4 \u2013 09\u201c, Intervention an der Wand. \u201eMicroespacio\u201c M4. \/ Tamara Burlando, \u201eNight. Shops\u201c, Fotos. \u201ePunto de Encuentro\u201c. \/ \u201eBorderline (o lo que est\u00e1 m\u00e1s all\u00e1 de la l\u00ednea)\u201c, Videos. K\u00fcnstler: Narda Alvarado, Luciano Burba, Fernando Callero, Milton Kalbermatter, Maximiliano Rossini, Leticia Santa Cruz, Rosana Storti, Leandro Yadanza. Auswahl: Cintia Romero. \u201ePunto de Encuentro\u201c. Er\u00f6ffnung: 10.11., 19 Uhr. Bis 10.1.2010.<\/li>\n<li><a href=\"http:\/\/www.pabellon4.com\/\">Pabell\u00f3n 4<\/a>, Uriarte 1332, Palermo Viejo (Mo-Sa 16-20 Uhr): \u201eRemake\u201c, Jorge Opazo (Chile), Catalina Schliebener (Chile), M\u00f3nica Potenza (Argentinien), Esteban Rivero (Argentinien) und die Gastk\u00fcnstlerin Paula Dittborn (Chile) pr\u00e4sentieren in dieser letzten Gemeinschaftsausstellung Themen rund ums Kino. \u201eProyecto Cubo\u201c-Saal. Er\u00f6ffnung: 10.11., 20 Uhr. Bis 28.11. \/ Tian Firpo, \u201eSucede, luego se olvida, aunque a veces lo recordemos\u201c, Gem\u00e4lde. Saal I. Er\u00f6ffnung: 10.11., 20 Uhr. Bis 28.11. \/ Mart\u00edn Guth, \u201eSchaden\u201c, Mischtechniken. Saal II. Er\u00f6ffnung: 10.11., 20 Uhr. Bis 28.11.<\/li>\n<\/ul>\n<p><em><strong>Sonstige Ausstellungen<\/strong><\/em><\/p>\n<ul>\n<li>Carlos Bissolino, Gem\u00e4lde. <a href=\"http:\/\/www.wussmann.com\/\">Wussmann<\/a>, Venezuela 570. 1.9.-10.11.<\/li>\n<li>Juan Carlos Romero, \u201eCartograf\u00edas del cuerpo, asperezas de la palabra\u201c. Kurator: Fernando Davis. \/ Eingeladenes Projekt: \u201ePTV (Partido Transportista de Votantes)\u201c. Gr\u00fcnder: Lucas Di Pascuale. <a href=\"http:\/\/www.artefundacionosde.com.ar\/bs-as\/index.html\">Fundaci\u00f3n Osde Espacio de Arte<\/a>, Suipacha 658, 1. Stock. Mo-Sa 12-20 Uhr. 10.9.-7.11.<\/li>\n<li>Eduardo Hoffmann, \u201eCorresponsal\u201c, Gem\u00e4lde, Installationen, Projektion. Galer\u00eda Lordi Arte Contempor\u00e1neo, Venezuela 617. Mo-Fr 11-19.30, Sa 11-13 Uhr. 17.9.-18.11.<\/li>\n<li>\u201e5 Escultores y su Tiempo\u201c, Skulpturen von Bast\u00f3n D\u00edaz, Hern\u00e1n Domp\u00e9, P\u00e1jaro G\u00f3mez, Dora Isdatne und Cristina Tomsig. <a href=\"http:\/\/www.laurahaber.com.ar\/\">Galer\u00eda Laura Haber<\/a>, Juncal 885, Zwischenstock. Mo-Fr 11-20, Sa 11-15 Uhr. 30.9.-17.11.<\/li>\n<li>Daniel Joglar, \u201ePer\u00edodo Azul\u201c. <a href=\"http:\/\/www.dabbahtorrejon.com.ar\/\">Dabbah Torrej\u00f3n<\/a>, El Salvador 5176, Palermo. 1.10.-14.11.<\/li>\n<li>Esteban Lisa (1895-1983), \u201eAbstracci\u00f3n, mundo y significado\u201c, Gem\u00e4lde. Kurator: Mario H. Gradowczyk. Museo de la Universidad Nacional de Tres de Febrero (MUNTREF), Valent\u00edn Gomez 4838, Caseros, Prov. Buenos Aires. Mo-Sa 11-20 Uhr. F\u00fchrungen: Sa 15.30 und 17 Uhr. 6.10.-21.11.<\/li>\n<li>Alessandra Sanguinetti, \u201eEl devenir de sus d\u00edas\u201c, zweiter Teil der Abenteuer von Guille und Belinda, Fotos. Hauptsaal. \/ Eduardo Basualdo, \u201eTodo lo contrario\u201c, Installation. NuevoEspacio. <a href=\"http:\/\/www.ruthbenzacar.com\/\">Ruth Benzacar<\/a>, Florida 1000. Mo-Fr 11.30-20 Uhr. 7.10.-13.11.<\/li>\n<li>\u201eGeometr\u00eda I\u201c. K\u00fcnstler: Juan Mel\u00e9, V\u00edctor Magari\u00f1os, Eduardo Mac Entyre, Luis Tomasello, Ary Brizzi, Eduardo Jonquieres, Mar\u00eda Juana Heras Velazco, Dalmiro Sirabo, Ra\u00fal Mazzoni, Gabriel Messil, Miguel Angel Giovanetti, Jorge Pereira und C\u00e9sar L\u00f3pez Osornio. <a href=\"http:\/\/www.roart.com.ar\/\">RO Galer\u00eda de Arte<\/a>, Paran\u00e1 1158. Mo 14-20, Di-Fr 11-20 Uhr. 7.10.-27.11.<\/li>\n<li>Estanislao Florido, \u201e24 cuadras por segundo\u201c. <a href=\"http:\/\/www.arte713.com\/?cId=650\">713 Arte Contempor\u00e1neo<\/a>, Defensa 713. Mo-Sa 13-19 Uhr. 15.10.-21.11.<\/li>\n<li>\u201eGeograf\u00edas celulares\u201c. Espacio Fundac\u00edon Telef\u00f3nica, Arenales 1540. Mo-Sa 14-20.30 Uhr. Eintritt frei. 16.10.-11.12.<\/li>\n<li>Gerardo Wohlgemuth, Skulpturen, Gem\u00e4lde und Graphiken. <a href=\"http:\/\/www.isidromiranda.com.ar\/\">Galer\u00eda Isidro Miranda<\/a>, Estados Unidos 726, San Telmo. Di-Sa 12-19 Uhr. 16.10.-8.11.<\/li>\n<li>Marga Steinwasser, \u201eTrapo\u201c, Installation. Museo de Bellas Artes Juan B. Castagnino, Av. Pellegrini 2202, Rosario, Provinz Santa Fe. Mo + Mi-Fr 14-19, Sa und So 13-19 Uhr, dienstags geschlossen. 17.10.-30.11.<\/li>\n<li>Roberto El\u00eda, Gem\u00e4lde. <a href=\"http:\/\/www.vanriel.com.ar\/\">Galer\u00eda van Riel<\/a>, Juncal 790, P.B. (Erdgeschoss). Mo-Fr 15-20 Uhr. 20.10.-20.11.<\/li>\n<li>Laura Onetto, Graphiken. <a href=\"http:\/\/www.galeriaatica.com\/\">Atica<\/a>, Libertad 1240, P.B. (Erdgeschoss) \u201e9\u201c. Mo-Fr 11-13 und 15-20, Sa 11-13.30 Uhr. 27.10.-21.11.<\/li>\n<li>\u201eTodo es vanidad\u201c, Projekt von Rosana Schoijett, Cecilia Szalkowicz und Gast\u00f3n P\u00e9rsico. Centro Cultural Rojas, \u201eFotogaler\u00eda\u201c, Av. Corrientes 2038. 28.10.-27.11.<\/li>\n<li>\u201eLa pelota, una pasi\u00f3n. La cancha, una emoci\u00f3n. El f\u00fatbol y los porte\u00f1os, en el recuerdo\u201c (Der Fu\u00dfball und die Porte\u00f1os, historische Ausstellung). Museo de la Ciudad, Defensa 219. Mo-So und feiertags 11-19 Uhr. Eintritt 1 Peso, montags und mittwochs gratis. 29.10.-31.1.2010.<\/li>\n<li>Genoveva Fern\u00e1ndez, \u201eIlusiones\u201c, Gem\u00e4lde. \/ Martin Calcagno, \u201eLa delicada fragancia del amor en los bosques de Ca\u00f1uelas\u201c, Installation mit B\u00e4umen. <a href=\"http:\/\/www.elsidelrio.com.ar\/\">Elsi del R\u00edo Arte Contempor\u00e1neo<\/a>, Humboldt 1510, Palermo Hollywood. Di-Fr 14-20, Sa 15-20 Uhr. 2.11.-30.12.<\/li>\n<li>\u201eInteriores de La Boca\u201c, Fotos von Julieta Caruso, Ignacio Col\u00f3 und Dafne Gentinetta. \u201eFotoGaler\u00eda\u201c des San Mart\u00edn-Theaters, 1. Stock der Eingangshalle \u201eCarlos Morel\u201c, Av. Corrientes 1530. Mo-Fr ab 12, Sa und So ab 14 Uhr, jeweils bis zum Ende der Vorstellungen im Theater. Eintritt frei. 3.11.-15.12.<\/li>\n<li>\u201eBlanco &#038; Negro\u201c, Werke von Juan Astica, P\u00e1ez Riva, Eduardo Stup\u00eda, Richard Sturgeon, Juan Andr\u00e9s Videla. <a href=\"http:\/\/empatia-arte.com\/\">Empat\u00eda<\/a>, Carlos Pellegrini 1255. Seit 3.11.<\/li>\n<li>\u201eEl objeto y la luz\u201c, Werke von Luis Benedit, Ricardo Blanco, Juan Cavallero, Antonio Cena, Federico Churba, Miki Friedenbach &#038; Diego Arena, Patricia Lascano, Eduardo Naso, Alejandro Sarmiento, Clorindo Testa, Mart\u00edn Wolfson. Kurator: Ricardo Blanco. Fundaci\u00f3n Federico Jorge Klemm, Marcelo T. de Alvear 626. Mo-Fr 11-20 Uhr. Seit 5.11.<\/li>\n<li>Dolores Zorreguieta, \u201eSecreto\u201c. <a href=\"http:\/\/www.gachiprietogallery.com\/\">Gachi Prieto Gallery<\/a>, Contemporary Latin American Art, Uriarte 1976. Mo-Fr 12.30-20, Sa 13-19 Uhr. Seit 5.11.<\/li>\n<li>4. Ausgabe des Multimedia-Events <a href=\"http:\/\/www.buenosaires.gov.ar\/areas\/cultura\/al_dia\/4culturaymedia_09.php?menu_id=20277\">\u201eCultura y Media\u201c<\/a>, dieses Jahr unter dem Motto \u201eTiempo Real\u201c. Centro Cultural General San Mart\u00edn, Sarmiento 1551. 5.11.-8.11.<\/li>\n<li>\u201eLa obsolescencia del monumento\u201c, Ausstellungen, Projektionen und Diskussionsrunden mit den K\u00fcnstlern Esteban \u00c1lvarez, Marcelo Brodsky, Viviana Brown Botta, Luis und Gabo Camnitzer, Am\u00e9rico Castilla, Juan De Dios Mena, Ticio Escobar, Diego Figueroa, Sof\u00eda Garc\u00eda Vieyra, Lorena G\u00fazman, Lux Lindner, Cristina Piffer, Santiago Porter, Leo Ramos, Hugo Vidal. Kuratorin: Patricia Hakim. Museo de Bellas Artes, Museo de Medios de Comunicaci\u00f3n, \u00f6ffentlicher Raum, Resistencia, Chaco. 5.11.-4.12. Infos: 03722-15504719, eacontemporaneo@gmail.com.<\/li>\n<li>Mar\u00eda Marta Fasoli, \u201eV\u00ednculos\u201c. <a href=\"http:\/\/centrocultural.psi.uba.ar\/galeria\/extension_cultura\/index.htm\">Galer\u00eda de Arte de Extensi\u00f3n y Cultura<\/a>, Hip\u00f3lito Yrigoyen 3242, 3. Stock. Mo-Fr 11-18 Uhr. Oktober\/November.<\/li>\n<li>Marco Otero, Gem\u00e4lde. <a href=\"http:\/\/www.forodeartegaleria.com.ar\/\">Foro de Arte<\/a>, Angel Carranza 2003. Di-Sa 12.30-20 Uhr. Er\u00f6ffnung: 12.11., 19.30 Uhr. Bis 2.12.<\/li>\n<li>\u201eNarraciones Extraordinarias\u201c, Werke von Anabella Papa, Diego Perrotta, Esteban Pastorino, Leopoldo Estol, Juan Balza, Lala Mutto, Manuel Ameztoy, M\u00e1ximo Pedraza, Nicol\u00e1s Ozuna, Paula Toto Blake, Ramiro Smith Estrada, Santiago Cont\u00edn, Sof\u00eda L\u00f3pez Ma\u00f1an,Valeria Macul\u00e1n, Ver\u00f3nica Romano. Begegnungen mit der Welt von Edgar Allan Poe. Kuratorin: Leticia Mello. <a href=\"http:\/\/www.isidromiranda.com.ar\/\">Isidro Miranda<\/a>, Estados Unidos 726, San Telmo. Di-So 12-19 Uhr. Er\u00f6ffnung: 13.11., 19 Uhr. Bis 29.11.<\/li>\n<\/ul>\n<p><img decoding=\"async\" id=\"image2004\" alt=mariam12.jpg src=\"http:\/\/kunstinargentinien.com\/wp-content\/uploads\/2009\/11\/mariam12.jpg\" \/><\/p>\n","protected":false},"excerpt":{"rendered":"<p>Click aqu\u00ed para leer la versi\u00f3n en castellano. Ausstellungskalender 07\/11\/09-14\/11\/09 Von Susanne Franz N\u00e4chsten Samstag schon steigt das Mammutereignis Die Lange Nacht der Museen, deshalb empfehlen wir diese Woche kleine, aber feine Ausstellungen. So \u201eV\u00ednculos\u201c, Aquarelle von Mar\u00eda Marta Fasoli (Bild) in der Galer\u00eda de Arte de Extensi\u00f3n y Cultura, oder \u201ePer\u00edodo Azul\u201c von Daniel [&hellip;]<\/p>\n","protected":false},"author":1,"featured_media":0,"comment_status":"open","ping_status":"open","sticky":false,"template":"","format":"standard","meta":{"footnotes":""},"categories":[3],"tags":[],"class_list":["post-2007","post","type-post","status-publish","format-standard","hentry","category-kalender-agenda"],"_links":{"self":[{"href":"https:\/\/kunstinargentinien.com\/index.php\/wp-json\/wp\/v2\/posts\/2007","targetHints":{"allow":["GET"]}}],"collection":[{"href":"https:\/\/kunstinargentinien.com\/index.php\/wp-json\/wp\/v2\/posts"}],"about":[{"href":"https:\/\/kunstinargentinien.com\/index.php\/wp-json\/wp\/v2\/types\/post"}],"author":[{"embeddable":true,"href":"https:\/\/kunstinargentinien.com\/index.php\/wp-json\/wp\/v2\/users\/1"}],"replies":[{"embeddable":true,"href":"https:\/\/kunstinargentinien.com\/index.php\/wp-json\/wp\/v2\/comments?post=2007"}],"version-history":[{"count":0,"href":"https:\/\/kunstinargentinien.com\/index.php\/wp-json\/wp\/v2\/posts\/2007\/revisions"}],"wp:attachment":[{"href":"https:\/\/kunstinargentinien.com\/index.php\/wp-json\/wp\/v2\/media?parent=2007"}],"wp:term":[{"taxonomy":"category","embeddable":true,"href":"https:\/\/kunstinargentinien.com\/index.php\/wp-json\/wp\/v2\/categories?post=2007"},{"taxonomy":"post_tag","embeddable":true,"href":"https:\/\/kunstinargentinien.com\/index.php\/wp-json\/wp\/v2\/tags?post=2007"}],"curies":[{"name":"wp","href":"https:\/\/api.w.org\/{rel}","templated":true}]}}