{"id":2009,"date":"2009-11-07T17:56:20","date_gmt":"2009-11-07T20:56:20","guid":{"rendered":"http:\/\/kunstinargentinien.com\/index.php\/2009\/11\/07\/ein-facettenreicher-geist\/"},"modified":"2009-11-14T12:11:41","modified_gmt":"2009-11-14T15:11:41","slug":"ein-facettenreicher-geist","status":"publish","type":"post","link":"https:\/\/kunstinargentinien.com\/index.php\/2009\/11\/07\/ein-facettenreicher-geist\/","title":{"rendered":"\u201cEin facettenreicher Geist\u201d"},"content":{"rendered":"<p><strong>F\u00e9lix Luna gestorben<\/p>\n<p><em>Von Marcus Christoph<\/em><\/strong><\/p>\n<p><img decoding=\"async\" id=\"image2012\" alt=felix11.jpg src=\"http:\/\/kunstinargentinien.com\/wp-content\/uploads\/2009\/11\/felix11.jpg\" align=left hspace=5 \/>Er galt als Gro\u00dfmeister der argentinischen Geschichtsschreibung: F\u00e9lix Luna, der am Donnerstag nach langer Krankheit im Alter von 84 Jahren in seiner Geburtsstadt Buenos Aires verstorben ist. \u201cDie Historiker wirken an der Bildung der Seele einer Nation mit und sind eine emotionale St\u00fctze der Gesellschaft\u201d, sagte Luna, der politisch der Radikalen B\u00fcrgerunion nahestand, selbst. Er wirkte nicht nur als Universit\u00e4tsprofessor, sondern war auch stets bem\u00fcht, eine breitere \u00d6ffentlichkeit mit den Themen der argentinischen Geschichte vertraut zu machen. So gr\u00fcndete er 1967 das Magazin \u201cTodo es Historia\u201d (Alles ist Geschichte) und verfasste mehrere historische B\u00fccher wie \u201cPer\u00f3n y su tiempo\u201d (Per\u00f3n und seine Zeit) oder das zehnb\u00e4ndige Werk \u201cHistoria integral de los Argentinos\u201d (Umfassende Geschichte der Argentinier).<\/p>\n<p>Luna war zudem als Texter von Folklore-Liedern erfolgreich. So arbeitete er mit dem Pianisten Ariel Ram\u00edrez und sp\u00e4ter auch mit der S\u00e4ngerin Mercedes Sosa zusammen. Gemeinsam brachten sie 1972 das Album \u201cCantata sudamericana\u201d (S\u00fcdamerikanische Kantate) heraus. \u201cEr war ein facettenreicher Geist\u201d, w\u00fcrdigte der Historiker Felipe Pigna seinen verstorbenen Kollegen.<\/p>\n","protected":false},"excerpt":{"rendered":"<p>F\u00e9lix Luna gestorben Von Marcus Christoph Er galt als Gro\u00dfmeister der argentinischen Geschichtsschreibung: F\u00e9lix Luna, der am Donnerstag nach langer Krankheit im Alter von 84 Jahren in seiner Geburtsstadt Buenos Aires verstorben ist. \u201cDie Historiker wirken an der Bildung der Seele einer Nation mit und sind eine emotionale St\u00fctze der Gesellschaft\u201d, sagte Luna, der politisch [&hellip;]<\/p>\n","protected":false},"author":1,"featured_media":0,"comment_status":"open","ping_status":"open","sticky":false,"template":"","format":"standard","meta":{"footnotes":""},"categories":[1,10],"tags":[],"class_list":["post-2009","post","type-post","status-publish","format-standard","hentry","category-allgemein-general","category-off-topic"],"_links":{"self":[{"href":"https:\/\/kunstinargentinien.com\/index.php\/wp-json\/wp\/v2\/posts\/2009","targetHints":{"allow":["GET"]}}],"collection":[{"href":"https:\/\/kunstinargentinien.com\/index.php\/wp-json\/wp\/v2\/posts"}],"about":[{"href":"https:\/\/kunstinargentinien.com\/index.php\/wp-json\/wp\/v2\/types\/post"}],"author":[{"embeddable":true,"href":"https:\/\/kunstinargentinien.com\/index.php\/wp-json\/wp\/v2\/users\/1"}],"replies":[{"embeddable":true,"href":"https:\/\/kunstinargentinien.com\/index.php\/wp-json\/wp\/v2\/comments?post=2009"}],"version-history":[{"count":0,"href":"https:\/\/kunstinargentinien.com\/index.php\/wp-json\/wp\/v2\/posts\/2009\/revisions"}],"wp:attachment":[{"href":"https:\/\/kunstinargentinien.com\/index.php\/wp-json\/wp\/v2\/media?parent=2009"}],"wp:term":[{"taxonomy":"category","embeddable":true,"href":"https:\/\/kunstinargentinien.com\/index.php\/wp-json\/wp\/v2\/categories?post=2009"},{"taxonomy":"post_tag","embeddable":true,"href":"https:\/\/kunstinargentinien.com\/index.php\/wp-json\/wp\/v2\/tags?post=2009"}],"curies":[{"name":"wp","href":"https:\/\/api.w.org\/{rel}","templated":true}]}}