{"id":20323,"date":"2014-12-20T17:29:43","date_gmt":"2014-12-20T20:29:43","guid":{"rendered":"http:\/\/kunstinargentinien.com\/?p=20323"},"modified":"2014-12-21T17:47:36","modified_gmt":"2014-12-21T20:47:36","slug":"kalender-agenda-435","status":"publish","type":"post","link":"https:\/\/kunstinargentinien.com\/index.php\/2014\/12\/20\/kalender-agenda-435\/","title":{"rendered":"Kalender \/ Agenda"},"content":{"rendered":"<p><a href=\"http:\/\/kunstinargentinien.com\/index.php\/2014\/12\/20\/agenda-kalender-424\/\">Click aqu\u00ed\u00ad para leer la versi\u00f3n en castellano.<\/a><\/p>\n<p><strong>Ausstellungskalender vom 20\/12\/2014<\/p>\n<p><em>Von Susanne Franz<\/em><\/strong><\/p>\n<p><a href=\"http:\/\/kunstinargentinien.com\/wp-content\/uploads\/2014\/12\/arbol.jpg\"><img loading=\"lazy\" decoding=\"async\" src=\"http:\/\/kunstinargentinien.com\/wp-content\/uploads\/2014\/12\/arbol.jpg\" alt=\"arbol\" width=\"250\" height=\"188\" class=\"alignright size-full wp-image-20341\" \/><\/a>Am heutigen Samstag, dem 20. Dezember, um 11 Uhr, wird auf der Fu\u00dfg\u00e4ngerzone Florida im Herzen von Buenos Aires die Skulptur &#8220;\u00c1rbol de los deseos&#8221; (Baum der W\u00fcnsche) der argentinischen K\u00fcnstlerin Marta Minuj\u00edn eingeweiht. Der kleine Platz &#8220;Plazoleta Juvenilia&#8221; am Eingang in die Fu\u00dfgangerzone &#8211; nahe der Plaza San Mart\u00edn &#8211; soll ab sofort die erste Station eines neuen Kunst-Rundganges auf der Calle Florida sein. Das farbenfrohe, 10 Meter hohe Werk Minuj\u00edns l\u00e4dt die B\u00fcrger und Besucher der Stadt Buenos Aires ein, ihren W\u00fcnschen und Zielen f\u00fcr das Jahr 2015 Ausdruck zu verleihen. Neben dem Baum befindet sich ein Briefkasten, in den diese Botschaften eingeworfen werden k\u00f6nnen.<\/p>\n<p>Die monumentale Skulptur ist aufblasbar und kann auch wieder &#8220;zusammengefaltet&#8221; werden. Mit ihren fr\u00f6hlichen Farben soll sie die &#8220;Ankunft der Kunst&#8221; und die Verabschiedung des Jahres mit einem Geschenk f\u00fcr die Stadt symbolisieren. Es ist geplant, das Kunstwerk auch in den kommenden Jahren an Weihnachten &#8220;wiederauferstehen&#8221; zu lassen.<\/p>\n<p>Der &#8220;\u00c1rbol de los deseos&#8221; ist das erste Werk eines geplanten Kunst-Rundganges f\u00fcr das Jahr 2015. Im Laufe des kommenden Jahres werden 30 K\u00fcnstler ihre Werke, Botschaften und Farben entlang der Calle Florida pr\u00e4sentieren. Die Idee, die Fu\u00dfg\u00e4ngerzone als Kunstort zu verwenden, stammt vom Verein der Freunde und F\u00f6rderer der Calle Florida (Asociaci\u00f3n Amigos de la Calle Florida) und wird vom Kulturministerium und dem Ministerium f\u00fcr den \u00f6ffentlichen Raum der Stadt unterst\u00fctzt. Ziel ist, den gro\u00dfen k\u00fcnstlerischen Reichtum der Stadt sichtbar zu machen.<\/p>\n<p>2015 werden also auf den Pl\u00e4tzen, in den Schaufenstern, an den W\u00e4nden und auf den B\u00fcrgersteigen der Calle Florida Interventionen von bedeutenden argentinischen K\u00fcnstlern zu finden sein, darunter, neben Marta Minuj\u00edn, Gyula Kosice, Edgardo Gim\u00e9nez, Marcos Zimmermann, Ernesto Ballesteros, Dino Bruzzone, Andr\u00e9s Paredes, Julia Masvernat, Marina De Caro, Elisa Strada, Juan Gatti, Nicanor Ar\u00e1oz, Rosana Schoijett, Delia Cancela, Juan Stoppani, Eduardo Costa, Mariela Scafati, Flavia Da Rin, Diana Aisenberg, Silvia Gurfein, Fabiana Imola, Jorge Mi\u00f1o, Anna Lisa Marjak, Pablo Lozano, Ver\u00f3nica Di Toro, Facundo De Zuvir\u00eda, Silvia Rivas, Silvana Lacarra, Hern\u00e1n Marina, Marula Di Como &#038; Cristian Dios, Daniel Kiblisky, Esteban Pastorino und Alberto Goldenstein.<\/p>\n<p>Das Projekt wurde von Gabriela Urtiaga und Ana Mart\u00ednez Quijano kuratiert und m\u00f6chte ein Zeichen setzen: es m\u00f6chte erreichen, dass die Zeit auf dieser hektischen Fu\u00dfg\u00e4ngerzone f\u00fcr einen Moment zum Stillstand kommt, dass ein Moment des Innehaltens stattfindet, in dem der Betrachter eines jeweiligen Kunstwerkes eine Atempause geschenkt bekommt, einen kleinen Augenblick in der Gegenwart, in dem er zur\u00fcckblicken und auch nach vorne, in die Zukunft, schauen kann.<\/p>\n<p>Die Einweihung des fr\u00f6hlichen &#8220;\u00c1rbol de los deseos&#8221; ist heute, Samstag, 20. Dezember, um 11 Uhr, an der Plazoleta Juvenilia, Florida 1000.<\/p>\n<p>Die Ausstellungen der Woche:<!--more--><\/p>\n<ul>\n<li><a href=\"http:\/\/agendacultural.buenosaires.gob.ar\/evento\/munecas-antiguas-en-la-casa-fernandez-blanco\/5094\">Casa Fern\u00e1ndez Blanco<\/a>, Hip\u00f3lito Yrigoyen 1420, Buenos Aires (Di-Fr 12-18, Sa und So 11-17 Uhr. feiertags geschlossen. Eintritt 2 Pesos, Mi und Do gratis): <a href=\"http:\/\/kunstinargentinien.com\/index.php\/2014\/07\/24\/ein-haus-voller-geschichten\/\">&#8220;Hab\u00eda una vez&#8230;, mu\u00f1ecas y juguetes 1870\u20131940. Colecci\u00f3n de Mabel y Mar\u00eda Castellano Fotheringham&#8221; (Es war einmal&#8230;, Puppen und Spielzeug aus den Jahren 1870 bis 1940. Sammlung Mabel und Mar\u00eda Castellano Fotheringham).<\/a> Dauerausstellung.<\/li>\n<li><a href=\"http:\/\/www.centroculturalrecoleta.org\/nuevositio\/\">Centro Cultural Recoleta<\/a>, Jun\u00edn 1930, Buenos Aires (Di-Fr 13.30-20.30, Sa, So und feiertags 11.30-20.30 Uhr, montags geschlossen. Eintritt frei): Jorge Demirjian, &#8220;La persistencia del deseo&#8221;, Gem\u00e4lde. Cronopios-Saal. 14.11.-Februar 2015. \/ C\u00e9sar Pelli, Bilder seiner j\u00fcngsten Konstruktionen, Modelle, Fotos der Architekten seines Studios und Vorstellung ihrer Arbeitsweise, in Argentinien realisierte Projekte. Saal J. Seit 14.11. \/ Marcelo Hepp, &#8220;Espacio intangible&#8221;, Skulpturen. Saal 8. 10.12.-1.2.2015. \/ Claudio Larrea, &#8220;El amante de Buenos Aires&#8221;, Fotos. Saal 4. 10.12.-8.2.2015. \/ Dora Isdatne, &#8220;Savia&#8221;, Skulpturen. Saal C. Seit 11.12.<\/li>\n<li>Centro de Arte Contempor\u00e1neo (CAC) des Museums der Universidad Nacional de Tres de Febrero, Av. Ant\u00e1rtida Argentina 1355, Buenos Aires (Di-So 11-20 Uhr): Hito Steyerl (Deutschland), Videoinstallation &#8220;How not to be seen. A fucking didactic educational.MOV file&#8221;. Im Rahmen der Biennale &#8220;Imagen en Movimiento&#8221; (BIM). 20.11.-21.12. Infos auf der <a href=\"http:\/\/www.goethe.de\/ins\/ar\/de\/bue\/ver.cfm?fuseaction=events.detail&#038;event_id=20438480\">Webseite des Goethe-Instituts<\/a>.<\/li>\n<li><a href=\"http:\/\/www.coleccionfortabat.org.ar\/\">Colecci\u00f3n de Arte Amalia Lacroze de Fortabat<\/a>, Olga Cossetini 141, Puerto Madero, Buenos Aires (Di-So 12-20 Uhr, Mo geschlossen. Eintritt: 50 Pesos, 25 Pesos f\u00fcr Kinder unter 12, Rentner, Studenten und Lehrer, Mi 25 Pesos und gratis f\u00fcr Kinder unter 12, Rentner, Studenten und Lehrer mit Ausweis): Sammlung des Museums. S\u00e4le 1. und 2. Untergeschoss. \/ &#8220;No\u00e9, Siglo XXI&#8221;, Gem\u00e4lde. F\u00fchrungen: Di-So 17 Uhr. Saal 1. Stock. 22.10.-1.2.2015. \/ Duo &#8220;Splash in Vitraux&#8221; (Ernesto Arellano &#038; Manuel Ameztoy), &#8220;Yeso&#8221;. Saal 2. Stock. 22.10.-1.2.2015. \/ Nushi Muntaabski, &#8220;Los Viajes de Nushi&#8221;. &#8220;Plaza Seca&#8221;. 13.11.-22.2.2015.<\/li>\n<li><a href=\"http:\/\/elculturalsanmartin.org\/\">El Cultural San Mart\u00edn<\/a>, Sarmiento 1551, Buenos Aires (Mo-So 14-21 Uhr): Juan Batalla, &#8220;Planetario&#8221;. 9.12.-28.2.2015.<\/li>\n<li><a href=\"http:\/\/www.artefundacionosde.com.ar\/BO\/home.asp\">Espacio de Arte Fundaci\u00f3n Osde<\/a>, Suipacha 658, 1. Stock, Buenos Aires (Mo-Sa 12-20 Uhr. Eintritt frei): Ram\u00f3n G\u00f3mez Cornet, &#8220;Ladr\u00f3n del fuego &#8211; Fotograf\u00eda &#038; Modernidad&#8221;, Fotos, Graphiken, Zeichnungen und Gem\u00e4lde. Kurator: Sebasti\u00e1n L\u00f3pez. 6.11.-10.1.2015.<\/li>\n<li>Espacio Fundaci\u00f3n Telef\u00f3nica, Arenales 1540, Buenos Aires (Mo-Sa 14-20.30 Uhr. Eintritt frei): &#8220;Ecosistema de la Comunicaci\u00f3n&#8221;. Kurator: Marcello Dantas. 3.7.-30.11.2015. \/ Hern\u00e1n Marina, &#8220;Hermes, el Mensajero&#8221;, Intervention der Fassade. 3.7.-31.12.<\/li>\n<li><a href=\"http:\/\/www.proa.org\/esp\/\">Fundaci\u00f3n Proa<\/a>, Pedro de Mendoza 1929, La Boca, Buenos Aires (Di-So 11-19 Uhr, montags geschlossen. Eintritt 20 Pesos, Rentner 10 Pesos, Studenten 5 Pesos; dienstags gratis f\u00fcr Studenten): Cai Guo-Qiang (China), speziell f\u00fcr Argentinien geschaffene Werke (Zeichnungen aus Schie\u00dfpulver und Site-specific-Werke), und eine Retrospektive seiner &#8220;explosion projects&#8221;, die er seit den 1990er-Jahren weltweit durchf\u00fchrt (in Videos). Am 24. Januar 2015 wird Cai eins seiner &#8220;explosion projects&#8221; mit Feuerwerken \u00fcber der Vuelta de Rocha durchf\u00fchren, in Zusammenarbeit mit der Stadt Buenos Aires. 13.12.-M\u00e4rz 2015.<\/li>\n<li><a href=\"https:\/\/es-la.facebook.com\/gachiprietogallery\">Gachi Prieto Gallery<\/a>, Aguirre 1017, Villa Crespo, Buenos Aires (Mo-Fr 13-20 Uhr): Maxi Rossini, &#8220;Ejercicios&#8221;. Kuratorin: Ver\u00f3nica G\u00f3mez. 29.11.-30.12.<\/li>\n<li><a href=\"http:\/\/www.malba.org.ar\/web\/\">Malba<\/a> (Museo de Arte Latinoamericano de Buenos Aires), Av. Figueroa Alcorta 3415, Buenos Aires (Do-Mo und feiertags 12-20, Mi bis 21 Uhr, dienstags geschlossen. Eintritt 60 Pesos; Studenten, Lehrer, Rentner oder \u00fcber 65-J\u00e4hrige mit g\u00fcltigem Ausweis 30 Pesos. Behinderte: gratis; Kinder unter 5: gratis. Mi: Eintritt 30 Pesos; Studenten, Lehrer und Rentner mit g\u00fcltigem Ausweis: gratis. Behinderte: gratis): &#8220;Arte latinoamericano siglo XX&#8221; (Lateinamerikanische Kunst des 20. Jahrhunderts). Rundgang durch die Sammlung des Museums. Dauerausstellung. \/ Antonio Berni, &#8220;Juanito y Ramona&#8221;. 150 Werke, geschaffen zwischen 1956 und 1978, die aus der Sammlung der Familie des K\u00fcnstlers sowie bedeutenden \u00f6ffentlichen und privaten Sammlungen aus Argentinien, den USA, Spanien und Belgien stammen. Kuratoren: Mari Carmen Ram\u00edrez und Marcelo Pacheco. 30.10.-23.2.2015.<\/li>\n<li><a href=\"http:\/\/www.ic.gba.gov.ar\/mar\/institucional\/2.php\">MAR<\/a> (Museo de Arte Contempor\u00e1neo de Mar del Plata), Av. Camet Ecke L\u00f3pez de Gomara, Mar del Plata, Provinz Buenos Aires, Argentinien (Mo, Di und Do 11-19, Fr, Sa und So 11-21 Uhr. Mi geschlossen. Eintritt frei) und andere Kunst-Orte in Mar del Plata: IV. Ausgabe der &#8220;Bienal Internacional de Arte Contempor\u00e1neo del Fin del Mundo&#8221; unter dem Motto &#8220;Contrastes &#038; Utop\u00edas&#8221;\u009d, Werke von \u00fcber 150 K\u00fcnstlern aus 35 L\u00e4ndern der f\u00fcnf Kontinente. 12.12.-22.2.2015. Weitere Infos (auf Spanisch) <a href=\"http:\/\/bienaldelfindelmundo.org\/iv-edicion-2014-2015\/\"><em>hier<\/em><\/a>.<\/li>\n<li><a href=\"http:\/\/untref.edu.ar\/muntref\/\">MUNTREF<\/a> (Museo de la Universidad Nacional de Tres de Febrero), Valent\u00edn G\u00f3mez 4838, Caseros, Provinz Buenos Aires (Di-So 11-20 Uhr): &#8220;Estrategias de la mirada: Heinrich in\u00e9dita&#8221; (Strategien und Blickwinkel: Die unver\u00f6ffentlichte Heinrich), unver\u00f6ffentlichte Werke der deutschen Fotografin Annemarie Heinrich (1912-2005). Bis 31.05.2015.<\/li>\n<li><a href=\"http:\/\/www.macba.com.ar\/\">Museo de Arte Contempor\u00e1neo (MACBA)<\/a>, Av. San Juan 328, Buenos Aires (Mo-Fr 12-19, Sa und So 11-19.30 Uhr. Dienstags geschlossen. Eintritt: 30 Pesos. Studenten, Lehrer und Rentner oder \u00fcber 65-J\u00e4hrige: 20 Pesos. Kinder unter 12: gratis. Mi: 20 Pesos; Studenten, Lehrer und Rentner oder \u00fcber 65-J\u00e4hrige sowie Kinder unter 12: gratis): &#8220;Cromofobia&#8221;, Schwarz-Wei\u00df-Werke von Leandro Katz, Horacio Zabala, Lucio Dorr, Silvana Lacarra, Andr\u00e9s Sobrino, Jorge Mi\u00f1o, Ivana Vollaro, Pablo Accinelli, Nicol\u00e1s Mastracchio, Marcela Sinclair, Tom\u00e1s Espina, Mat\u00edas Duville, Mathieu Mercier, Marcolina Dipierro, Alfio Demestre, Eduardo Basualdo, Guido Yannitto, Erica Bohm, Malena Pizani, Mariano Vilela und K\u00fcnstlern der Sammlung des MACBA: Anna Mar\u00eda Maiolino, Asc\u00e2nio MMM, Knopp Ferro, Jo\u00e3o Costa da Silva, Lothar Charoux, Rogelio Polesello, Beto de Volder, Pilar Ferreira, Manuel \u00c1lvarez, Jo\u00e3o Carlos Galv\u00e3o und Ra\u00fal Lozza. Kuratorin: Teresa Riccardi. 15.11.-1.3.2015.<\/li>\n<li><a href=\"http:\/\/museos.buenosaires.gob.ar\/larreta.htm\">Museo de Arte Espa\u00f1ol &#8220;Enrique Larreta&#8221;<\/a>, Av. Juramento 2291, Buenos Aires (Mo-Fr 13-19, Sa, So und feiertags 10-20 Uhr. Eintritt: 5 Pesos, Do gratis): &#8220;Jos\u00e9 Bonomi y El S\u00e9ptimo C\u00edrculo&#8221;. Kuratoren: Ricardo Valerga und Patricia Nobilia. Bis 30.12.<\/li>\n<li><a href=\"http:\/\/museos.buenosaires.gob.ar\/hernandez.htm\">Museo de Arte Popular Jos\u00e9 Hern\u00e1ndez<\/a>, Av. del Libertador 2373, Buenos Aires + <a href=\"http:\/\/museos.buenosaires.gob.ar\/mifb.htm\">Museo de Arte Hispanoamericano Isaac Fern\u00e1ndez Blanco<\/a>, Suipacha 1422, Buenos Aires (Di-Fr 13-19, Sa, So und feiertags 10-20 Uhr. Montag geschlossen. Mi Eintritt frei, sonst 20 Pesos): &#8220;Grandes Maestros del Arte Popular de Iberoam\u00e9rica&#8221; (Meister der Volkskunst Iberoamerikas), Wanderausstellung. 28.8.-Januar 2015.<\/li>\n<li><a href=\"http:\/\/www.mnba.gob.ar\/\">Museo Nacional de Bellas Artes (MNBA)<\/a>, Av. del Libertador 1473, Buenos Aires (Di-Fr 11.30-19.30, Sa und So 9.30-20.30 Uhr. Eintritt frei): &#8220;El Greco y la pintura de lo imposible. 400 a\u00f1os despu\u00e9s.&#8221; 28.10.-15.1.2015.<\/li>\n<li><a href=\"http:\/\/www.parquedelamemoria.org.ar\/\">Parque de la Memoria<\/a>, PAyS-Saal, Av. Costanera Norte, Rafael Obligado 6745, neben &#8220;Ciudad Universitaria&#8221;, Buenos Aires (Mo-Fr 10-17, an Wochenenden und Feiertagen 12-18 Uhr. Eintritt frei): Alfredo Jaar, &#8220;Estudios sobre la Felicidad&#8221;. 21.11.-1.3.2015.<\/li>\n<li>Plazoleta Juvenilia, Florida 1000, Buenos Aires: Marta Minuj\u00edn, &#8220;\u00c1rbol de los deseos&#8221; (Baum der W\u00fcnsche), farbenfrohe, 10 Meter hohe, aufblasbare Skulptur. Kuratorinnen: Gabriela Urtiaga und Ana Mart\u00ednez Quijano. Von der Asociaci\u00f3n Amigos de la Calle Florida mit der Unterst\u00fctzung des Kulturministeriums und des Ministeriums f\u00fcr den \u00f6ffentlichen Raum der Stadt Buenos Aires orgsnisiertes Projekt. Seit 20.12.<\/li>\n<\/ul>\n","protected":false},"excerpt":{"rendered":"<p>Click aqu\u00ed\u00ad para leer la versi\u00f3n en castellano. Ausstellungskalender vom 20\/12\/2014 Von Susanne Franz Am heutigen Samstag, dem 20. Dezember, um 11 Uhr, wird auf der Fu\u00dfg\u00e4ngerzone Florida im Herzen von Buenos Aires die Skulptur &#8220;\u00c1rbol de los deseos&#8221; (Baum der W\u00fcnsche) der argentinischen K\u00fcnstlerin Marta Minuj\u00edn eingeweiht. Der kleine Platz &#8220;Plazoleta Juvenilia&#8221; am Eingang [&hellip;]<\/p>\n","protected":false},"author":1,"featured_media":0,"comment_status":"open","ping_status":"open","sticky":false,"template":"","format":"standard","meta":{"footnotes":""},"categories":[3],"tags":[],"class_list":["post-20323","post","type-post","status-publish","format-standard","hentry","category-kalender-agenda"],"_links":{"self":[{"href":"https:\/\/kunstinargentinien.com\/index.php\/wp-json\/wp\/v2\/posts\/20323","targetHints":{"allow":["GET"]}}],"collection":[{"href":"https:\/\/kunstinargentinien.com\/index.php\/wp-json\/wp\/v2\/posts"}],"about":[{"href":"https:\/\/kunstinargentinien.com\/index.php\/wp-json\/wp\/v2\/types\/post"}],"author":[{"embeddable":true,"href":"https:\/\/kunstinargentinien.com\/index.php\/wp-json\/wp\/v2\/users\/1"}],"replies":[{"embeddable":true,"href":"https:\/\/kunstinargentinien.com\/index.php\/wp-json\/wp\/v2\/comments?post=20323"}],"version-history":[{"count":11,"href":"https:\/\/kunstinargentinien.com\/index.php\/wp-json\/wp\/v2\/posts\/20323\/revisions"}],"predecessor-version":[{"id":20356,"href":"https:\/\/kunstinargentinien.com\/index.php\/wp-json\/wp\/v2\/posts\/20323\/revisions\/20356"}],"wp:attachment":[{"href":"https:\/\/kunstinargentinien.com\/index.php\/wp-json\/wp\/v2\/media?parent=20323"}],"wp:term":[{"taxonomy":"category","embeddable":true,"href":"https:\/\/kunstinargentinien.com\/index.php\/wp-json\/wp\/v2\/categories?post=20323"},{"taxonomy":"post_tag","embeddable":true,"href":"https:\/\/kunstinargentinien.com\/index.php\/wp-json\/wp\/v2\/tags?post=20323"}],"curies":[{"name":"wp","href":"https:\/\/api.w.org\/{rel}","templated":true}]}}