{"id":2033,"date":"2009-11-16T08:04:34","date_gmt":"2009-11-16T11:04:34","guid":{"rendered":"http:\/\/kunstinargentinien.com\/index.php\/2009\/11\/16\/endlich-wieder-oper\/"},"modified":"2009-11-27T20:45:38","modified_gmt":"2009-11-27T23:45:38","slug":"endlich-wieder-oper","status":"publish","type":"post","link":"https:\/\/kunstinargentinien.com\/index.php\/2009\/11\/16\/endlich-wieder-oper\/","title":{"rendered":"Endlich wieder Oper"},"content":{"rendered":"<p><strong>Teatro Col\u00f3n gab Wiederer\u00f6ffnung bekannt<\/p>\n<p><em>Von Nils Witte<\/em><\/strong><\/p>\n<p><img decoding=\"async\" id=\"image2053\" alt=bari111.jpg src=\"http:\/\/kunstinargentinien.com\/wp-content\/uploads\/2009\/11\/bari111.jpg\" align=right hspace=5 \/>Am 25. Mai 2010 \u00f6ffnet das Teatro Col\u00f3n. Nachdem das 1908 erbaute Theater zu seinem 100. Geburtstag geschlossen bleiben musste, wurde jetzt die Wiederer\u00f6ffnung bekannt gegeben. P\u00fcnktlich zum 200. Jahrestag der Unabh\u00e4ngigkeit Argentiniens sollen die Renovierungs- und Restaurierungsarbeiten beendet sein. Mit Tschaikowskys \u201cSchwanensee\u201d und Puccinis \u201cLa Boh\u00e8me\u201d wird in einer Gala am 25. Mai die B\u00fchne eingeweiht.<!--more--><\/p>\n<p>Am Abend des 10. November lud die Stadt gut 300 G\u00e4ste aus Politik und Wirtschaft ins Hotel Panamericano, um die frohe Botschaft zu verk\u00fcnden. Regierungschef Mauricio Macri unterstrich, dass die wichtigsten Aufgaben der \u00f6ffentlichen Hand Bildung und Gesundheit seien. Die hohen Ausgaben f\u00fcr das Teatro Col\u00f3n halte er dennoch f\u00fcr gerechtfertigt und wichtig. Macri bezeichnete das seit 2006 geschlossene Theater als \u201cWahrzeichen\u201d der Stadt Buenos Aires. Der K\u00fcnstlerische Leiter des Teatro Col\u00f3n, Pedro Pablo Garc\u00eda Caffi, \u00e4u\u00dferte gar die Hoffnung, die argentinische Nation m\u00f6ge durch die Wiederer\u00f6ffnung \u201cihren Stolz zur\u00fcckgewinnen\u201d. Daher sei es wichtig, dass es argentinische Restaurateure und Handwerker sind, die das Col\u00f3n wiederaufbauen.<\/p>\n<p>Als \u201chistorischen Schritt\u201d bezeichnete der Kabinettsvorsitzende Horacio Rodr\u00edguez Larreta die Wiederinstandsetzung und bedankte sich bei allen Beteiligten f\u00fcr die schnelle Organisation und Vorbereitung der neuen Opern- und Konzertsaison.<\/p>\n<p>In einem Film gab Garc\u00eda Caffi einen Ausblick auf die kommende Saison. Oper, Ballett und Konzerte stehen auf dem Programm. Insgesamt 183 Veranstaltungen versprechen ein lebendiges Teatro Col\u00f3n nach \u00fcber drei Jahren Stille. K\u00fcnstler aus aller Welt werden das ehrw\u00fcrdige Haus besuchen, darunter Weltstars wie der ungarische Pianist Andr\u00e1s Schiff, der amerikanisch-chinesische Cellist Yo-Yo-Ma oder das M\u00fcnchner Philharmonie-Orchester unter Leitung von Zubin Mehta. Auch das Guadagnini-Cello der aus C\u00f3rdoba stammenden, in der Schweiz lebenden Sol Gabetta wird im Col\u00f3n zu h\u00f6ren sein.<\/p>\n<p>Buenos Aires darf sich au\u00dferdem auf den Besuch seines Sohnes Daniel Barenboim freuen, der im August gleich zwei Mal gastieren wird, zum einen mit dem Chor und Orchester des Mail\u00e4nder Teatro alla Scala, zum anderen mit seinem jungen Vorzeigeprojekt West-\u00d6stliches Diwan Orchester. Im Fr\u00fchling n\u00e4chsten Jahres beehrt auch die am New Yorker American Ballet Theatre aktive Ballerina Paloma Herrera ihre Heimatstadt.<\/p>\n<p>Die originalgetreu mit rotem Samt bezogenen 2600 Pl\u00e4tze werden sich jedoch sicher auch f\u00fcllen, wenn vergleichsweise Unbekannte ebenfalls hervorragende Musiker zu Gast sind, wie der Badener Solo-Trompeter Reinhold Friedrich, der \u00f6sterreichische Dirigent G\u00fcnther Neuhold oder sein Landsmann Pianist Rudolf Buchbinder.<\/p>\n<p>Musikliebhaber, die gerne Neues entdecken wollen, sollten au\u00dferdem unbedingt einen Blick in das Programm des Centro de Experimentaci\u00f3n werfen. Hier wird Musik und Tanz moderner Komponisten und Choreographen zu sehen und zu h\u00f6ren sein.<\/p>\n<p>Karten und Abonnements sind erstmals ab dem heutigen 16. November erh\u00e4ltlich. Die bekanntesten K\u00fcnstler werden im Rahmen des \u201cAbono Bicentenario\u201d (Zweihundertjahrfeier-Abo) zu sehen sein.<\/p>\n<p>Am Rande des Sektempfangs war bereits ein Orchester zu h\u00f6ren. Allerdings aus unerfreulichem Anlass: Das Orquesta Acad\u00e9mica del Teatro Col\u00f3n darf seit November letzten Jahres nicht mehr dort spielen. Nach \u00fcber zehn Jahren beendete der neue Leiter Garc\u00eda Caffi die Kooperation und setzte das international besetzte Orchester auf die Stra\u00dfe. Jetzt hofft die \u00fcberwiegend mit Absolventen besetzte Gruppe auf eine Fortsetzung der Zusammenarbeit. Die jungen Musiker hatten die Aufnahmepr\u00fcfung f\u00fcr das laufende Jahr bereits bestanden.<\/p>\n<div align=center><img decoding=\"async\" id=\"image2037\" alt=bari1.jpg src=\"http:\/\/kunstinargentinien.com\/wp-content\/uploads\/2009\/11\/bari1.jpg\" \/><br \/>\n<em>Daniel Barenboim mit dem West-\u00d6stlichen Diwan Orchester.<br \/>\n<\/em><\/div>\n","protected":false},"excerpt":{"rendered":"<p>Teatro Col\u00f3n gab Wiederer\u00f6ffnung bekannt Von Nils Witte Am 25. Mai 2010 \u00f6ffnet das Teatro Col\u00f3n. Nachdem das 1908 erbaute Theater zu seinem 100. Geburtstag geschlossen bleiben musste, wurde jetzt die Wiederer\u00f6ffnung bekannt gegeben. P\u00fcnktlich zum 200. Jahrestag der Unabh\u00e4ngigkeit Argentiniens sollen die Renovierungs- und Restaurierungsarbeiten beendet sein. Mit Tschaikowskys \u201cSchwanensee\u201d und Puccinis \u201cLa Boh\u00e8me\u201d [&hellip;]<\/p>\n","protected":false},"author":1,"featured_media":0,"comment_status":"open","ping_status":"open","sticky":false,"template":"","format":"standard","meta":{"footnotes":""},"categories":[1,10],"tags":[],"class_list":["post-2033","post","type-post","status-publish","format-standard","hentry","category-allgemein-general","category-off-topic"],"_links":{"self":[{"href":"https:\/\/kunstinargentinien.com\/index.php\/wp-json\/wp\/v2\/posts\/2033","targetHints":{"allow":["GET"]}}],"collection":[{"href":"https:\/\/kunstinargentinien.com\/index.php\/wp-json\/wp\/v2\/posts"}],"about":[{"href":"https:\/\/kunstinargentinien.com\/index.php\/wp-json\/wp\/v2\/types\/post"}],"author":[{"embeddable":true,"href":"https:\/\/kunstinargentinien.com\/index.php\/wp-json\/wp\/v2\/users\/1"}],"replies":[{"embeddable":true,"href":"https:\/\/kunstinargentinien.com\/index.php\/wp-json\/wp\/v2\/comments?post=2033"}],"version-history":[{"count":0,"href":"https:\/\/kunstinargentinien.com\/index.php\/wp-json\/wp\/v2\/posts\/2033\/revisions"}],"wp:attachment":[{"href":"https:\/\/kunstinargentinien.com\/index.php\/wp-json\/wp\/v2\/media?parent=2033"}],"wp:term":[{"taxonomy":"category","embeddable":true,"href":"https:\/\/kunstinargentinien.com\/index.php\/wp-json\/wp\/v2\/categories?post=2033"},{"taxonomy":"post_tag","embeddable":true,"href":"https:\/\/kunstinargentinien.com\/index.php\/wp-json\/wp\/v2\/tags?post=2033"}],"curies":[{"name":"wp","href":"https:\/\/api.w.org\/{rel}","templated":true}]}}