{"id":2049,"date":"2009-11-21T09:10:35","date_gmt":"2009-11-21T12:10:35","guid":{"rendered":"http:\/\/kunstinargentinien.com\/index.php\/2009\/11\/22\/carlos-2\/"},"modified":"2009-11-21T12:50:32","modified_gmt":"2009-11-21T15:50:32","slug":"carlos-2","status":"publish","type":"post","link":"https:\/\/kunstinargentinien.com\/index.php\/2009\/11\/21\/carlos-2\/","title":{"rendered":"Wahrheit ist so eine Sache"},"content":{"rendered":"<p><strong>Carlos Fuentes stellte im Malba sein neues Buch vor<\/p>\n<p><em>Von Nils Witte<\/em><\/strong><\/p>\n<table align=left>\n<tr>\n<td align=center>\n<p><img decoding=\"async\" id=\"image2050\" alt=fuentes11.jpg src=\"http:\/\/kunstinargentinien.com\/wp-content\/uploads\/2009\/11\/fuentes11.jpg\" \/><br \/>\nCarlos Fuentes im Malba.<br \/>\n<em>(Foto: Max Neufeind)<\/em><\/td>\n<\/tr>\n<\/table>\n<p>Am Donnerstag beehrte der mexikanische Schriftsteller Carlos Fuentes Buenos Aires. Er war gekommen, um seinen neuen Roman \u201cAd\u00e1n en Ed\u00e9n\u201d vorzustellen. Im Gespr\u00e4ch mit der Kritikerin Silvia Hopenhayn, dem Direktor der Zeitung \u201cLa Naci\u00f3n\u201d Jos\u00e9 Claudio Escribano und dem Politikwissenschaftler Natalio Botana lotete er die Zusammenh\u00e4nge zwischen Literatur und Journalismus aus. Einer der gr\u00f6\u00dften Unterschiede sei der Bezug zur Wahrheit, der in der Literatur zweideutig bleiben d\u00fcrfe.<!--more--><\/p>\n<p>Auch im Journalismus gebe es allerdings keine Wahrheit. \u201cWenn jemand sagt: Das ist die Wahrheit! Dann ist es Diktatur\u201d, widersprach Fuentes der heute hoff\u00e4higen Auffassung, Literatur sei verzichtbar.<\/p>\n<p>Die Beziehung von Fiktion und Wahrheit erl\u00e4uterte er anhand einer Anekdote aus dem Leben seines Freundes Gabriel Garc\u00eda M\u00e1rquez. Als der Autor von \u201c100 Jahre Einsamkeit\u201d Redaktionschef einer kleinen Zeitung in Kolumbien war, rief man ihn nach Redaktionsschluss an und setzte ihm auseinander, die erste Seite m\u00fcsse neu geschrieben werden, es sei etwas Besonderes passiert. \u201cWas kann denn so besonders sein?\u201d, fragte Garc\u00eda M\u00e1rquez darauf \u00fcberrascht. \u201cDer Konsul von Japan ist gestorben\u201d, gab man ihm zur Antwort. Der Nobelpreistr\u00e4ger wehrte ab: \u201cDaf\u00fcr lohnt es nicht, die erste Seite neu zu machen.\u201d &#8211; \u201cAber: er ist von einem Krokodil gefressen worden!\u201d Die Geschichte verbildliche die Beziehung von Fiktion und Wahrheit, wie auch die zwischen Journalismus und Roman.<\/p>\n<p>Der 81-j\u00e4hrige Fuentes f\u00fcllte nicht nur den Lesesaal des Museo de Arte Latinoamericano (Malba), zus\u00e4tzlich wurde die Lesung auf eine Leinwand vor dem Saal \u00fcbertragen, weil viele nicht in die Gratis-Vorstellung hineingekommen waren. Am Ende bildete sich vorm Signiertisch eine Schlange bis ins Foyer.<\/p>\n","protected":false},"excerpt":{"rendered":"<p>Carlos Fuentes stellte im Malba sein neues Buch vor Von Nils Witte Carlos Fuentes im Malba. (Foto: Max Neufeind) Am Donnerstag beehrte der mexikanische Schriftsteller Carlos Fuentes Buenos Aires. Er war gekommen, um seinen neuen Roman \u201cAd\u00e1n en Ed\u00e9n\u201d vorzustellen. Im Gespr\u00e4ch mit der Kritikerin Silvia Hopenhayn, dem Direktor der Zeitung \u201cLa Naci\u00f3n\u201d Jos\u00e9 Claudio [&hellip;]<\/p>\n","protected":false},"author":1,"featured_media":0,"comment_status":"open","ping_status":"open","sticky":false,"template":"","format":"standard","meta":{"footnotes":""},"categories":[1,10],"tags":[],"class_list":["post-2049","post","type-post","status-publish","format-standard","hentry","category-allgemein-general","category-off-topic"],"_links":{"self":[{"href":"https:\/\/kunstinargentinien.com\/index.php\/wp-json\/wp\/v2\/posts\/2049","targetHints":{"allow":["GET"]}}],"collection":[{"href":"https:\/\/kunstinargentinien.com\/index.php\/wp-json\/wp\/v2\/posts"}],"about":[{"href":"https:\/\/kunstinargentinien.com\/index.php\/wp-json\/wp\/v2\/types\/post"}],"author":[{"embeddable":true,"href":"https:\/\/kunstinargentinien.com\/index.php\/wp-json\/wp\/v2\/users\/1"}],"replies":[{"embeddable":true,"href":"https:\/\/kunstinargentinien.com\/index.php\/wp-json\/wp\/v2\/comments?post=2049"}],"version-history":[{"count":0,"href":"https:\/\/kunstinargentinien.com\/index.php\/wp-json\/wp\/v2\/posts\/2049\/revisions"}],"wp:attachment":[{"href":"https:\/\/kunstinargentinien.com\/index.php\/wp-json\/wp\/v2\/media?parent=2049"}],"wp:term":[{"taxonomy":"category","embeddable":true,"href":"https:\/\/kunstinargentinien.com\/index.php\/wp-json\/wp\/v2\/categories?post=2049"},{"taxonomy":"post_tag","embeddable":true,"href":"https:\/\/kunstinargentinien.com\/index.php\/wp-json\/wp\/v2\/tags?post=2049"}],"curies":[{"name":"wp","href":"https:\/\/api.w.org\/{rel}","templated":true}]}}