{"id":2081,"date":"2010-01-09T07:41:32","date_gmt":"2010-01-09T10:41:32","guid":{"rendered":"http:\/\/kunstinargentinien.com\/index.php\/2009\/12\/12\/wenn-gedanken-materie-werden\/"},"modified":"2010-01-18T16:00:05","modified_gmt":"2010-01-18T19:00:05","slug":"wenn-gedanken-materie-werden","status":"publish","type":"post","link":"https:\/\/kunstinargentinien.com\/index.php\/2010\/01\/09\/wenn-gedanken-materie-werden\/","title":{"rendered":"Wenn Gedanken Materie werden"},"content":{"rendered":"<p><strong>&#8220;Sinestesia&#8221; &#8211; junge K\u00fcnstler im neuen &#8220;Espacio Ita\u00fa Cultural&#8221;<\/p>\n<p><em>Von Susanne Franz<\/em><\/strong><\/p>\n<p><img decoding=\"async\" id=\"image2078\" alt=Sintensia11.jpg src=\"http:\/\/kunstinargentinien.com\/wp-content\/uploads\/2009\/12\/Sintensia11.jpg\" align=left hspace=5 \/>Ein wahres Feuerwerk der Kreativit\u00e4t entfaltet sich im am 9. Dezember neu er\u00f6ffneten &#8220;Espacio Ita\u00fa Cultural&#8221;, der nur wenige hundert Meter vom Obelisken entfernt mitten im Stadtzentrum liegt. &#8220;Hier finden Materie und Sinne zusammen&#8221;, verhei\u00dft die Ausstellung &#8220;Sinestesia&#8221;, und das ist nicht zuviel versprochen: Der lichtdurchflutete, f\u00fcnf Meter hohe Raum, der sowohl zur Stra\u00dfe Cerrito gleich neben der 9 de Julio, als auch zur Viamonte vom Boden bis zur Decke verglast ist, erlaubt es, Werke zu zeigen, die in einer &#8220;normalen&#8221; Galerie und selbst den meisten Museen gar nicht ausgestellt werden k\u00f6nnten.<!--more--><\/p>\n<p>Von der Decke h\u00e4ngen riesige, bunte, in der Kirigami-Technik &#8220;durchl\u00f6cherte&#8221; Stoffbahnen von Manuel Ameztoy, w\u00e4hrend eines der Fenster (zur Viamonte hin) ein rotes Bild von Julia Masvernat schm\u00fcckt, durch das das Licht str\u00f6mt und die Farben im Raum ver\u00e4ndert werden. Verspielt und verr\u00fcckt, ist es durch seine Monumentalit\u00e4t dennoch fast ehrfurchteinfl\u00f6\u00dfend wie ein Kirchenfenster. Daniel Joglars zarte Installation aus bunten Stoff-F\u00e4den nimmt die ganze Raum-Mitte ein &#8211; Ber\u00fchren ist ausdr\u00fccklich erlaubt, sagt der junge K\u00fcnstler am Er\u00f6ffnungsabend.<\/p>\n<p><img decoding=\"async\" id=\"image2080\" alt=Sintensia22.jpg src=\"http:\/\/kunstinargentinien.com\/wp-content\/uploads\/2009\/12\/Sintensia22.jpg\" align=right hspace=5 \/>Zwei ungew\u00f6hnliche, poetische, fast lebensgro\u00dfe Keramik-Figuren von Ernesto Arellano stehen im Fenster zur Cerrito. Hier treten die klassische Meisterschaft des Bildhauers und die freche Comic-Erscheinung der Skulpturen in einen spannenden Dialog. So mancher Kopf der drau\u00dfen eilig Vorbeihastenden wird sich bei diesen Hinguckern wenden &#8211; und das ist eines der Ziele der Einrichtung &#8220;Ita\u00fa Cultural&#8221;, die mit dem neuen Ausstellungsraum junge K\u00fcnstler f\u00f6rdern, ihre Arbeit und ihre Gedanken in den Blickpunkt der \u00d6ffentlichkeit r\u00fccken will.<\/p>\n<p>F\u00fcr diese erste Ausstellung haben die Gast-Kuratorinnen Alina Tortosa und Elizabeth Torres neun junge Talente ausgesucht. Zu den bereits genannten kommen Mart\u00edn Di Paola, B\u00e1rbara Kaplan, Agustina Nu\u00f1ez und Le\u00f3n Gonz\u00e1lez mit ihren Wandgem\u00e4lden, Videos und Arbeiten aus Wachs und Haaren hinzu &#8211; und Juan Gugger aus C\u00f3rdoba, der in einer kleinen Ecke mit seiner aus wei\u00dfen K\u00e4sten bestehenden Arbeit &#8220;Das hier ist kein Kunstwerk!&#8221; viele Fragen zur zeitgen\u00f6ssischen Kunst aufwirft.<\/p>\n<p><em>&#8220;Espacio Ita\u00fa Cultural&#8221;, Cerrito\/Viamonte, ge\u00f6ffnet werktags von 10 bis 19.30 Uhr, Eintritt frei. Bis 26.2. Infos <a href=\"http:\/\/www.itau.com.ar\/SiteItau\/pages\/institucional\/itau_cultural.xhtml\">auf der Webseite der Einrichtung<\/a>.<\/em><\/p>\n<div align=center><img decoding=\"async\" id=\"image2079\" alt=Sintensia1.jpg src=\"http:\/\/kunstinargentinien.com\/wp-content\/uploads\/2009\/12\/Sintensia1.jpg\" \/><br \/>\n<em>Raumgreifend: Manuel Ameztoys Installation.<\/em><\/div>\n","protected":false},"excerpt":{"rendered":"<p>&#8220;Sinestesia&#8221; &#8211; junge K\u00fcnstler im neuen &#8220;Espacio Ita\u00fa Cultural&#8221; Von Susanne Franz Ein wahres Feuerwerk der Kreativit\u00e4t entfaltet sich im am 9. Dezember neu er\u00f6ffneten &#8220;Espacio Ita\u00fa Cultural&#8221;, der nur wenige hundert Meter vom Obelisken entfernt mitten im Stadtzentrum liegt. &#8220;Hier finden Materie und Sinne zusammen&#8221;, verhei\u00dft die Ausstellung &#8220;Sinestesia&#8221;, und das ist nicht zuviel [&hellip;]<\/p>\n","protected":false},"author":1,"featured_media":0,"comment_status":"open","ping_status":"open","sticky":false,"template":"","format":"standard","meta":{"footnotes":""},"categories":[4],"tags":[],"class_list":["post-2081","post","type-post","status-publish","format-standard","hentry","category-tipp-der-woche-recomendacion-de-la-semana"],"_links":{"self":[{"href":"https:\/\/kunstinargentinien.com\/index.php\/wp-json\/wp\/v2\/posts\/2081","targetHints":{"allow":["GET"]}}],"collection":[{"href":"https:\/\/kunstinargentinien.com\/index.php\/wp-json\/wp\/v2\/posts"}],"about":[{"href":"https:\/\/kunstinargentinien.com\/index.php\/wp-json\/wp\/v2\/types\/post"}],"author":[{"embeddable":true,"href":"https:\/\/kunstinargentinien.com\/index.php\/wp-json\/wp\/v2\/users\/1"}],"replies":[{"embeddable":true,"href":"https:\/\/kunstinargentinien.com\/index.php\/wp-json\/wp\/v2\/comments?post=2081"}],"version-history":[{"count":0,"href":"https:\/\/kunstinargentinien.com\/index.php\/wp-json\/wp\/v2\/posts\/2081\/revisions"}],"wp:attachment":[{"href":"https:\/\/kunstinargentinien.com\/index.php\/wp-json\/wp\/v2\/media?parent=2081"}],"wp:term":[{"taxonomy":"category","embeddable":true,"href":"https:\/\/kunstinargentinien.com\/index.php\/wp-json\/wp\/v2\/categories?post=2081"},{"taxonomy":"post_tag","embeddable":true,"href":"https:\/\/kunstinargentinien.com\/index.php\/wp-json\/wp\/v2\/tags?post=2081"}],"curies":[{"name":"wp","href":"https:\/\/api.w.org\/{rel}","templated":true}]}}