{"id":2087,"date":"2009-12-12T08:15:43","date_gmt":"2009-12-12T11:15:43","guid":{"rendered":"http:\/\/kunstinargentinien.com\/index.php\/2009\/12\/11\/kultur-notizen-6\/"},"modified":"2009-12-12T09:49:50","modified_gmt":"2009-12-12T12:49:50","slug":"kultur-notizen-6","status":"publish","type":"post","link":"https:\/\/kunstinargentinien.com\/index.php\/2009\/12\/12\/kultur-notizen-6\/","title":{"rendered":"Kultur-Notizen"},"content":{"rendered":"<p><strong>Komposition des 20. Jahrhunderts<\/strong><\/p>\n<p><img decoding=\"async\" id=\"image2086\" alt=kagel11.jpg src=\"http:\/\/kunstinargentinien.com\/wp-content\/uploads\/2009\/12\/kagel11.jpg\" align=left hspace=5 \/>Neue Musik, entstanden zwischen K\u00f6ln und Buenos Aires. Ein Jahr nach dem Tod des deutsch-argentinischen Komponisten Mauricio Kagel l\u00e4dt das Goethe-Institut zu einer dreit\u00e4gigen Hommage. Es gastieren die Choreographin Diana Theocharidis und verschiedene internationale K\u00fcnstler, die in den vergangenen Jahren mit dem Komponisten zusammengearbeitet hatten. 16.-18. Dezember, jeweils 20.30 Uhr, Goethe-Institut, Av. Corrientes 319, Buenos Aires, Eintritt frei.<\/p>\n<p><strong>Fotografie des Kinos<\/strong><\/p>\n<p>Filmstars zwischen Paris und Buenos Aires. Die Alianza Francesa pr\u00e4sentiert Fotografie des Franzosen Renaud Monfourny und des Porte\u00f1os Luis Sens zum Thema Kino. Beide sind seit mehreren Jahrzehnten erfolgreich t\u00e4tig, u.a. f\u00fcr die Vogue, den Playboy und Los Inrockuptibles. Ab sofort bis zum 23. Februar, montags-freitags 9-20, samstags 9-14 Uhr, Alianza Francesa, C\u00f3rdoba 936\/946, Buenos Aires.<\/p>\n<p><strong>Pressefotos von Werner Bischof<\/strong><\/p>\n<p>Das Centro Cultural Borges stellt 106 Bilder aus der Arbeit des 1954 verstorbenen Schweizer Fotografen Werner Bischof aus. Kurator der Ausstellung ist sein Sohn Marco Bischof. Ab sofort bis zum 31. Januar, montags-samstags 10-21, sonntags 12-21 Uhr, Centro Cultural Borges, Viamonte 525, Buenos Aires.<\/p>\n<p><strong>Versteigerung von Sameer Makarius\u2019 Werken<\/strong><\/p>\n<p>Das Verm\u00e4chtnis des j\u00fcngst verstorbenen Malers und Kosmopoliten Sameer Makarius, der u.a. in Deutschland, Argentinien und der Schweiz lebte, ist bis Mitte n\u00e4chster Woche in der Galerie \u201cBullrich Gaona Wernicke\u201d ausgestellt und wird am Mittwoch versteigert. Ausstellungstermine: 12. und 13. Dez., 16-21 Uhr, 14. und 15. Dez., 10-21 Uhr. Versteigerung: 16. Dez., 19 Uhr, 17. und 18. Dez., jeweils 15 Uhr. Bullrich Gaona Wernicke S.R.L., Maip\u00fa 932, Buenos Aires. Informationen <a href=\"http:\/\/www.bullrichgaonawernicke.com\/R176\/R176_main.htm\">auf der Webseite des Auktionshauses<\/a>.<\/p>\n<p><em>Zusammengestellt von Nils Witte.<\/em><\/p>\n","protected":false},"excerpt":{"rendered":"<p>Komposition des 20. Jahrhunderts Neue Musik, entstanden zwischen K\u00f6ln und Buenos Aires. Ein Jahr nach dem Tod des deutsch-argentinischen Komponisten Mauricio Kagel l\u00e4dt das Goethe-Institut zu einer dreit\u00e4gigen Hommage. Es gastieren die Choreographin Diana Theocharidis und verschiedene internationale K\u00fcnstler, die in den vergangenen Jahren mit dem Komponisten zusammengearbeitet hatten. 16.-18. Dezember, jeweils 20.30 Uhr, Goethe-Institut, [&hellip;]<\/p>\n","protected":false},"author":1,"featured_media":0,"comment_status":"open","ping_status":"open","sticky":false,"template":"","format":"standard","meta":{"footnotes":""},"categories":[1],"tags":[],"class_list":["post-2087","post","type-post","status-publish","format-standard","hentry","category-allgemein-general"],"_links":{"self":[{"href":"https:\/\/kunstinargentinien.com\/index.php\/wp-json\/wp\/v2\/posts\/2087","targetHints":{"allow":["GET"]}}],"collection":[{"href":"https:\/\/kunstinargentinien.com\/index.php\/wp-json\/wp\/v2\/posts"}],"about":[{"href":"https:\/\/kunstinargentinien.com\/index.php\/wp-json\/wp\/v2\/types\/post"}],"author":[{"embeddable":true,"href":"https:\/\/kunstinargentinien.com\/index.php\/wp-json\/wp\/v2\/users\/1"}],"replies":[{"embeddable":true,"href":"https:\/\/kunstinargentinien.com\/index.php\/wp-json\/wp\/v2\/comments?post=2087"}],"version-history":[{"count":0,"href":"https:\/\/kunstinargentinien.com\/index.php\/wp-json\/wp\/v2\/posts\/2087\/revisions"}],"wp:attachment":[{"href":"https:\/\/kunstinargentinien.com\/index.php\/wp-json\/wp\/v2\/media?parent=2087"}],"wp:term":[{"taxonomy":"category","embeddable":true,"href":"https:\/\/kunstinargentinien.com\/index.php\/wp-json\/wp\/v2\/categories?post=2087"},{"taxonomy":"post_tag","embeddable":true,"href":"https:\/\/kunstinargentinien.com\/index.php\/wp-json\/wp\/v2\/tags?post=2087"}],"curies":[{"name":"wp","href":"https:\/\/api.w.org\/{rel}","templated":true}]}}