{"id":20907,"date":"2015-04-10T12:18:18","date_gmt":"2015-04-10T15:18:18","guid":{"rendered":"http:\/\/kunstinargentinien.com\/?p=20907"},"modified":"2015-04-13T12:32:01","modified_gmt":"2015-04-13T15:32:01","slug":"holocaust-denkmal-fertiggestellt","status":"publish","type":"post","link":"https:\/\/kunstinargentinien.com\/index.php\/2015\/04\/10\/holocaust-denkmal-fertiggestellt\/","title":{"rendered":"Holocaust-Denkmal fertiggestellt"},"content":{"rendered":"<p><strong>Einweihung des Monuments der Architekten Gustavo Nielsen und Sebasti\u00e1n Marsiglia steht noch aus<\/p>\n<p><em>Von Marcus Christoph<\/em><\/strong><\/p>\n<p><a href=\"http:\/\/kunstinargentinien.com\/wp-content\/uploads\/2015\/04\/plaza-de-shoa.jpg\"><img loading=\"lazy\" decoding=\"async\" src=\"http:\/\/kunstinargentinien.com\/wp-content\/uploads\/2015\/04\/plaza-de-shoa.jpg\" alt=\"plaza de shoa\" width=\"500\" height=\"333\" class=\"aligncenter size-full wp-image-20910\" srcset=\"https:\/\/kunstinargentinien.com\/wp-content\/uploads\/2015\/04\/plaza-de-shoa.jpg 500w, https:\/\/kunstinargentinien.com\/wp-content\/uploads\/2015\/04\/plaza-de-shoa-300x199.jpg 300w\" sizes=\"auto, (max-width: 500px) 100vw, 500px\" \/><\/a><br \/>\nIm Mai 2012 weihte Buenos Aires-B\u00fcrgermeister Mauricio Macri die Plaza de la Sho\u00e1 im Stadtbezirk Palermo ein. In der kleinen Parkanlage, die nahe der Stra\u00dfen &#8220;Bullrich&#8221; und &#8220;Libertador&#8221; liegt, ist in der Zwischenzeit nun auch ein Monument entstanden, das an die Opfer des Holocausts im Besonderen, aber auch an Opfer von Verbrechen gegen die Menschlichkeit im Allgemeinen erinnern soll.<\/p>\n<p>Das Mahnmal ist vier Meter hoch und erstreckt sich auf einer L\u00e4nge von 40 Metern. Es besteht aus 114 Kl\u00f6tzen aus Beton. Die Zahl nimmt Bezug auf die Menschen, die bei den Anschl\u00e4gen auf die israelische Botschaft 1992 (29 Tote) und das j\u00fcdische Gemeindehaus AMIA 1994 (85 Tote) in Buenos Aires get\u00f6tet wurden. Auf den Quadern sind Gegenst\u00e4nde des t\u00e4glichen Lebens wie Regenschirme, Duschen, Kaffeekannen, Kochsch\u00fcrzen zu sehen. Dinge, die im Alltag keine besondere Wichtigkeit haben. Aber wenn ein Mensch nicht mehr da ist, kann ihre Pr\u00e4senz eine besondere Bedeutung gewinnen<\/p>\n<p>Dies jedenfalls ist das Konzept der beiden Architekten Gustavo Nielsen und Sebasti\u00e1n Marsiglia, die sich 2009 bei einer Ausschreibung gegen knapp 70 Mitbewerber durchsetzten. Diese war damals von den Botschaften Israels und Deutschlands, dem hiesigen Shoa-Museum sowie den Regierungen von Stadt und Nation initiiert worden. Die Stadtregierung investierte in der Folgezeit rund 2 Millionen Pesos in die Gestaltung des Parks. Die Nationalregierung stellte 4,4 Millionen Pesos f\u00fcr das Denkmal zur Verf\u00fcgung. Hinzu kamen auch private Spenden. Die offizielle Einweihung des Monuments steht aber noch aus.<\/p>\n<p><strong>Foto:<\/strong><br \/>\nDie Plaza de la Sho\u00e1 im Stadtbezirk Palermo.<br \/>\n(Foto: Marcus Christoph)<\/p>\n","protected":false},"excerpt":{"rendered":"<p>Einweihung des Monuments der Architekten Gustavo Nielsen und Sebasti\u00e1n Marsiglia steht noch aus Von Marcus Christoph Im Mai 2012 weihte Buenos Aires-B\u00fcrgermeister Mauricio Macri die Plaza de la Sho\u00e1 im Stadtbezirk Palermo ein. In der kleinen Parkanlage, die nahe der Stra\u00dfen &#8220;Bullrich&#8221; und &#8220;Libertador&#8221; liegt, ist in der Zwischenzeit nun auch ein Monument entstanden, das [&hellip;]<\/p>\n","protected":false},"author":1,"featured_media":0,"comment_status":"open","ping_status":"open","sticky":false,"template":"","format":"standard","meta":{"footnotes":""},"categories":[23,14],"tags":[],"class_list":["post-20907","post","type-post","status-publish","format-standard","hentry","category-architektur-arquitectura","category-gesellschaft-sociedad"],"_links":{"self":[{"href":"https:\/\/kunstinargentinien.com\/index.php\/wp-json\/wp\/v2\/posts\/20907","targetHints":{"allow":["GET"]}}],"collection":[{"href":"https:\/\/kunstinargentinien.com\/index.php\/wp-json\/wp\/v2\/posts"}],"about":[{"href":"https:\/\/kunstinargentinien.com\/index.php\/wp-json\/wp\/v2\/types\/post"}],"author":[{"embeddable":true,"href":"https:\/\/kunstinargentinien.com\/index.php\/wp-json\/wp\/v2\/users\/1"}],"replies":[{"embeddable":true,"href":"https:\/\/kunstinargentinien.com\/index.php\/wp-json\/wp\/v2\/comments?post=20907"}],"version-history":[{"count":4,"href":"https:\/\/kunstinargentinien.com\/index.php\/wp-json\/wp\/v2\/posts\/20907\/revisions"}],"predecessor-version":[{"id":20955,"href":"https:\/\/kunstinargentinien.com\/index.php\/wp-json\/wp\/v2\/posts\/20907\/revisions\/20955"}],"wp:attachment":[{"href":"https:\/\/kunstinargentinien.com\/index.php\/wp-json\/wp\/v2\/media?parent=20907"}],"wp:term":[{"taxonomy":"category","embeddable":true,"href":"https:\/\/kunstinargentinien.com\/index.php\/wp-json\/wp\/v2\/categories?post=20907"},{"taxonomy":"post_tag","embeddable":true,"href":"https:\/\/kunstinargentinien.com\/index.php\/wp-json\/wp\/v2\/tags?post=20907"}],"curies":[{"name":"wp","href":"https:\/\/api.w.org\/{rel}","templated":true}]}}