{"id":2107,"date":"2009-12-17T15:42:25","date_gmt":"2009-12-17T18:42:25","guid":{"rendered":"http:\/\/kunstinargentinien.com\/index.php\/2009\/12\/17\/el-camino-del-color\/"},"modified":"2009-12-29T16:51:17","modified_gmt":"2009-12-29T19:51:17","slug":"el-camino-del-color","status":"publish","type":"post","link":"https:\/\/kunstinargentinien.com\/index.php\/2009\/12\/17\/el-camino-del-color\/","title":{"rendered":"El camino del color"},"content":{"rendered":"<p><a href=\"http:\/\/kunstinargentinien.com\/index.php\/2009\/12\/17\/bunte-vielfalt\/\">Klicken Sie hier, um die deutsche Version zu lesen.<\/a><\/p>\n<p><strong>\u00daltima edici\u00f3n 2009 de &#8220;Por la calle&#8221; en San Telmo<\/p>\n<p><em>Por Paula Bonnet<\/em><\/strong><\/p>\n<p><img decoding=\"async\" id=\"image2108\" alt=vidriera11.jpg src=\"http:\/\/kunstinargentinien.com\/wp-content\/uploads\/2009\/12\/vidriera11.jpg\" align=left hspace=5 \/>Entre el cielo despejado y los adoquines coloniales del barrio porte\u00f1o de San Telmo se llev\u00f3 a cabo el s\u00e1bado pasado la \u00faltima edici\u00f3n de <a href=\"http:\/\/www.xlacalle.com\/\">&#8220;Por la Calle&#8221;<\/a>, una propuesta de recorridos por circuitos de dise\u00f1o de indumentaria y textil.<\/p>\n<p>Los locales estaban divididos por sus respectivos perfiles creativos: Textura, Forma y Ensamble. Las estrellas de la zona son los multimarca y la ropa se caracteriza por la oferta colorida, abundante y variada. San Telmo propone una experiencia de compras vanguardista y m\u00e1s tranquila que Palermo.<!--more--><\/p>\n<ul>\n<li>\u00danico Buenos Aires (Chile 419): Como en toda la zona, abundan las prendas coloridas, las estampas y los vestidos. Hay productos de Mar\u00eda Lombardi.<\/li>\n<li>Moebius (Defensa 1356): Pertenece al recorrido Forma, que se caracteriza por contar con dise\u00f1adores que indagan en la relaci\u00f3n entre cuerpo y forma. Este concepto se materializa en los vestidos de Natacha Morales. Se venden tambi\u00e9n accesorios, carteras, ropa interior y sombreros.<\/li>\n<li>Punto Sur (Defensa 1135): Muchas prendas, mucho color, muchas estampas. Cuenta con producciones de Ana Gertner Ediciones, D\u00c4GRAM, F\u00e1tima Saez, Iandra Kohan, Lindo Killer y No Marca, as\u00ed que hay bastante ropa para mirar.<\/li>\n<li>Diversia (Humberto 1\u00ba 580): El local tiene de todo: ropa para chicos, zapatos, accesorios, carteras y la lencer\u00eda m\u00e1s sexy de todo el barrio. Hay precios variados y prendas de Eukrann, Lejardel y Pri.<\/li>\n<li>Tienda V (Carlos Calvo 600): Impactantes creaciones de Vicki Otero, HE Hermanos Estebecorena, Kost\u00fcme, Paula Ledesma, Kukla y Mariana Dappiano. Formas hermosas, un poco de indumentaria masculina y prendas que no se ven en cualquier lado.<\/li>\n<li>Puntos en el espacio (Per\u00fa 979): Otro multimarca lleno de cosas interesantes para ver: Alise, Hermanasister, La flor de mi secreto, Mucho tengo que decirte, Daniela Abiusso, Lisobono, Loal, Logia Vacua, 12-Na y Costuras de la nada. Muchos colores y varias opciones de jeans a buen precio.<\/li>\n<\/ul>\n<div align=center><img decoding=\"async\" id=\"image2109\" alt=perchero1.jpg src=\"http:\/\/kunstinargentinien.com\/wp-content\/uploads\/2009\/12\/perchero1.jpg\" \/><em><br \/>\nLas estrellas de la zona son los multimarca y la ropa se caracteriza por la oferta colorida, abundante y variada.<\/em><\/div>\n","protected":false},"excerpt":{"rendered":"<p>Klicken Sie hier, um die deutsche Version zu lesen. \u00daltima edici\u00f3n 2009 de &#8220;Por la calle&#8221; en San Telmo Por Paula Bonnet Entre el cielo despejado y los adoquines coloniales del barrio porte\u00f1o de San Telmo se llev\u00f3 a cabo el s\u00e1bado pasado la \u00faltima edici\u00f3n de &#8220;Por la Calle&#8221;, una propuesta de recorridos por [&hellip;]<\/p>\n","protected":false},"author":1,"featured_media":0,"comment_status":"open","ping_status":"open","sticky":false,"template":"","format":"standard","meta":{"footnotes":""},"categories":[1,13],"tags":[],"class_list":["post-2107","post","type-post","status-publish","format-standard","hentry","category-allgemein-general","category-mode-moda"],"_links":{"self":[{"href":"https:\/\/kunstinargentinien.com\/index.php\/wp-json\/wp\/v2\/posts\/2107","targetHints":{"allow":["GET"]}}],"collection":[{"href":"https:\/\/kunstinargentinien.com\/index.php\/wp-json\/wp\/v2\/posts"}],"about":[{"href":"https:\/\/kunstinargentinien.com\/index.php\/wp-json\/wp\/v2\/types\/post"}],"author":[{"embeddable":true,"href":"https:\/\/kunstinargentinien.com\/index.php\/wp-json\/wp\/v2\/users\/1"}],"replies":[{"embeddable":true,"href":"https:\/\/kunstinargentinien.com\/index.php\/wp-json\/wp\/v2\/comments?post=2107"}],"version-history":[{"count":0,"href":"https:\/\/kunstinargentinien.com\/index.php\/wp-json\/wp\/v2\/posts\/2107\/revisions"}],"wp:attachment":[{"href":"https:\/\/kunstinargentinien.com\/index.php\/wp-json\/wp\/v2\/media?parent=2107"}],"wp:term":[{"taxonomy":"category","embeddable":true,"href":"https:\/\/kunstinargentinien.com\/index.php\/wp-json\/wp\/v2\/categories?post=2107"},{"taxonomy":"post_tag","embeddable":true,"href":"https:\/\/kunstinargentinien.com\/index.php\/wp-json\/wp\/v2\/tags?post=2107"}],"curies":[{"name":"wp","href":"https:\/\/api.w.org\/{rel}","templated":true}]}}