{"id":2118,"date":"2009-12-17T15:49:30","date_gmt":"2009-12-17T18:49:30","guid":{"rendered":"http:\/\/kunstinargentinien.com\/index.php\/2009\/12\/17\/bunte-vielfalt\/"},"modified":"2009-12-29T16:52:24","modified_gmt":"2009-12-29T19:52:24","slug":"bunte-vielfalt","status":"publish","type":"post","link":"https:\/\/kunstinargentinien.com\/index.php\/2009\/12\/17\/bunte-vielfalt\/","title":{"rendered":"Bunte Vielfalt"},"content":{"rendered":"<p><a href=\"http:\/\/kunstinargentinien.com\/index.php\/2009\/12\/17\/el-camino-del-color\/\">Click aqu\u00ed para leer la versi\u00f3n en castellano.<\/a><\/p>\n<p><strong>Moderundgang \u201cPor la Calle\u201d in San Telmo<\/p>\n<p><em>Von Paula Bonnet<\/em><\/strong><\/p>\n<p><img decoding=\"async\" id=\"image2108\" alt=vidriera11.jpg src=\"http:\/\/kunstinargentinien.com\/wp-content\/uploads\/2009\/12\/vidriera11.jpg\" align=left hspace=5 \/>Zwischen einem wolkenlosen Himmel und den Pflastersteinen der Stra\u00dfen von San Telmo wurde am 12. Dezember die letzte Ausgabe von \u201cPor la Calle\u201d veranstaltet, ein Rundgang, bei dem man sich einen \u00dcberblick \u00fcber verschiedenste Mode- und Textildesign-Angebote verschaffen konnte.<\/p>\n<p>Die Stars der Szene in San Telmo sind die \u201cMultimarcas\u201d (verschiedene Marken unter einem Dach), die Mode pr\u00e4sentiert sich in bunter Vielfalt und zeichnet sich durch ein reiches Angebot aus. San Telmo bietet ein avantgardistisches Shopping-Erlebnis und ist ruhiger als Palermo.<!--more--><\/p>\n<ul>\n<li>\u00danico Buenos Aires (Chile 419): Wie \u00fcberall im Viertel ist der Trend bunt, Aufdrucke und Kleider bestimmen das Bild. Hier gibt es Designs von Mar\u00eda Lombardi.<\/li>\n<li>Moebius (Defensa 1356): Designs, die K\u00f6rper und Form in Einklang bringen, kommen u.a. in den Kleidern von Natacha Morales zum Ausdruck. Au\u00dferdem werden Accessoires, Handtaschen, Unterw\u00e4sche und H\u00fcte verkauft.<\/li>\n<li>Punto Sur (Defensa 1135): Viel Mode, viel Farbe, viele Aufdrucke. Produkte von Ana Gertner Ediciones, D\u00c4GRAM, F\u00e1tima Saez, Iandra Kohan, Lindo Killer und No Marca. Hier gibt es eine Menge zu sehen!<\/li>\n<li>Diversia (Humberto 1\u00ba 580): Der Laden bietet alles m\u00f6gliche: Kinderkleidung, Schuhe, Accessoires, Handtaschen und die sexieste Lingerie im ganzen Viertel. Es gibt G\u00fcnstiges und Teures und Kleider von Eukrann, Lejardel und Pri.<\/li>\n<li>Tienda V (Carlos Calvo 600): Tolle Kreationen von Vicki Otero, HE Hermanos Estebecorena, Kost\u00fcme, Paula Ledesma, Kukla und Mariana Dappiano. Wundersch\u00f6ne Formen, etwas M\u00e4nnermode und viele au\u00dfergew\u00f6hnliche St\u00fccke.<\/li>\n<li>Puntos en el espacio (Per\u00fa 979): Noch ein \u201cMultimarca\u201d mit einer Menge interessanter Angebote: Alise, Hermanasister, La flor de mi secreto, Mucho tengo que decirte, Daniela Abiusso, Lisobono, Loal, Logia Vacua, 12-Na und Costuras de la nada. Viele Farben und mehrere Jeans-Optionen zu guten Preisen.<\/li>\n<\/ul>\n<div align=center><img decoding=\"async\" id=\"image2109\" alt=perchero1.jpg src=\"http:\/\/kunstinargentinien.com\/wp-content\/uploads\/2009\/12\/perchero1.jpg\" \/><\/div>\n","protected":false},"excerpt":{"rendered":"<p>Click aqu\u00ed para leer la versi\u00f3n en castellano. Moderundgang \u201cPor la Calle\u201d in San Telmo Von Paula Bonnet Zwischen einem wolkenlosen Himmel und den Pflastersteinen der Stra\u00dfen von San Telmo wurde am 12. Dezember die letzte Ausgabe von \u201cPor la Calle\u201d veranstaltet, ein Rundgang, bei dem man sich einen \u00dcberblick \u00fcber verschiedenste Mode- und Textildesign-Angebote [&hellip;]<\/p>\n","protected":false},"author":1,"featured_media":0,"comment_status":"open","ping_status":"open","sticky":false,"template":"","format":"standard","meta":{"footnotes":""},"categories":[1,13],"tags":[],"class_list":["post-2118","post","type-post","status-publish","format-standard","hentry","category-allgemein-general","category-mode-moda"],"_links":{"self":[{"href":"https:\/\/kunstinargentinien.com\/index.php\/wp-json\/wp\/v2\/posts\/2118","targetHints":{"allow":["GET"]}}],"collection":[{"href":"https:\/\/kunstinargentinien.com\/index.php\/wp-json\/wp\/v2\/posts"}],"about":[{"href":"https:\/\/kunstinargentinien.com\/index.php\/wp-json\/wp\/v2\/types\/post"}],"author":[{"embeddable":true,"href":"https:\/\/kunstinargentinien.com\/index.php\/wp-json\/wp\/v2\/users\/1"}],"replies":[{"embeddable":true,"href":"https:\/\/kunstinargentinien.com\/index.php\/wp-json\/wp\/v2\/comments?post=2118"}],"version-history":[{"count":0,"href":"https:\/\/kunstinargentinien.com\/index.php\/wp-json\/wp\/v2\/posts\/2118\/revisions"}],"wp:attachment":[{"href":"https:\/\/kunstinargentinien.com\/index.php\/wp-json\/wp\/v2\/media?parent=2118"}],"wp:term":[{"taxonomy":"category","embeddable":true,"href":"https:\/\/kunstinargentinien.com\/index.php\/wp-json\/wp\/v2\/categories?post=2118"},{"taxonomy":"post_tag","embeddable":true,"href":"https:\/\/kunstinargentinien.com\/index.php\/wp-json\/wp\/v2\/tags?post=2118"}],"curies":[{"name":"wp","href":"https:\/\/api.w.org\/{rel}","templated":true}]}}