{"id":2132,"date":"2010-01-11T08:00:00","date_gmt":"2010-01-11T11:00:00","guid":{"rendered":"http:\/\/kunstinargentinien.com\/index.php\/1999\/11\/30\/theater-tanz-und-kino\/"},"modified":"2010-01-08T20:45:03","modified_gmt":"2010-01-08T23:45:03","slug":"theater-tanz-und-kino","status":"publish","type":"post","link":"https:\/\/kunstinargentinien.com\/index.php\/2010\/01\/11\/theater-tanz-und-kino\/","title":{"rendered":"Theater, Tanz und Kino"},"content":{"rendered":"<p><strong>Sommersaison 2010 des Complejo Teatral de Buenos Aires<\/p>\n<p><em>Von Susanne Franz<\/em><\/strong><\/p>\n<p><img decoding=\"async\" id=\"image2131\" alt=trama11.jpg src=\"http:\/\/kunstinargentinien.com\/wp-content\/uploads\/2010\/01\/trama11.jpg\" \/><\/p>\n<p>Am 14. Januar werden zwei Veranstaltungen der Spielzeit 2009 des <a href=\"http:\/\/www.teatrosanmartin.com.ar\/\">Complejo Teatral de Buenos Aires<\/a> wieder aufgenommen: \u201cKrapp, la \u00faltima cinta magn\u00e9tica\u201d von Samuel Beckett, \u00fcbersetzt und inszeniert von Juan Carlos Gen\u00e9, mit Walter Santa Ana, kehrt in den Cunill Cabanellas-Saal des Teatro San Mart\u00edn (Av. Corrientes 1530) zur\u00fcck. Auff\u00fchrungen sind mittwochs bis sonntags um 21 Uhr. Eintritt $ 45, mittwochs $ 25.<\/p>\n<p>Das Tanzst\u00fcck \u201cTramatango\u201d (Foto) mit Milena Plebs und Ensemble kommt wieder auf die B\u00fchne des Teatro Alvear (Av. Corrientes 1659), und zwar donnerstags bis sonntags um 21.30 Uhr. Eintritt $ 45, $ 30 oder $ 15, donnerstags $ 25 bzw. $ 10.<!--more--> Am 21. Januar wird auch \u201cMedea\u201d wieder aufgenommen, und man kann sich auf die Neu-Inszenierung von Shakespeares \u201cMucho ruido y pocas nueces\u201d (Viel L\u00e4rm um nichts) in der Adaptation von Oscar Barney Finn freuen. Und noch ein Leckerbissen: Die erste Filmreihe im Programmkino Leopoldo Lugones ist den Dokumentarfilmen von Werner Herzog gewidmet. Vom 22.1. bis 4.2. hei\u00dft es f\u00fcr alle Fans \u201cCaminar sobre hielo y fuego: los documentales de Werner Herzog\u201d. Eintritt $ 10, f\u00fcr Studenten und Rentner sogar nur $ 5.<\/p>\n<p><strong>Nur 5 Pesos Eintritt f\u00fcr Minderj\u00e4hrige<\/strong><\/p>\n<p>Theater ist zu teuer? Das ist keine Entschuldigung mehr f\u00fcr die Generation der Unter-18-J\u00e4hrigen. Im gesamten Complejo Teatral de Buenos Aires, zu dem das San Mart\u00edn-Theater und das Teatro Presidente Alvear auf der Corrientes, das Teatro Sarmiento am Zoo, das Regio in Palermo und das De la Ribera in La Boca geh\u00f6ren, m\u00fcssen Kinder und Jugendliche nur 5 Pesos Eintritt zahlen. Das gilt f\u00fcr alle Veranstaltungen der am 14. Januar beginnenden Sommersaison. Ausgenommen sind Koproduktionen wie z.B. Tramatango. Das Super-Sonder-Angebot gilt bis zum 31. M\u00e4rz. Eintrittskarten (eine pro Person) gibt es im San Mart\u00edn und im Alvear gegen Vorlage des Personalausweises, den man auch zum Einlass ins Theater braucht.<\/p>\n<p><strong>Ballett-T\u00e4nzer gesucht<\/strong><\/p>\n<p>Das von Mauricio Wainrot geleitete Tanz-Ensemble \u201cBallet Contempor\u00e1neo del Teatro San Mart\u00edn\u201d nimmt m\u00e4nnliche T\u00e4nzer zwischen 19 und 29 Jahren auf. F\u00fcr das Vortanzen am 18. Februar k\u00f6nnen sich Bewerber ab sofort bis zum 12. Februar unter der E-Mail-Adresse audicionballet@complejoteatral.gov.ar anmelden. Voraussetzungen sind u.a. eine solide Ausbildung in klassischem und zeitgen\u00f6ssischem Tanz und ein Minimum von drei Jahren Berufserfahrung.<\/p>\n","protected":false},"excerpt":{"rendered":"<p>Sommersaison 2010 des Complejo Teatral de Buenos Aires Von Susanne Franz Am 14. Januar werden zwei Veranstaltungen der Spielzeit 2009 des Complejo Teatral de Buenos Aires wieder aufgenommen: \u201cKrapp, la \u00faltima cinta magn\u00e9tica\u201d von Samuel Beckett, \u00fcbersetzt und inszeniert von Juan Carlos Gen\u00e9, mit Walter Santa Ana, kehrt in den Cunill Cabanellas-Saal des Teatro San [&hellip;]<\/p>\n","protected":false},"author":1,"featured_media":0,"comment_status":"open","ping_status":"open","sticky":false,"template":"","format":"standard","meta":{"footnotes":""},"categories":[10,4],"tags":[],"class_list":["post-2132","post","type-post","status-publish","format-standard","hentry","category-off-topic","category-tipp-der-woche-recomendacion-de-la-semana"],"_links":{"self":[{"href":"https:\/\/kunstinargentinien.com\/index.php\/wp-json\/wp\/v2\/posts\/2132","targetHints":{"allow":["GET"]}}],"collection":[{"href":"https:\/\/kunstinargentinien.com\/index.php\/wp-json\/wp\/v2\/posts"}],"about":[{"href":"https:\/\/kunstinargentinien.com\/index.php\/wp-json\/wp\/v2\/types\/post"}],"author":[{"embeddable":true,"href":"https:\/\/kunstinargentinien.com\/index.php\/wp-json\/wp\/v2\/users\/1"}],"replies":[{"embeddable":true,"href":"https:\/\/kunstinargentinien.com\/index.php\/wp-json\/wp\/v2\/comments?post=2132"}],"version-history":[{"count":0,"href":"https:\/\/kunstinargentinien.com\/index.php\/wp-json\/wp\/v2\/posts\/2132\/revisions"}],"wp:attachment":[{"href":"https:\/\/kunstinargentinien.com\/index.php\/wp-json\/wp\/v2\/media?parent=2132"}],"wp:term":[{"taxonomy":"category","embeddable":true,"href":"https:\/\/kunstinargentinien.com\/index.php\/wp-json\/wp\/v2\/categories?post=2132"},{"taxonomy":"post_tag","embeddable":true,"href":"https:\/\/kunstinargentinien.com\/index.php\/wp-json\/wp\/v2\/tags?post=2132"}],"curies":[{"name":"wp","href":"https:\/\/api.w.org\/{rel}","templated":true}]}}