{"id":21455,"date":"2015-05-31T16:07:06","date_gmt":"2015-05-31T19:07:06","guid":{"rendered":"http:\/\/kunstinargentinien.com\/?p=21455"},"modified":"2015-06-26T17:43:21","modified_gmt":"2015-06-26T20:43:21","slug":"agenda-kalender-445","status":"publish","type":"post","link":"https:\/\/kunstinargentinien.com\/index.php\/2015\/05\/31\/agenda-kalender-445\/","title":{"rendered":"Agenda \/ Kalender"},"content":{"rendered":"<p><a href=\"http:\/\/kunstinargentinien.com\/index.php\/2015\/05\/31\/kalender-agenda-456\/\">Klicken Sie hier, um die deutsche Version zu lesen.<\/a><\/p>\n<p><strong>Agenda de Muestras del 30\/05\/2015<\/p>\n<p><em>Por Susanne Franz<\/em><\/strong><\/p>\n<p><a href=\"http:\/\/kunstinargentinien.com\/wp-content\/uploads\/2015\/05\/arteBA11.jpg\"><img loading=\"lazy\" decoding=\"async\" src=\"http:\/\/kunstinargentinien.com\/wp-content\/uploads\/2015\/05\/arteBA11.jpg\" alt=\"arteBA11\" width=\"250\" height=\"92\" class=\"alignright size-full wp-image-21482\" \/><\/a>La Feria de Arte Contempor\u00e1neo <a href=\"http:\/\/www.arteba.org\/\">arteBA<\/a> es una de las m\u00e1s importantes en Latinoam\u00e9rica. Este a\u00f1o se llevar\u00e1 a cabo entre el 4 y el 7 de Junio en el Predio La Rural en el barrio de Palermo. Los organizadores esperan la asistencia de 100.000 personas, como en las \u00faltimas ediciones. Se celebra la 24\u00aa edici\u00f3n. Participar\u00e1n m\u00e1s de 80 galer\u00edas de varios pa\u00edses que mostrar\u00e1n las obras de 450 artistas. De Suiza, participar\u00e1 la galer\u00eda Ivo Kamm (Z\u00farich), de Alemania participar\u00e1n Campagne Premiere, Future Gallery, K\u00f6nig Galerie y PSM (los cuatro de Berl\u00edn) y Galerie Max Mayer de D\u00fcsseldorf.<\/p>\n<p>Las muestras de la semana:<!--more--><\/p>\n<ul>\n<li>1ra Bienal Argentina de Performance <a href=\"http:\/\/bp15.org\/\">&#8220;BP.15&#8221;<\/a>. 27.04.-07.06.<\/li>\n<li>24\u00aa Feria de Arte Contempor\u00e1neo <a href=\"http:\/\/www.arteba.org\/\">arteBA<\/a>. Pabellones Azul y Verde de La Rural, Plaza Italia, Buenos Aires. Todos los d\u00edas 14-21 hs. Entrada: 120 pesos, jubilados y estudiantes (con acreditaci\u00f3n): 60 pesos, dos d\u00edas de feria: 190 pesos. 04.06.-07.06.<\/li>\n<li>Alpha Centauri, Espacio Cultural Mi Casa, Ag\u00fcero 793, 1\u00ba piso, Buenos Aires (Mi\u00e9, Jue, Vie y S\u00e1b 19-22 hs o con cita previa a alphacentauri.gal@gmail.com): &#8220;Niveles de realidad&#8221;, obras de Nahuel Giuffrida, Diego Alberti, Azul De Monte, Tom\u00e1s Rawski, Nicol\u00e1s Sobrero y Maximiliano Bellmann. Curadur\u00eda: Merlina Ra\u00f1i. 28.05.-11.06.<\/li>\n<li>Arcimboldo Galer\u00eda de Arte, Reconquista 761, &#8220;14&#8221;, Buenos Aires (Lun-Vie 15-19 hs): Alejandra Bocquel, &#8220;Serie de pelda\u00f1os&#8221;, impresiones sobre papel. Curador: Norberto Jos\u00e9 Martinez. 11.05.-05.06.<\/li>\n<li><a href=\"http:\/\/agendacultural.buenosaires.gob.ar\/evento\/munecas-antiguas-en-la-casa-fernandez-blanco\/5094\">Casa Fern\u00e1ndez Blanco<\/a>, Hip\u00f3lito Yrigoyen 1420, Buenos Aires (Mar-Vie 12-18, S\u00e1b y Dom 11-17 hs. Feriados cerrado. Entrada $2, Mi\u00e9 y Jue gratis): &#8220;Hab\u00eda una vez&#8230;, mu\u00f1ecas y juguetes 1870-1940. Colecci\u00f3n de Mabel y Mar\u00eda Castellano Fotheringham&#8221;. Hasta 30.12.<\/li>\n<li><a href=\"http:\/\/www.ccborges.org.ar\/index2.htm\">Centro Cultural Borges<\/a>, Viamonte esq. San Mart\u00edn, Buenos Aires (Lun-S\u00e1b 10-21, Dom 12-21 hs. Entrada: $30, jubilados y estudiantes: $25, menores de 5 a\u00f1os sin cargo): &#8220;Reflejo de Alicia&#8221;, obras de Alfredo S\u00e1bat y Ale Moreno. 21.05.-14.06.<\/li>\n<li><a href=\"http:\/\/www.culturalkirchner.gob.ar\/\">Centro Cultural N\u00e9stor Kirchner<\/a>, Sarmiento 151, Buenos Aires (Vie, S\u00e1b y Dom 14-24 hs, con visitas guiadas 14-17.30 hs, cada treinta minutos. Cerrado el 25 de Mayo): Sophie Calle (Francia), &#8220;Cu\u00eddese mucho&#8221;.. 26.05.-23.08.<\/li>\n<li><a href=\"http:\/\/www.centroculturalrecoleta.org\/nuevositio\/\">Centro Cultural Recoleta<\/a>, Jun\u00edn 1930, Buenos Aires (Mar-Vie 13.30-20.30, S\u00e1b, Dom y feriados 11.30-20.30 hs. Lun cerrado. Entrada libre y gratuita): Mat\u00edas Duville, &#8220;Arena Parking&#8221;. Sala Cronopios. Desde 14.05.<\/li>\n<li><a href=\"http:\/\/www.coleccionfortabat.org.ar\/\">Colecci\u00f3n de Arte Amalia Lacroze de Fortabat<\/a>, Olga Cossetini 141, Puerto Madero, Buenos Aires (Mar-Dom 12-20 hs, Lun cerrado. Entrada: $50, $25 para menores de 12 a\u00f1os, jubilados, estudiantes y docentes, Mi\u00e9 $25 y acceso gratuito para menores de 12 a\u00f1os, jubilados, estudiantes y docentes con acreditaci\u00f3n): Colecci\u00f3n permanente. Salas 1\u00ba y 2\u00ba Subsuelo. \/ &#8220;Marcelo Pombo, un artista del pueblo&#8221;. Curadora: In\u00e9s Katzenstein. 1\u00ba Piso. 27.05.-16.08.<\/li>\n<li><a href=\"https:\/\/www.facebook.com\/pages\/El-ojo-errante\/644375162244170\">El Ojo Errante \u2013 Club de Artistas<\/a>, Lavalle 3476, Buenos Aires (Mi\u00e9-Vie 15-20 hs. S\u00e1b a partir de las 20 hs. Visitas acompa\u00f1adas: Mi\u00e9, Jue y Vie 18 hs): &#8220;Paradoja de los Sentidos&#8221;, instalaci\u00f3n de Marina Btesh, Carlos Kravetz, Sergio Vaccaro. 16.05.-06.06.<\/li>\n<li><a href=\"http:\/\/www.artefundacionosde.com.ar\/BO\/home.asp\">Espacio de Arte Fundaci\u00f3n Osde<\/a>, Suipacha 658, 1\u00ba piso, Buenos Aires (Lun-S\u00e1b 12-20 hs. Entrada gratuita): Alejandro Puente, &#8220;Abstracci\u00f3n y Tradici\u00f3n Americana&#8221;. Curadora: Mariana Machesi. 21.05.-25.07. \/ Carolina Antoniadis, &#8220;Ocaso&#8221;. Vidriera. 21.05.-25.07. \/ Cristina Tomsig, &#8220;Naranja m\u00edstico&#8221;. Intervenci\u00f3n en salitas. 21.05.-19.06.<\/li>\n<li><a href=\"https:\/\/www.facebook.com\/espaciokamm\">Espacio Kamm<\/a>, Mario Bravo 1136, Palermo, Buenos Aires (Jue y Vie 16-20 hs y con cita previa, Tel. 011-15-6151-1704): Mariana L\u00f3pez, &#8220;Sala de Secado&#8221;. Desde 17.05.<\/li>\n<li><a href=\"http:\/\/espaciopla.com\/\">Espacio Pla<\/a>, Malabia 1841, loft 2, Palermo, Buenos Aires (Mi\u00e9-S\u00e1b 16-20 hs o con cita previa, Tel. +54-11-4833-5838, info@espaciopla.com): Maximiliano Bellmann, &#8220;Sat\u00e9lite&#8221;. Curadora: Merlina Ra\u00f1i. 29.05.-31.07.<\/li>\n<li><a href=\"http:\/\/faena.com\/artscenter-new#!\/\">Faena Arts Center<\/a>, Aim\u00e9 Paine 1169, Puerto Madero, Buenos Aires (S\u00e1b, Dom y Lun 13-20 hs. Entrada: $50. Lunes gratis): Ragnar Kjartansson (Islandia), &#8220;The Visitors&#8221;. 31.05.-08.06.: Lun-Vie 14-21 hs. 13.06.-29.06.: Horarios habituales. \/ AUTO BODY, performances. 31.05.-08.06.: Lun-Vie 14-21 hs.<\/li>\n<li><a href=\"http:\/\/www.proa.org\/esp\/\">Fundaci\u00f3n Proa<\/a>, Pedro de Mendoza 1929, La Boca, Buenos Aires (Mar-Dom 11-19 hs, Lun cerrado. Entrada $20, jubilados $10 y estudiantes $5; Mar gratis para estudiantes): Mona Hatoum (L\u00edbano), instalaciones, videos, fotograf\u00edas, esculturas y objetos desde la d\u00e9cada del 80 hasta la obra que realiz\u00f3 especialmente para Fundaci\u00f3n Proa. Curadora: Chiara Bertola. 28.03.-14.06.<\/li>\n<li><a href=\"https:\/\/www.facebook.com\/gachiprietogallery\">Gachi Prieto Gallery<\/a>, Aguirre 1017, Villa Crespo, Buenos Aires (Lun-Vie 14-19 hs): Rob Verf, &#8220;Resonancia magn\u00e9tica&#8221;, pinturas y video. Texto curatorial: Rodrigo Alonso. 28.05.-11.07.<\/li>\n<li><a href=\"http:\/\/www.holzgaleriadearte.com.ar\/\">Galer\u00eda Holz<\/a>, Rep\u00fablica \u00c1rabe Siria 3065, local 5, Buenos Aires (Mar-Vie 13-20, S\u00e1b y Dom 11-20 hs. Tel. +5411-4843-1527\/4394-0779): Eloisa Ballivian, &#8220;Modo Avi\u00f3n&#8221;, pinturas. Inauguraci\u00f3n: 04.06., 18.30 hs.<\/li>\n<li><a href=\"http:\/\/www.hilogaleria.com\/\">Hilo Galer\u00eda de Arte Contempor\u00e1neo<\/a>, Av. Scalabrini Ortiz 1396, Buenos Aires (Mar-Vie 14-19 hs, S\u00e1b y Dom con cita previa, Tel. +54-9-11-68260005): &#8220;\u00daltimas revelaciones&#8221;, obras de Luciana Rondolini y Marcos Mangani. Curadoras: Melisa Boratyn y Mariel Breuer. Desde 27.05.<\/li>\n<li><a href=\"http:\/\/www.malba.org.ar\/web\/\">Malba<\/a> (Museo de Arte Latinoamericano de Buenos Aires), Av. Figueroa Alcorta 3415, Buenos Aires (Jue-Lun y feriados 12-20 hs, Mi\u00e9 hasta 21 hs, Mar cerrado. Entrada 60 pesos; estudiantes, docentes, jubilados o mayores de 65 a\u00f1os con acreditaci\u00f3n vigente 30 pesos. Personas con discapacidad: sin cargo; menores de 5 a\u00f1os: sin cargo. Mi\u00e9: Entrada 30 pesos; estudiantes, docentes y jubilados con acreditaci\u00f3n vigente: sin cargo. Personas con discapacidad: sin cargo): &#8220;Arte latinoamericano siglo XX&#8221;. Colecci\u00f3n permanente. \/ Annemarie Heinrich (Darmstadt, Alemania, 1912 &#8211; Buenos Aires, 2005), &#8220;Intenciones Secretas&#8221;, 90 fotograf\u00edas 1930-1960. 20.03.-06.07.<\/li>\n<li><a href=\"http:\/\/untref.edu.ar\/muntref\/\">MUNTREF<\/a> Centro de Arte Contempor\u00e1neo, Sede Hotel de Inmigrantes, Av. Ant\u00e1rtida Argentina 1355, entre Direcci\u00f3n Nacional de Migraciones y Buquebus, entrada por Apostadero Naval, D\u00e1rsena Norte (Mar-Dom 11-19 hs. Entrada gratuita. Visitas guiadas: Mar-Dom 17 hs): &#8220;Vik Muniz, Buenos Aires&#8221;, 20 a\u00f1os de la producci\u00f3n de este artista brasile\u00f1o de proyecci\u00f3n internacional. Se podr\u00e1n ver las series m\u00e1s representativas: &#8220;The best of life&#8221;, &#8220;Im\u00e1genes de basura&#8221;, &#8220;Despu\u00e9s de Warhol&#8221;, &#8220;Equivalentes&#8221;, entre otras. Adem\u00e1s, se presentar\u00e1 el video de &#8220;Lampedusa&#8221;, la instalaci\u00f3n flotante que prepar\u00f3 para la Bienal de Venecia y el film &#8220;Wasteland&#8221; (nominado al Oscar al mejor documental). 21.05.-14.09.<\/li>\n<li><a href=\"https:\/\/www.facebook.com\/museoquinquela\">Museo Benito Quinquela Mart\u00edn<\/a>, Av. Pedro de Mendoza 1835, La Boca, Buenos Aires (Mar-Dom 11-18 hs): <a href=\"http:\/\/www.clarin.com\/cultura\/Quinquela_Martin-La_Boca-arte_argentino_0_1281471874.html\">&#8220;Arte Argentino&#8221;<\/a>, 57 obras elegidas entre el archivo de casi mil del Museo, entre otros, de Benito Quinquela Mart\u00edn, Justo Lynch, Pio Collivadino, Cleto Ciocchini, Alfredo Gramajo Guti\u00e9rrez, Fernando Fader. Curadora: Sabrina D\u00edaz. Hasta 30.12.<\/li>\n<li><a href=\"http:\/\/www.macba.com.ar\/\">Museo de Arte Contempor\u00e1neo (MACBA)<\/a>, Av. San Juan 328, Buenos Aires (Lun-Vie 12-19, S\u00e1b y Dom 11-19.30 hs. Martes cerrado. Entrada: 30 pesos. Estudiantes, docentes y jubilados o mayores de 65 a\u00f1os con acreditaci\u00f3n vigente: 20 pesos. Menores de 12 a\u00f1os: gratis. Mi\u00e9: General: 20 pesos. Estudiantes, docentes y jubilados o mayores de 65 a\u00f1os con acreditaci\u00f3n vigente: sin cargo. Menores de 12 a\u00f1os: gratis): Liu Bolin (China), &#8220;Desapareciendo&#8221;, trabajos de camuflaje realizados a partir de una serie de foto-performances. 18.04.-21.06.<\/li>\n<li><a href=\"http:\/\/www.museosivori.org.ar\/\">Museo Eduardo S\u00edvori<\/a>, Av. Infanta Isabel 555, frente al puente del Rosedal de Palermo, Buenos Aires (Mar-Vie 12-20, S\u00e1b, Dom y feriados 10-20 hs. Entrada $10, Mi\u00e9 y S\u00e1b gratis): Victor Delhez, retrospectiva. Inauguraci\u00f3n: 06.06., 12 hs. Hasta 05.07. \/ Isa\u00edas Nougues, &#8220;Encuentros y soledades&#8221;. Inauguraci\u00f3n: 06.06., 12 hs. Hasta 05.07. \/ &#8220;Graburatoris&#8221;, Libro de Artistas. Curador: Carlos Scannapieco. Inauguraci\u00f3n: 06.06., 12 hs. Hasta 05.07. \/ &#8220;La Ciudad vista por los artistas&#8221;. Obras de la Colecci\u00f3n. Inauguraci\u00f3n: 06.06., 12 hs. Hasta 05.07.<\/li>\n<li><a href=\"http:\/\/www.norafisch.com\/galeria.php\">Nora Fisch Arte Contempor\u00e1neo<\/a>, Av. C\u00f3rdoba 5222, Buenos Aires (Lun-Vie 15-20 hs o por cita previa, 011-6235-2030): Cynthia Kampelmacher, &#8220;Construir una po\u00e9tica&#8221;. Sala 1. 09.05.-12.06.<\/li>\n<li><a href=\"http:\/\/www.pasaje17.com\/\">Pasaje 17 Arte Contempor\u00e1neo<\/a>, Bartolom\u00e9 Mitre 1559, Buenos Aires (Lun-Vie 11-19 hs): Fernando Goin, &#8220;Los Muchachos&#8221;. 29.04.-11.06.<\/li>\n<li><a href=\"http:\/\/www.psgallery.com\/\">PS Gallery<\/a>, Per\u00f3n 690, Buenos Aires (Lun-Vie 10-18 hs): Nora Iniesta, &#8220;Celeste, Blanco y Celeste&#8221;. 26.05.-10.07.<\/li>\n<li><a href=\"http:\/\/www.rolfart.com.ar\/\">Rolf Art<\/a>, Posadas 1583, PB &#8220;A&#8221;, Buenos Aires (Lun-Vie 11-20 hs): Adriana Lestido, &#8220;M\u00e9xico&#8221;, fotos. 27.03.-12.06.<\/li>\n<li><a href=\"http:\/\/www.ruthbenzacar.com\/\">Ruth Benzacar<\/a>, Juan Ram\u00edrez de Velasco 1287, Buenos Aires (Lun-Vie 14-19 hs. Tel: +54-11-4313-8480\/4857-3322): Provisorio Permanente, &#8220;Mirar la obscuridad&#8221;. 20.05.-03.07.<\/li>\n<\/ul>\n","protected":false},"excerpt":{"rendered":"<p>Klicken Sie hier, um die deutsche Version zu lesen. Agenda de Muestras del 30\/05\/2015 Por Susanne Franz La Feria de Arte Contempor\u00e1neo arteBA es una de las m\u00e1s importantes en Latinoam\u00e9rica. Este a\u00f1o se llevar\u00e1 a cabo entre el 4 y el 7 de Junio en el Predio La Rural en el barrio de Palermo. [&hellip;]<\/p>\n","protected":false},"author":1,"featured_media":0,"comment_status":"open","ping_status":"open","sticky":false,"template":"","format":"standard","meta":{"footnotes":""},"categories":[18],"tags":[],"class_list":["post-21455","post","type-post","status-publish","format-standard","hentry","category-agenda"],"_links":{"self":[{"href":"https:\/\/kunstinargentinien.com\/index.php\/wp-json\/wp\/v2\/posts\/21455","targetHints":{"allow":["GET"]}}],"collection":[{"href":"https:\/\/kunstinargentinien.com\/index.php\/wp-json\/wp\/v2\/posts"}],"about":[{"href":"https:\/\/kunstinargentinien.com\/index.php\/wp-json\/wp\/v2\/types\/post"}],"author":[{"embeddable":true,"href":"https:\/\/kunstinargentinien.com\/index.php\/wp-json\/wp\/v2\/users\/1"}],"replies":[{"embeddable":true,"href":"https:\/\/kunstinargentinien.com\/index.php\/wp-json\/wp\/v2\/comments?post=21455"}],"version-history":[{"count":12,"href":"https:\/\/kunstinargentinien.com\/index.php\/wp-json\/wp\/v2\/posts\/21455\/revisions"}],"predecessor-version":[{"id":21832,"href":"https:\/\/kunstinargentinien.com\/index.php\/wp-json\/wp\/v2\/posts\/21455\/revisions\/21832"}],"wp:attachment":[{"href":"https:\/\/kunstinargentinien.com\/index.php\/wp-json\/wp\/v2\/media?parent=21455"}],"wp:term":[{"taxonomy":"category","embeddable":true,"href":"https:\/\/kunstinargentinien.com\/index.php\/wp-json\/wp\/v2\/categories?post=21455"},{"taxonomy":"post_tag","embeddable":true,"href":"https:\/\/kunstinargentinien.com\/index.php\/wp-json\/wp\/v2\/tags?post=21455"}],"curies":[{"name":"wp","href":"https:\/\/api.w.org\/{rel}","templated":true}]}}