{"id":21493,"date":"2015-05-27T14:10:14","date_gmt":"2015-05-27T17:10:14","guid":{"rendered":"http:\/\/kunstinargentinien.com\/?p=21493"},"modified":"2015-06-01T14:11:53","modified_gmt":"2015-06-01T17:11:53","slug":"ein-palast-fur-die-kultur","status":"publish","type":"post","link":"https:\/\/kunstinargentinien.com\/index.php\/2015\/05\/27\/ein-palast-fur-die-kultur\/","title":{"rendered":"Ein Palast f\u00fcr die Kultur"},"content":{"rendered":"<p><strong>&#8220;Centro Cultural Kirchner&#8221; in Buenos Aires eingeweiht<\/p>\n<p><em>Von Marcus Christoph<\/em><\/strong><\/p>\n<p><a href=\"http:\/\/kunstinargentinien.com\/wp-content\/uploads\/2015\/06\/kuppel1.jpg\"><img loading=\"lazy\" decoding=\"async\" src=\"http:\/\/kunstinargentinien.com\/wp-content\/uploads\/2015\/06\/kuppel1.jpg\" alt=\"kuppel1\" width=\"500\" height=\"333\" class=\"aligncenter size-full wp-image-21498\" srcset=\"https:\/\/kunstinargentinien.com\/wp-content\/uploads\/2015\/06\/kuppel1.jpg 500w, https:\/\/kunstinargentinien.com\/wp-content\/uploads\/2015\/06\/kuppel1-300x199.jpg 300w\" sizes=\"auto, (max-width: 500px) 100vw, 500px\" \/><\/a><br \/>\nPersonenkult auf Argentinisch: Pr\u00e4sidentin Cristina Fern\u00e1ndez de Kirchner weihte vor wenigen Tagen in Buenos Aires das gr\u00f6\u00dfte Kulturzentrum Lateinamerikas ein, das den Namen der Pr\u00e4sidentenfamilie tr\u00e4gt. Das &#8220;Centro Cultural Kirchner&#8221; (Kirchner-Kulturzentrum) ist in den vergangenen sechs Jahren im umgestalteten ehemaligen Hauptpostamt entstanden. Auf einer Fl\u00e4che von 116.000 Quadratmetern soll es ein Forum f\u00fcr Musik, Theater und Malerei sein. Es misst sich mit anderen gro\u00dfen Kulturzentren der Welt wie dem Centre Pompidou in Paris, dem Lincoln Center in New York, dem Barbican Centre in London oder dem Tokyo International Forum.<\/p>\n<p><a href=\"http:\/\/kunstinargentinien.com\/wp-content\/uploads\/2015\/06\/orgel.jpg\"><img loading=\"lazy\" decoding=\"async\" src=\"http:\/\/kunstinargentinien.com\/wp-content\/uploads\/2015\/06\/orgel.jpg\" alt=\"orgel\" width=\"250\" height=\"166\" class=\"alignright size-full wp-image-21496\" \/><\/a>Herzst\u00fcck ist ein moderner Konzertsaal, der aufgrund seiner Form und Farbe &#8220;Ballena Azul&#8221; (Blauer Wal) genannt wird. Hier finden 1750 Zuschauer Platz. Der Raum wird dominiert von einer gro\u00dfen Orgel, die von der deutschen Firma Klais angefertigt wurde. In dem Saal wird das Nationale Symphonieorchester seinen Sitz haben. Ein weiterer Saal f\u00fcr Kammermusik mit einem Fassungsverm\u00f6gen von 600 Personen befindet sich im Untergeschoss.<\/p>\n<p>Architektonisch interessant ist auch der &#8220;Gran L\u00e1mpara&#8221; (Gro\u00dfe Leuchte) genannte gl\u00e4serne Bereich: Es handelt sich um eine H\u00e4ngekonstruktion, die an der Decke befestigt ist und \u00fcber dem gro\u00dfen Konzertsaal &#8220;schwebt&#8221;. Dort wird derzeit noch an R\u00e4umen gearbeitet, die f\u00fcr Kunstausstellungen aller Art genutzt werden k\u00f6nnen. \u00dcberhaupt wird auf vielen Etagen derzeit noch gebaut.<\/p>\n<p>Insgesamt z\u00e4hlt das Kirchner-Kulturzentrum mehr als 40 S\u00e4le und R\u00e4ume f\u00fcr verschiedenste kulturelle Zwecke. &#8220;Es gibt Kunst in allen Facetten&#8221;, erl\u00e4uterte Kulturministerin Teresa Parodi. Alle Veranstaltungen seien f\u00fcr die B\u00fcrger kostenfrei, unterstrich die ber\u00fchmte S\u00e4ngerin. Denn: &#8220;Die Kultur geh\u00f6rt dem Volk.&#8221;<\/p>\n<p>Die Idee zu dem Kulturzentrum stammt vom damaligen Pr\u00e4sidenten N\u00e9stor Kirchner, der vor gut zehn Jahren einen Wettbewerb zur Renovierung und Umgestaltung des monumentalen Geb\u00e4udes in Hafenn\u00e4he initiierte. Damals stand der 1928 eingeweihte Bau bereits einige Jahre leer, da die Post ihn nicht mehr ben\u00f6tigte. <\/p>\n<p>Es dauerte bis 2009, ehe der Wettbewerb abgeschlossen war und mit den Arbeiten begonnen werden konnte. Urspr\u00fcnglich war geplant, das entstehende Kulturzentrum anl\u00e4sslich der 200 Jahr-Feier Argentiniens im Jahr 2010 &#8220;Centro Cultural del Bicentenario&#8221; zu nennen. Doch 2012 beschloss der Kongress, dem Komplex den Namen des zwei Jahre zuvor verstorbenen N\u00e9stor Kirchner zu geben.<\/p>\n<p><a href=\"http:\/\/kunstinargentinien.com\/wp-content\/uploads\/2015\/06\/k-saal.jpg\"><img loading=\"lazy\" decoding=\"async\" src=\"http:\/\/kunstinargentinien.com\/wp-content\/uploads\/2015\/06\/k-saal.jpg\" alt=\"k-saal\" width=\"250\" height=\"166\" class=\"alignright size-full wp-image-21499\" \/><\/a>Dem Namensgeber ist auch ein eigener Raum gewidmet, in dem pers\u00f6nliche Erinnerungen an den Ex-Pr\u00e4sidenten sowie ein Landschaftspanorama aus Kirchners patagonischer Heimat zu sehen sind. Gekr\u00f6nt wird das Geb\u00e4ude von einer Glaskuppel, von der aus man einen beeindruckenden Blick \u00fcber das Hafenviertel und den R\u00edo de la Plata hat.<\/p>\n<p>Die Kosten f\u00fcr das Kulturzentrum betrugen nach Angaben von Planungsminister Julio de Vido 2,1 Milliarden Pesos. Das Projekt zeige, welche Bedeutung die Kultur im zur\u00fcckliegenden Jahrzehnt gewonnen habe, so der Minister. Ziel sei es, dass das Geb\u00e4ude jeden Tag voller Menschen sei. Der Kulturpalast sei f\u00fcr das ganze Volk bestimmt, meinte De Vido, der ein langj\u00e4hriger politischer Weggef\u00e4hrte der Kirchners ist.<\/p>\n<p><strong>Fotos von oben nach unten:<\/strong><\/p>\n<p>Die Kuppel.<\/p>\n<p>Der &#8220;Ballena Azul&#8221; genannte Konzertsaal mit der von einer deutschen Firma hergestellten Orgel.<\/p>\n<p>Der Kirchner-Raum.<br \/>\n(Fotos: Marcus Christoph)<\/p>\n","protected":false},"excerpt":{"rendered":"<p>&#8220;Centro Cultural Kirchner&#8221; in Buenos Aires eingeweiht Von Marcus Christoph Personenkult auf Argentinisch: Pr\u00e4sidentin Cristina Fern\u00e1ndez de Kirchner weihte vor wenigen Tagen in Buenos Aires das gr\u00f6\u00dfte Kulturzentrum Lateinamerikas ein, das den Namen der Pr\u00e4sidentenfamilie tr\u00e4gt. Das &#8220;Centro Cultural Kirchner&#8221; (Kirchner-Kulturzentrum) ist in den vergangenen sechs Jahren im umgestalteten ehemaligen Hauptpostamt entstanden. Auf einer Fl\u00e4che [&hellip;]<\/p>\n","protected":false},"author":1,"featured_media":0,"comment_status":"open","ping_status":"open","sticky":false,"template":"","format":"standard","meta":{"footnotes":""},"categories":[23,14],"tags":[],"class_list":["post-21493","post","type-post","status-publish","format-standard","hentry","category-architektur-arquitectura","category-gesellschaft-sociedad"],"_links":{"self":[{"href":"https:\/\/kunstinargentinien.com\/index.php\/wp-json\/wp\/v2\/posts\/21493","targetHints":{"allow":["GET"]}}],"collection":[{"href":"https:\/\/kunstinargentinien.com\/index.php\/wp-json\/wp\/v2\/posts"}],"about":[{"href":"https:\/\/kunstinargentinien.com\/index.php\/wp-json\/wp\/v2\/types\/post"}],"author":[{"embeddable":true,"href":"https:\/\/kunstinargentinien.com\/index.php\/wp-json\/wp\/v2\/users\/1"}],"replies":[{"embeddable":true,"href":"https:\/\/kunstinargentinien.com\/index.php\/wp-json\/wp\/v2\/comments?post=21493"}],"version-history":[{"count":4,"href":"https:\/\/kunstinargentinien.com\/index.php\/wp-json\/wp\/v2\/posts\/21493\/revisions"}],"predecessor-version":[{"id":21501,"href":"https:\/\/kunstinargentinien.com\/index.php\/wp-json\/wp\/v2\/posts\/21493\/revisions\/21501"}],"wp:attachment":[{"href":"https:\/\/kunstinargentinien.com\/index.php\/wp-json\/wp\/v2\/media?parent=21493"}],"wp:term":[{"taxonomy":"category","embeddable":true,"href":"https:\/\/kunstinargentinien.com\/index.php\/wp-json\/wp\/v2\/categories?post=21493"},{"taxonomy":"post_tag","embeddable":true,"href":"https:\/\/kunstinargentinien.com\/index.php\/wp-json\/wp\/v2\/tags?post=21493"}],"curies":[{"name":"wp","href":"https:\/\/api.w.org\/{rel}","templated":true}]}}