{"id":21617,"date":"2015-06-13T11:47:35","date_gmt":"2015-06-13T14:47:35","guid":{"rendered":"http:\/\/kunstinargentinien.com\/?p=21617"},"modified":"2015-06-26T17:42:07","modified_gmt":"2015-06-26T20:42:07","slug":"agenda-kalender-447","status":"publish","type":"post","link":"https:\/\/kunstinargentinien.com\/index.php\/2015\/06\/13\/agenda-kalender-447\/","title":{"rendered":"Agenda \/ Kalender"},"content":{"rendered":"<p><a href=\"http:\/\/kunstinargentinien.com\/index.php\/2015\/06\/13\/kalender-agenda-458\/\">Klicken Sie hier, um die deutsche Version zu lesen.<\/a><\/p>\n<p><strong>Agenda de Muestras del 13\/06\/2015<\/p>\n<p><em>Por Susanne Franz<\/em><\/strong><\/p>\n<p><a href=\"http:\/\/kunstinargentinien.com\/wp-content\/uploads\/2015\/06\/revolver_balnearios.jpg\"><img loading=\"lazy\" decoding=\"async\" src=\"http:\/\/kunstinargentinien.com\/wp-content\/uploads\/2015\/06\/revolver_balnearios.jpg\" alt=\"revolver_balnearios\" width=\"500\" height=\"185\" class=\"aligncenter size-full wp-image-21519\" srcset=\"https:\/\/kunstinargentinien.com\/wp-content\/uploads\/2015\/06\/revolver_balnearios.jpg 500w, https:\/\/kunstinargentinien.com\/wp-content\/uploads\/2015\/06\/revolver_balnearios-300x111.jpg 300w\" sizes=\"auto, (max-width: 500px) 100vw, 500px\" \/><\/a><br \/>\nEl 11 de Junio arranc\u00f3 en la Sala Leopoldo Lugones en Buenos Aires (Av. Corrientes 1530) el ciclo de cine alem\u00e1n-argentino &#8220;REVOLVER Buenos Aires&#8221; (hasta 21 de Junio). Organizado y curado por Franz M\u00fcller y Hannes Br\u00fchwiler de la revista Revolver de Berl\u00edn, la coordinadora de cine del Goethe-Institut Buenos Aires, Inge Stache, y el director art\u00edstico de la Sala Lugones, Luciano Monteagudo, muestra diariamente dos pel\u00edculas -una alemana, una argentina- que por varias razones -todas explicadas en la p\u00e1gina web del <a href=\"http:\/\/www.goethe.de\/ins\/ar\/es\/bue\/ver.cfm?fuseaction=events.detail&#038;event_id=20540378\">Goethe-Institut<\/a>&#8211; entran en di\u00e1logo, se contradicen o se complementan. En la <a href=\"http:\/\/complejoteatral.gob.ar\/ver\/cine\/10054-REVOLVER-Buenos-Aires-Afinidades-electivas-entre-films-argentinos-y-alemanes----Teatro-San-Martin?ascm_content_change=319\">p\u00e1gina de la Sala Lugones<\/a> se encuentra la grilla completa.<\/p>\n<p>Vino a Buenos Aires el director de cine y editor de Revolver <a href=\"http:\/\/www.imdb.com\/name\/nm1390848\/\">Franz M\u00fcller<\/a> para presentar el ciclo. Hasta este fin de semana -siempre en la funci\u00f3n de las 19.30 horas-  dialogar\u00e1 con directores y especialistas de cine argentinos. (Entrevistas con Franz M\u00fcller en el <a href=\"http:\/\/www.buenosairesherald.com\/article\/191306\/%E2%80%98we-chose-films-about-films-and-films-about-life%E2%80%99\">&#8220;Buenos Aires Herald&#8221;<\/a> y <a href=\"http:\/\/www.pagina12.com.ar\/diario\/suplementos\/espectaculos\/5-35776-2015-06-11.html\">P\u00e1gina\/12<\/a>.)<\/p>\n<p>Hoy, s\u00e1bado, 13 de Junio, se podr\u00e1n ver &#8220;Fantasma&#8221; de Lisandro Alonso y &#8220;Winter Ad\u00e9&#8221; de Heike Misselwitz; ma\u00f1ana, domingo, 14 de Junio, &#8220;Balnearios&#8221; de Mariano Llin\u00e1s (foto) y &#8220;Leben BRD&#8221; de Harun Farocki.<\/p>\n<p>Alegr\u00eda para los amantes del arte: El jueves, 18 de Junio, de 19 a 22 horas, se llevar\u00e1 a cabo una nueva edici\u00f3n de &#8220;Gallery Nights&#8221; en Buenos Aires, la segunda de este a\u00f1o. En esta oportunidad, las galer\u00edas del <a href=\"http:\/\/gallery-nights.com.ar\/recorridorecoleta.html\">Circuito Centro<\/a> que se extiende desde San Mart\u00edn hasta Ayacucho y desde Tucum\u00e1n hasta Av. del Libertador (Retiro, Recoleta y Barrio Norte) mantendr\u00e1n sus puertas abiertas para recibir a los visitantes interesados.<\/p>\n<p>Las muestras de la semana:<!--more--><\/p>\n<ul>\n<li>Arcimboldo Galer\u00eda de Arte, Reconquista 761, &#8220;14&#8221;, Buenos Aires (Lun-Vie 15-19 hs): Marta Diez, pinturas. Inauguraci\u00f3n: 15.06., 19-21 hs.<\/li>\n<li><a href=\"http:\/\/www.buenosairesfinearts.com\/\">Buenos Aires Fine Arts<\/a>, Cuba 1930, Belgrano, Buenos Aires (Lun-Vie 13-19, S\u00e1b 9-13 hs): &#8220;Desnudos in\u00e9ditos&#8221;, obras de Julio Lavall\u00e9n, Mart\u00edn Pallotini y Eduardo Silberstein. 11.06.-10.07.<\/li>\n<li><a href=\"http:\/\/agendacultural.buenosaires.gob.ar\/evento\/munecas-antiguas-en-la-casa-fernandez-blanco\/5094\">Casa Fern\u00e1ndez Blanco<\/a>, Hip\u00f3lito Yrigoyen 1420, Buenos Aires (Mar-Vie 12-18, S\u00e1b y Dom 11-17 hs. Feriados cerrado. Entrada $2, Mi\u00e9 y Jue gratis): &#8220;Hab\u00eda una vez&#8230;, mu\u00f1ecas y juguetes 1870-1940. Colecci\u00f3n de Mabel y Mar\u00eda Castellano Fotheringham&#8221;. Hasta 30.12.<\/li>\n<li><a href=\"http:\/\/www.ccborges.org.ar\/index2.htm\">Centro Cultural Borges<\/a>, Viamonte esq. San Mart\u00edn, Buenos Aires (Lun-S\u00e1b 10-21, Dom 12-21 hs. Entrada: $30, jubilados y estudiantes: $25, menores de 5 a\u00f1os sin cargo): &#8220;Reflejo de Alicia&#8221;, obras de Alfredo S\u00e1bat y Ale Moreno. 21.05.-14.06.<\/li>\n<li><a href=\"http:\/\/www.centrocultural.coop\/\">Centro Cultural de la Cooperaci\u00f3n<\/a>, Av. Corrientes 1543, Buenos Aires (Lun-S\u00e1b 14-22, Dom 17-20.30 hs): &#8220;SerEsSur&#8221;, poes\u00eda visual patag\u00f3nica. Obras de Andrea Polito (Neuqu\u00e9n), Mar\u00eda Esther Galera (General Roca), Jos\u00e9 Luis Tu\u00f1\u00f3n (Comodoro Rivadavia), Daniela Mastrandrea (Puerto Madryn). Sala Abraham Vigo, PB. Hasta 28.06.<\/li>\n<li><a href=\"http:\/\/www.culturalkirchner.gob.ar\/\">Centro Cultural Kirchner<\/a>, Sarmiento 151, Buenos Aires (Vie, S\u00e1b y Dom 14-24 hs, con visitas guiadas 14-17.30 hs, cada treinta minutos): Sophie Calle (Francia), &#8220;Cu\u00eddese mucho&#8221;, instalaci\u00f3n. 26.05.-23.08.<\/li>\n<li><a href=\"http:\/\/www.centroculturalrecoleta.org\/nuevositio\/\">Centro Cultural Recoleta<\/a>, Jun\u00edn 1930, Buenos Aires (Mar-Vie 13.30-20.30, S\u00e1b, Dom y feriados 11.30-20.30 hs. Lun cerrado. Entrada libre y gratuita): 8\u00ba Festival &#8220;Ciudad Emergente&#8221;, recitales, arte callejero, moda, cine, danza, muestras, etc. 17.06.-21.06.<\/li>\n<li><ra href=\"http:\/\/www.cecrosario.org.ar\/\">Centro de Expresiones Contempor\u00e1neas<\/a>, Paseo de las Artes y el r\u00edo Paran\u00e1, Rosario, Provincia de Santa Fe, Argentina (Jue-Dom 16-20 hs): Marga Steinwasser, &#8220;\u00bfHac\u00e9s lo que so\u00f1\u00e1s?&#8221;. 10.06.-28.06.<\/li>\n<li><a href=\"http:\/\/www.coleccionfortabat.org.ar\/\">Colecci\u00f3n de Arte Amalia Lacroze de Fortabat<\/a>, Olga Cossetini 141, Puerto Madero, Buenos Aires (Mar-Dom 12-20 hs, Lun cerrado. Entrada: $50, $25 para menores de 12 a\u00f1os, jubilados, estudiantes y docentes, Mi\u00e9 $25 y acceso gratuito para menores de 12 a\u00f1os, jubilados, estudiantes y docentes con acreditaci\u00f3n): Colecci\u00f3n permanente. Salas 1\u00ba y 2\u00ba Subsuelo. \/ &#8220;Marcelo Pombo, un artista del pueblo&#8221;. Curadora: In\u00e9s Katzenstein. 1\u00ba Piso. 27.05.-16.08.<\/li>\n<li><a href=\"https:\/\/www.facebook.com\/espaciobolivarBA\">Espacio Bol\u00edvar<\/a>, Bol\u00edvar 1717, Buenos Aires (Lun-Vie 18-21 hs): Rodolfo Medina, &#8220;Im\u00e1genes patag\u00f3nicas y cordilleranas&#8221;, fotos. Curadora: Pelusa Borthwick. 11.06.-30.06.<\/li>\n<li><a href=\"http:\/\/www.artefundacionosde.com.ar\/BO\/home.asp\">Espacio de Arte Fundaci\u00f3n Osde<\/a>, Suipacha 658, 1\u00ba piso, Buenos Aires (Lun-S\u00e1b 12-20 hs. Entrada gratuita): Alejandro Puente, &#8220;Abstracci\u00f3n y Tradici\u00f3n Americana&#8221;. Curadora: Mariana Machesi. 21.05.-25.07. 11.06., 20 hs: Encuentro con Mariana Machesi. \/ Carolina Antoniadis, &#8220;Ocaso&#8221;. Vidriera. 21.05.-25.07. \/ Cristina Tomsig, &#8220;Naranja m\u00edstico&#8221;. Intervenci\u00f3n en salitas. 21.05.-19.06.<\/li>\n<li><a href=\"http:\/\/espaciopla.com\/\">Espacio Pla<\/a>, Malabia 1841, loft 2, Palermo, Buenos Aires (Mi\u00e9-S\u00e1b 16-20 hs o con cita previa, Tel. +54-11-4833-5838, info@espaciopla.com): Maximiliano Bellmann, &#8220;Sat\u00e9lite&#8221;. Curadora: Merlina Ra\u00f1i. 29.05.-31.07.<\/li>\n<li><a href=\"http:\/\/faena.com\/artscenter-new#!\/\">Faena Arts Center<\/a>, Aim\u00e9 Paine 1169, Puerto Madero, Buenos Aires (S\u00e1b, Dom y Lun 13-20 hs. Entrada: $50. Lunes gratis): Ragnar Kjartansson (Islandia), &#8220;The Visitors&#8221;. 13.06.-29.06.<\/li>\n<li><a href=\"http:\/\/www.proa.org\/esp\/\">Fundaci\u00f3n Proa<\/a>, Pedro de Mendoza 1929, La Boca, Buenos Aires (Mar-Dom 11-19 hs, Lun cerrado. Entrada $20, jubilados $10 y estudiantes $5; Mar gratis para estudiantes): Mona Hatoum (L\u00edbano), instalaciones, videos, fotograf\u00edas, esculturas y objetos desde la d\u00e9cada del 80 hasta la obra que realiz\u00f3 especialmente para Fundaci\u00f3n Proa. Curadora: Chiara Bertola. 28.03.-14.06.<\/li>\n<li><a href=\"https:\/\/www.facebook.com\/gachiprietogallery\">Gachi Prieto Gallery<\/a>, Aguirre 1017, Villa Crespo, Buenos Aires (Lun-Vie 14-19 hs): Rob Verf, &#8220;Resonancia magn\u00e9tica&#8221;, pinturas y video. Texto curatorial: Rodrigo Alonso. 28.05.-11.07.<\/li>\n<li><a href=\"http:\/\/www.galeriahuellas.com.ar\/\">Galer\u00eda Huellas<\/a>, Sargento Cabral 881, PB &#8220;A&#8221;, Buenos Aires (Lun-Vie 13-19, S\u00e1b 10-12.30 hs): Graciela Dietl, pinturas. Inauguraci\u00f3n: 18.06., 19 hs. Hasta 13.07.<\/li>\n<li><a href=\"http:\/\/www.malba.org.ar\/web\/\">Malba<\/a> (Museo de Arte Latinoamericano de Buenos Aires), Av. Figueroa Alcorta 3415, Buenos Aires (Jue-Lun y feriados 12-20 hs, Mi\u00e9 hasta 21 hs, Mar cerrado. Entrada 60 pesos; estudiantes, docentes, jubilados o mayores de 65 a\u00f1os con acreditaci\u00f3n vigente 30 pesos. Personas con discapacidad: sin cargo; menores de 5 a\u00f1os: sin cargo. Mi\u00e9: Entrada 30 pesos; estudiantes, docentes y jubilados con acreditaci\u00f3n vigente: sin cargo. Personas con discapacidad: sin cargo): &#8220;Arte latinoamericano siglo XX&#8221;. Colecci\u00f3n permanente. \/ Annemarie Heinrich (Darmstadt, Alemania, 1912 &#8211; Buenos Aires, 2005), &#8220;Intenciones Secretas&#8221;, 90 fotograf\u00edas 1930-1960. 20.03.-06.07. \/ &#8220;Polesello joven 1958-1974&#8221;. Curadora: Mercedes Casanegra. Inauguraci\u00f3n: 25.06., 19 hs. Hasta 12.10.\/ &#8220;Memorias imborrables. Una mirada hist\u00f3rica sobre la Colecci\u00f3n Videobrasil&#8221;. Curador: Agust\u00edn P\u00e9rez Rubio. Inauguraci\u00f3n: 25.06., 19 hs. Hasta 20.08.<\/li>\n<li><a href=\"http:\/\/untref.edu.ar\/muntref\/\">MUNTREF<\/a> Centro de Arte Contempor\u00e1neo, Sede Hotel de Inmigrantes, Av. Ant\u00e1rtida Argentina 1355, entre Direcci\u00f3n Nacional de Migraciones y Buquebus, entrada por Apostadero Naval, D\u00e1rsena Norte (Mar-Dom 11-19 hs. Entrada gratuita. Visitas guiadas: Mar-Dom 17 hs): &#8220;Vik Muniz, Buenos Aires&#8221;, 20 a\u00f1os de la producci\u00f3n de este artista brasile\u00f1o de proyecci\u00f3n internacional. Se podr\u00e1n ver las series m\u00e1s representativas: &#8220;The best of life&#8221;, &#8220;Im\u00e1genes de basura&#8221;, &#8220;Despu\u00e9s de Warhol&#8221;, &#8220;Equivalentes&#8221;, entre otras. Adem\u00e1s, se presentar\u00e1 el video de &#8220;Lampedusa&#8221;, la instalaci\u00f3n flotante que prepar\u00f3 para la Bienal de Venecia y el film &#8220;Wasteland&#8221; (nominado al Oscar al mejor documental). 21.05.-14.09.<\/li>\n<li><a href=\"https:\/\/www.facebook.com\/museoquinquela\">Museo Benito Quinquela Mart\u00edn<\/a>, Av. Pedro de Mendoza 1835, La Boca, Buenos Aires (Mar-Dom 11-18 hs): <a href=\"http:\/\/www.clarin.com\/cultura\/Quinquela_Martin-La_Boca-arte_argentino_0_1281471874.html\">&#8220;Arte Argentino&#8221;<\/a>, 57 obras elegidas entre el archivo de casi mil del Museo, entre otros, de Benito Quinquela Mart\u00edn, Justo Lynch, Pio Collivadino, Cleto Ciocchini, Alfredo Gramajo Guti\u00e9rrez, Fernando Fader. Curadora: Sabrina D\u00edaz. Hasta 30.12.<\/li>\n<li>Museo <a href=\"http:\/\/www.catedraldelaplata.com\/\">Catedral<\/a>, Sala de Exposiciones Temporarias &#8220;Arzobispo Alberti&#8221;, Calle 14 e\/51 y 53, 51 e\/14 y 15, La Plata, Prov. de Buenos Aires (Mar-Dom 11-19 hs): Silvina Trigos, tapices. Desde 11.06.<\/li>\n<li><a href=\"http:\/\/www.macba.com.ar\/\">Museo de Arte Contempor\u00e1neo (MACBA)<\/a>, Av. San Juan 328, Buenos Aires (Lun-Vie 12-19, S\u00e1b y Dom 11-19.30 hs. Martes cerrado. Entrada: 30 pesos. Estudiantes, docentes y jubilados o mayores de 65 a\u00f1os con acreditaci\u00f3n vigente: 20 pesos. Menores de 12 a\u00f1os: gratis. Mi\u00e9: General: 20 pesos. Estudiantes, docentes y jubilados o mayores de 65 a\u00f1os con acreditaci\u00f3n vigente: sin cargo. Menores de 12 a\u00f1os: gratis): Liu Bolin (China), &#8220;Desapareciendo&#8221;, trabajos de camuflaje realizados a partir de una serie de foto-performances. 18.04.-04.07.<\/li>\n<li><a href=\"http:\/\/www.museosivori.org.ar\/\">Museo Eduardo S\u00edvori<\/a>, Av. Infanta Isabel 555, frente al puente del Rosedal de Palermo, Buenos Aires (Mar-Vie 12-20, S\u00e1b, Dom y feriados 10-20 hs. Entrada $10, Mi\u00e9 y S\u00e1b gratis): Victor Delhez, retrospectiva. 06.06.-05.07. \/ Isa\u00edas Nougues, &#8220;Encuentros y soledades&#8221;. 06.06.-05.07. \/ &#8220;Graburatoris&#8221;, Libro de Artistas. Curador: Carlos Scannapieco. 06.06.-05.07. \/ &#8220;La Ciudad vista por los artistas&#8221;. Obras de la Colecci\u00f3n. 06.06.-05.07.<\/li>\n<li>Museo Nacional de Arte Decorativo, Av. del Libertador 1902, Buenos Aires (Mar-Dom 14-19 hs): Miguel \u00c1ngel Vidal, retrospectiva. Desde 10.06.<\/li>\n<li>Pabell\u00f3n de las Bellas Artes de la UCA, Alicia Moreau de Justo 1300, PB, Buenos Aires (Mar-Dom 11-19 hs): Aziz + Cucher (d\u00fao de artistas Anthony Aziz (Massachusetts, EEUU) y Sammy Cucher (Lima, Per\u00fa)), videoinstalaciones &#8220;Time of the Empress&#8221; y &#8220;SB Etude II&#8221;. 14.05.-28.06.<\/li>\n<li><a href=\"http:\/\/www.palaisdeglace.gob.ar\/\">Palais de Glace<\/a>, Posadas 1725, Buenos Aires (Mar-Vie 12-20, S\u00e1b, Dom y feriados 10-20 hs. Visitas guiadas: S\u00e1b 17 y 18 hs. Entrada libre y gratuita): &#8220;Sal\u00f3n Nacional de Artes Visuales 2015&#8221; &#8211; Fotograf\u00eda, Instalaciones y Medios Alternativos. 04.06.-12.07.<\/li>\n<li><a href=\"http:\/\/www.psgallery.com\/\">PS Gallery<\/a>, Per\u00f3n 690, Buenos Aires (Lun-Vie 10-18 hs): Nora Iniesta, &#8220;Celeste, Blanco y Celeste&#8221;. 26.05.-10.07.<\/li>\n<li><a href=\"http:\/\/www.rubbers.com.ar\/\">Rubbers Internacional<\/a>, Av. Alvear 1595, Buenos Aires (Lun-Vie 11-20, S\u00e1b 11-13 hs): Gabriel Salom\u00f3n, &#8220;Espejos II&#8221;, obras 2010-2015. 11.06.-11.07.<\/li>\n<li><a href=\"http:\/\/www.ruthbenzacar.com\/\">Ruth Benzacar<\/a>, Juan Ram\u00edrez de Velasco 1287, Buenos Aires (Lun-Vie 14-19 hs. Tel: +54-11-4313-8480\/4857-3322): Provisorio Permanente, &#8220;Mirar la obscuridad&#8221;. 20.05.-03.07.<\/li>\n<li><a href=\"http:\/\/www.usinadelarte.org\/\">Usina del Arte<\/a>, Agust\u00edn Caffarena 1, esquina Av. Pedro de Mendoza, La Boca, Buenos Aires (Jue y Vie 14.20, S\u00e1b, Dom y feriados 11-20 hs. Entrada gratuita): &#8220;Tuku Iho: Legado vivo&#8221;, arte y cultura Maor\u00ed. 10.06.-10.07.<\/li>\n<li><a href=\"https:\/\/www.facebook.com\/pages\/Vallmitjana-Espacio-de-Arte\/563921260371386?fref=ts\">Vallmitjana Espacio de Arte<\/a>, Arenales 1676, Buenos Aires (Lun-Vie 14-20 hs): Jorge Meijide, &#8220;Hora Libre&#8221;. Inauguraci\u00f3n: 15.06., 19 hs. Hasta 03.07.<\/li>\n<\/ul>\n","protected":false},"excerpt":{"rendered":"<p>Klicken Sie hier, um die deutsche Version zu lesen. Agenda de Muestras del 13\/06\/2015 Por Susanne Franz El 11 de Junio arranc\u00f3 en la Sala Leopoldo Lugones en Buenos Aires (Av. Corrientes 1530) el ciclo de cine alem\u00e1n-argentino &#8220;REVOLVER Buenos Aires&#8221; (hasta 21 de Junio). Organizado y curado por Franz M\u00fcller y Hannes Br\u00fchwiler de [&hellip;]<\/p>\n","protected":false},"author":1,"featured_media":0,"comment_status":"open","ping_status":"open","sticky":false,"template":"","format":"standard","meta":{"footnotes":""},"categories":[18],"tags":[],"class_list":["post-21617","post","type-post","status-publish","format-standard","hentry","category-agenda"],"_links":{"self":[{"href":"https:\/\/kunstinargentinien.com\/index.php\/wp-json\/wp\/v2\/posts\/21617","targetHints":{"allow":["GET"]}}],"collection":[{"href":"https:\/\/kunstinargentinien.com\/index.php\/wp-json\/wp\/v2\/posts"}],"about":[{"href":"https:\/\/kunstinargentinien.com\/index.php\/wp-json\/wp\/v2\/types\/post"}],"author":[{"embeddable":true,"href":"https:\/\/kunstinargentinien.com\/index.php\/wp-json\/wp\/v2\/users\/1"}],"replies":[{"embeddable":true,"href":"https:\/\/kunstinargentinien.com\/index.php\/wp-json\/wp\/v2\/comments?post=21617"}],"version-history":[{"count":20,"href":"https:\/\/kunstinargentinien.com\/index.php\/wp-json\/wp\/v2\/posts\/21617\/revisions"}],"predecessor-version":[{"id":21830,"href":"https:\/\/kunstinargentinien.com\/index.php\/wp-json\/wp\/v2\/posts\/21617\/revisions\/21830"}],"wp:attachment":[{"href":"https:\/\/kunstinargentinien.com\/index.php\/wp-json\/wp\/v2\/media?parent=21617"}],"wp:term":[{"taxonomy":"category","embeddable":true,"href":"https:\/\/kunstinargentinien.com\/index.php\/wp-json\/wp\/v2\/categories?post=21617"},{"taxonomy":"post_tag","embeddable":true,"href":"https:\/\/kunstinargentinien.com\/index.php\/wp-json\/wp\/v2\/tags?post=21617"}],"curies":[{"name":"wp","href":"https:\/\/api.w.org\/{rel}","templated":true}]}}