{"id":21683,"date":"2015-06-20T18:48:14","date_gmt":"2015-06-20T21:48:14","guid":{"rendered":"http:\/\/kunstinargentinien.com\/?p=21683"},"modified":"2015-06-26T12:17:30","modified_gmt":"2015-06-26T15:17:30","slug":"filme-statt-bomben","status":"publish","type":"post","link":"https:\/\/kunstinargentinien.com\/index.php\/2015\/06\/20\/filme-statt-bomben\/","title":{"rendered":"Filme statt Bomben"},"content":{"rendered":"<p><strong>Anl\u00e4sslich des 70. Geburtstags des Filmemachers Rainer Werner Fassbinder zeigt der Berliner Martin-Gropius-Bau die Ausstellung &#8220;Fassbinder &#8211; JETZT&#8221;<\/p>\n<p><em>Von Nicole B\u00fcsing und Heiko Klaas<\/em><\/strong><\/p>\n<p><a href=\"http:\/\/kunstinargentinien.com\/wp-content\/uploads\/2015\/06\/fassbinder_neu.jpg\"><img loading=\"lazy\" decoding=\"async\" src=\"http:\/\/kunstinargentinien.com\/wp-content\/uploads\/2015\/06\/fassbinder_neu.jpg\" alt=\"fassbinder_neu\" width=\"500\" height=\"391\" class=\"aligncenter size-full wp-image-21788\" srcset=\"https:\/\/kunstinargentinien.com\/wp-content\/uploads\/2015\/06\/fassbinder_neu.jpg 500w, https:\/\/kunstinargentinien.com\/wp-content\/uploads\/2015\/06\/fassbinder_neu-300x234.jpg 300w\" sizes=\"auto, (max-width: 500px) 100vw, 500px\" \/><\/a><br \/>\nAuch 33 Jahre nach seinem Tod 1982 ist Rainer Werner Fassbinder immer noch aktuell. Die Faszination und Strahlkraft von Person und Werk haben bis heute nicht nachgelassen. Und: So einer wie er, der frei nach dem Motto &#8220;Ich werfe keine Bomben, ich mache Filme&#8221; den Finger in die offenen Wunden der deutschen Geschichte und Gegenwart legt, der sein Publikum verst\u00f6rt, ja qu\u00e4lt, um es gleich im n\u00e4chsten Moment wieder grandios zu unterhalten, der fehlt in der heutigen, oft blo\u00df noch auf Konsens, Quote und Marktg\u00e4ngigkeit ausgerichteten deutschen Kino- und Fernsehlandschaft.<\/p>\n<p>Zu dieser Erkenntnis gelangt man bereits kurz nach dem Betreten der Ausstellung &#8220;Fassbinder &#8211; JETZT&#8221; im Berliner Martin-Gropius-Bau. Eine Videowand mit neun kurzen, aber pr\u00e4gnanten Ausschnitten aus Interviews und Talkshows stellt dem Ausstellungsbesucher den Menschen Fassbinder in all seiner Intensit\u00e4t, Freiheitsliebe, Selbststilisierung und Kompromisslosigkeit vor.<\/p>\n<p><a href=\"http:\/\/kunstinargentinien.com\/wp-content\/uploads\/2015\/06\/fassbinder3.jpg\"><img loading=\"lazy\" decoding=\"async\" src=\"http:\/\/kunstinargentinien.com\/wp-content\/uploads\/2015\/06\/fassbinder3.jpg\" alt=\"fassbinder3\" width=\"500\" height=\"281\" class=\"aligncenter size-full wp-image-21693\" srcset=\"https:\/\/kunstinargentinien.com\/wp-content\/uploads\/2015\/06\/fassbinder3.jpg 500w, https:\/\/kunstinargentinien.com\/wp-content\/uploads\/2015\/06\/fassbinder3-300x168.jpg 300w\" sizes=\"auto, (max-width: 500px) 100vw, 500px\" \/><\/a><br \/>\nDie vom Deutschen Filmmuseum in Frankfurt entwickelte Schau war dort bereits 2013 zu sehen. In Berlin, wo es jetzt anl\u00e4sslich des 70. Geburtstags von Fassbinder am 31. Mai gezeigt wird, steht dem Projekt jedoch in den neun R\u00e4umen des Gropius-Baus doppelt so viel Fl\u00e4che zur Verf\u00fcgung wie zuvor Frankfurt. Gelegenheit also f\u00fcr die Macher der Schau, ein breites Spektrum an Exponaten zu zeigen. So ist ein ganzer Ausstellungsraum den aufwendigen Kreationen der Kost\u00fcmbildnerin Barbara Baum gewidmet. Hanna Schygullas Silberlam\u00e9-Kleid aus dem Film &#8220;Lili Marleen&#8221; darf da ebensowenig fehlen wie der braune Wollanzug des einarmigen Franz Biberkopf aus &#8220;Berlin Alexanderplatz&#8221; oder die k\u00f6rperbetonten Matrosenuniformen aus &#8220;Querelle&#8221;.<\/p>\n<p><a href=\"http:\/\/kunstinargentinien.com\/wp-content\/uploads\/2015\/06\/fassbinder4.jpg\"><img loading=\"lazy\" decoding=\"async\" src=\"http:\/\/kunstinargentinien.com\/wp-content\/uploads\/2015\/06\/fassbinder4.jpg\" alt=\"fassbinder4\" width=\"250\" height=\"444\" class=\"alignright size-full wp-image-21691\" \/><\/a>Einen weiteren, allerdings nicht unbedeutenden Nebenschauplatz er\u00f6ffnet die Schau mit Werken von zeitgen\u00f6ssischen K\u00fcnstlern wie Olaf Metzel, Jeff Wall, Rirkrit Tiravanija oder Ming Wong. Fassbinders stark stilisierte Art der Blickf\u00fchrung, sein Umgang mit Licht, Kost\u00fcmen und Verfremdungseffekten liefert bis heute auch bildenden K\u00fcnstler wichtige Impulse f\u00fcr eigene Arbeiten. Der in Singapur geborene Berliner Videok\u00fcnstler Ming Wong etwa mimt in seiner Videoparodie &#8220;Lerne Deutsch mit Petra von Kant&#8221; eine der vielen \u00fcberspannten Frauenfiguren aus einem der fr\u00fchen Fassbinder-Melodramen.<\/p>\n<p>Im Mittelpunkt der Berliner Schau steht allerdings die Person Fassbinder selbst, der deutsche Filmemacher, der wohl am radikalsten die Machtverh\u00e4ltnisse in Zweierbeziehungen, Familien, der kapitalistischen Wirtschaftsordnung und dem Staat seziert hat. Auratische Objekte wie seine schwarze Lederjacke, eine Sitzlandschaft, sein Flipperautomat oder seine Schreibmaschine befriedigen nat\u00fcrlich einen gewissen Voyeurismus. Daneben gibt es aber auch die Gelegenheit, inhaltlich tief einzusteigen: Filmausschnitte, Drehb\u00fccher, Briefe, der komplizierte Drehplan f\u00fcr &#8220;Berlin Alexanderplatz&#8221;, aber auch eine Audiostation mit Fassbinders Stimme beim Diktat machen nachvollziehbar, wie es dem permanent f\u00fcr seine Sache brennenden Filmemacher gelungen ist, in nur 16 produktiven Jahren 44 Filme zu realisieren, deren \u00e4sthetische und gesellschaftskritische Sprengkraft bis heute sp\u00fcrbar ist.<\/p>\n<ul>\n<li>Ausstellung: Fassbinder &#8211; JETZT<\/li>\n<li>Ort: Martin-Gropius-Bau, Berlin<\/li>\n<li>Zeit: 6. Mai bis 23. August 2015. Mi-Mo 10-19 Uhr. Di geschlossen. An den Feiertagen ge\u00f6ffnet<\/li>\n<li>Katalog: Hrsg. Deutsches Filminstitut, 304 S., zahlreiche Abb., 25 Euro<\/li>\n<li>Internet: <a href=\"http:\/\/www.berlinerfestspiele.de\/de\/aktuell\/festivals\/gropiusbau\/ueber_uns_mgb\/aktuell_mgb\/start.php\">Webseite des Martin-Gropius-Baus<\/a>, <a href=\"http:\/\/www.fassbinder-jetzt.deutsches-filmmuseum.de\/\">Webseite der Ausstellung<\/a><\/li>\n<\/ul>\n<p><strong>Fotos von oben nach unten:<\/strong><br \/>\nRainer Werner Fassbinder, 1970.<br \/>\n(Dt. Filminstitut\/Gauhe)<\/p>\n<p>Fassbinders Lederjacke und sein Trikot des FC Bayern M\u00fcnchen 1974.<br \/>\n(Klaas)<\/p>\n<p>Fassbinders Flipper.<br \/>\n(Klaas)<\/p>\n","protected":false},"excerpt":{"rendered":"<p>Anl\u00e4sslich des 70. Geburtstags des Filmemachers Rainer Werner Fassbinder zeigt der Berliner Martin-Gropius-Bau die Ausstellung &#8220;Fassbinder &#8211; JETZT&#8221; Von Nicole B\u00fcsing und Heiko Klaas Auch 33 Jahre nach seinem Tod 1982 ist Rainer Werner Fassbinder immer noch aktuell. Die Faszination und Strahlkraft von Person und Werk haben bis heute nicht nachgelassen. Und: So einer wie [&hellip;]<\/p>\n","protected":false},"author":1,"featured_media":0,"comment_status":"open","ping_status":"open","sticky":false,"template":"","format":"standard","meta":{"footnotes":""},"categories":[16,14,4],"tags":[],"class_list":["post-21683","post","type-post","status-publish","format-standard","hentry","category-film-cine","category-gesellschaft-sociedad","category-tipp-der-woche-recomendacion-de-la-semana"],"_links":{"self":[{"href":"https:\/\/kunstinargentinien.com\/index.php\/wp-json\/wp\/v2\/posts\/21683","targetHints":{"allow":["GET"]}}],"collection":[{"href":"https:\/\/kunstinargentinien.com\/index.php\/wp-json\/wp\/v2\/posts"}],"about":[{"href":"https:\/\/kunstinargentinien.com\/index.php\/wp-json\/wp\/v2\/types\/post"}],"author":[{"embeddable":true,"href":"https:\/\/kunstinargentinien.com\/index.php\/wp-json\/wp\/v2\/users\/1"}],"replies":[{"embeddable":true,"href":"https:\/\/kunstinargentinien.com\/index.php\/wp-json\/wp\/v2\/comments?post=21683"}],"version-history":[{"count":9,"href":"https:\/\/kunstinargentinien.com\/index.php\/wp-json\/wp\/v2\/posts\/21683\/revisions"}],"predecessor-version":[{"id":21789,"href":"https:\/\/kunstinargentinien.com\/index.php\/wp-json\/wp\/v2\/posts\/21683\/revisions\/21789"}],"wp:attachment":[{"href":"https:\/\/kunstinargentinien.com\/index.php\/wp-json\/wp\/v2\/media?parent=21683"}],"wp:term":[{"taxonomy":"category","embeddable":true,"href":"https:\/\/kunstinargentinien.com\/index.php\/wp-json\/wp\/v2\/categories?post=21683"},{"taxonomy":"post_tag","embeddable":true,"href":"https:\/\/kunstinargentinien.com\/index.php\/wp-json\/wp\/v2\/tags?post=21683"}],"curies":[{"name":"wp","href":"https:\/\/api.w.org\/{rel}","templated":true}]}}