{"id":21719,"date":"2015-06-26T11:21:51","date_gmt":"2015-06-26T14:21:51","guid":{"rendered":"http:\/\/kunstinargentinien.com\/?p=21719"},"modified":"2015-06-27T15:06:11","modified_gmt":"2015-06-27T18:06:11","slug":"la-noche-de-la-filosofia","status":"publish","type":"post","link":"https:\/\/kunstinargentinien.com\/index.php\/2015\/06\/26\/la-noche-de-la-filosofia\/","title":{"rendered":"La Noche de la Filosof\u00eda"},"content":{"rendered":"<p><strong>El Cultural San Mart\u00edn ser\u00e1 escenario de diferentes actividades destinadas a favorecer el intercambio del pensamiento<\/strong><\/p>\n<p><a href=\"http:\/\/kunstinargentinien.com\/wp-content\/uploads\/2015\/06\/lanochedelafilosofia.jpg\"><img loading=\"lazy\" decoding=\"async\" src=\"http:\/\/kunstinargentinien.com\/wp-content\/uploads\/2015\/06\/lanochedelafilosofia.jpg\" alt=\"lanochedelafilosofia\" width=\"426\" height=\"345\" class=\"aligncenter size-full wp-image-21790\" srcset=\"https:\/\/kunstinargentinien.com\/wp-content\/uploads\/2015\/06\/lanochedelafilosofia.jpg 426w, https:\/\/kunstinargentinien.com\/wp-content\/uploads\/2015\/06\/lanochedelafilosofia-300x242.jpg 300w\" sizes=\"auto, (max-width: 426px) 100vw, 426px\" \/><\/a><br \/>\nDesde las 19 horas del s\u00e1bado, 27 de junio, hasta las 7 horas del domingo 28, se llevar\u00e1 a cabo la &#8220;Noche de la Filosof\u00eda&#8221; en el <a href=\"http:\/\/elculturalsanmartin.org\/\">Cultural San Mart\u00edn<\/a>, Sarmiento 1551, Buenos Aires.<\/p>\n<p>Organiza el Ministerio de Cultura de la Ciudad Aut\u00f3noma de Buenos Aires en colaboraci\u00f3n con la <a href=\"http:\/\/www.buenos-aires.diplo.de\/Vertretung\/buenosaires\/es\/Startseite.html\">Embajada de Alemania<\/a> y la Embajada de Francia en Argentina. Con el apoyo del Fondo de Cultura Franco-Alem\u00e1n, el Servicio Alem\u00e1n de Intercambio Acad\u00e9mico (DAAD), el <a href=\"http:\/\/www.goethe.de\/ins\/ar\/es\/bue.html\">Goethe-Institut<\/a>, la Alliance Fran\u00e7aise y el Institut Fran\u00e7ais.<\/p>\n<p>La entrada es libre y gratuita hasta agotar la capacidad de las salas. Los eventos tienen traducci\u00f3n simult\u00e1nea. Para algunas de las conferencias deber\u00e1n retirarse entradas, que estar\u00e1n disponibles desde las 17 horas del mismo 27 de junio en la boleter\u00eda del Cultural San Mart\u00edn.<\/p>\n<p>Iniciada en Par\u00eds en 2010, la &#8220;Noche de la Filosof\u00eda&#8221; es un encuentro que ya hizo escala en Londres, Nueva York, Atenas, Berl\u00edn y Rabat. En 2015, llega a Buenos Aires. El evento propone un di\u00e1logo marat\u00f3nico entre pensadores de diversas \u00e1reas y los habitantes de la ciudad: durante doce horas, el Cultural San Mart\u00edn ser\u00e1 escenario de diferentes actividades destinadas a favorecer el intercambio del pensamiento y la reflexi\u00f3n sobre temas diversos en el campo de las Humanidades.<\/p>\n<p>As\u00ed, veinticuatro \u00adpensadores argentinos, siete franceses y otros siete alemanes se dar\u00e1n cita en una noche que busca acercarse a la fi\u00adlosof\u00eda no solo desde la palabra sino tambi\u00e9n desde la m\u00fasica, la performance, el cine y la gastronom\u00eda. De Alemania estar\u00e1n presentes <a href=\"http:\/\/www.elculturalsanmartin.org\/lanochedelafilosofia\/ottmar-ette.html\">Ottmar Ette<\/a>, <a href=\"http:\/\/www.elculturalsanmartin.org\/lanochedelafilosofia\/benjamin-lahusen.html\">Benjamin Lahusen<\/a>, <a href=\"http:\/\/www.elculturalsanmartin.org\/lanochedelafilosofia\/maria-laura-bohm.html\">Mar\u00eda Laura B\u00f6hm<\/a>, <a href=\"http:\/\/www.elculturalsanmartin.org\/lanochedelafilosofia\/julia-weitbrecht.html\">Julia Weitbrecht<\/a>, <a href=\"http:\/\/www.elculturalsanmartin.org\/lanochedelafilosofia\/susanne-klengel.html\">Susanne Klengel<\/a>, <a href=\"http:\/\/www.elculturalsanmartin.org\/lanochedelafilosofia\/encarnacion_gutierrez_rodriguez.html\">Encarnaci\u00f3n Guti\u00e9rrez Rodr\u00edguez<\/a> y <a href=\"http:\/\/www.elculturalsanmartin.org\/lanochedelafilosofia\/joaquin-medina-warmburg.html\">Joaqu\u00edn Medina Warmburg<\/a>.<\/p>\n<p>Adem\u00e1s, se proyectar\u00e1n las pel\u00edculas &#8220;Hannah Arendt&#8221;, de Margarethe von Trotta, y &#8220;Noticias de la Antig\u00fcedad Ideol\u00f3gica&#8221;, de Alexander Kluge.<\/p>\n<p>Ver <a href=\"http:\/\/www.elculturalsanmartin.org\/lanochedelafilosofia\/programacion.html\">programaci\u00f3n completa de las ponencias<\/a>.<\/p>\n","protected":false},"excerpt":{"rendered":"<p>El Cultural San Mart\u00edn ser\u00e1 escenario de diferentes actividades destinadas a favorecer el intercambio del pensamiento Desde las 19 horas del s\u00e1bado, 27 de junio, hasta las 7 horas del domingo 28, se llevar\u00e1 a cabo la &#8220;Noche de la Filosof\u00eda&#8221; en el Cultural San Mart\u00edn, Sarmiento 1551, Buenos Aires. Organiza el Ministerio de Cultura [&hellip;]<\/p>\n","protected":false},"author":1,"featured_media":0,"comment_status":"open","ping_status":"open","sticky":false,"template":"","format":"standard","meta":{"footnotes":""},"categories":[14,4],"tags":[],"class_list":["post-21719","post","type-post","status-publish","format-standard","hentry","category-gesellschaft-sociedad","category-tipp-der-woche-recomendacion-de-la-semana"],"_links":{"self":[{"href":"https:\/\/kunstinargentinien.com\/index.php\/wp-json\/wp\/v2\/posts\/21719","targetHints":{"allow":["GET"]}}],"collection":[{"href":"https:\/\/kunstinargentinien.com\/index.php\/wp-json\/wp\/v2\/posts"}],"about":[{"href":"https:\/\/kunstinargentinien.com\/index.php\/wp-json\/wp\/v2\/types\/post"}],"author":[{"embeddable":true,"href":"https:\/\/kunstinargentinien.com\/index.php\/wp-json\/wp\/v2\/users\/1"}],"replies":[{"embeddable":true,"href":"https:\/\/kunstinargentinien.com\/index.php\/wp-json\/wp\/v2\/comments?post=21719"}],"version-history":[{"count":12,"href":"https:\/\/kunstinargentinien.com\/index.php\/wp-json\/wp\/v2\/posts\/21719\/revisions"}],"predecessor-version":[{"id":21836,"href":"https:\/\/kunstinargentinien.com\/index.php\/wp-json\/wp\/v2\/posts\/21719\/revisions\/21836"}],"wp:attachment":[{"href":"https:\/\/kunstinargentinien.com\/index.php\/wp-json\/wp\/v2\/media?parent=21719"}],"wp:term":[{"taxonomy":"category","embeddable":true,"href":"https:\/\/kunstinargentinien.com\/index.php\/wp-json\/wp\/v2\/categories?post=21719"},{"taxonomy":"post_tag","embeddable":true,"href":"https:\/\/kunstinargentinien.com\/index.php\/wp-json\/wp\/v2\/tags?post=21719"}],"curies":[{"name":"wp","href":"https:\/\/api.w.org\/{rel}","templated":true}]}}