{"id":2175,"date":"2010-02-12T20:59:59","date_gmt":"2010-02-12T23:59:59","guid":{"rendered":"http:\/\/kunstinargentinien.com\/index.php\/2010\/02\/12\/agenda-kalender-200\/"},"modified":"2010-02-12T21:13:10","modified_gmt":"2010-02-13T00:13:10","slug":"agenda-kalender-200","status":"publish","type":"post","link":"https:\/\/kunstinargentinien.com\/index.php\/2010\/02\/12\/agenda-kalender-200\/","title":{"rendered":"Agenda \/ Kalender"},"content":{"rendered":"<p><a href=\"http:\/\/kunstinargentinien.com\/index.php\/2010\/02\/12\/kalender-agenda-206\/\">Klicken Sie hier, um die deutsche Version zu lesen.<\/a><\/p>\n<p><strong>Agenda de Muestras 13\/02\/10-20\/02\/10<\/p>\n<p><em>Por Susanne Franz<\/em><\/strong><\/p>\n<p><img decoding=\"async\" id=\"image2153\" alt=malba111.jpg src=\"http:\/\/kunstinargentinien.com\/wp-content\/uploads\/2010\/01\/malba111.jpg\" align=left hspace=5 \/>&#8220;Andy Warhol, Mr. America&#8221; se ha convertido en la muestra m\u00e1s visitada en la historia del <a href=\"http:\/\/www.malba.org.ar\/web\/\">Malba<\/a>, detr\u00e1s de &#8220;Berni y sus contempor\u00e1neos&#8221; (2005), &#8220;Guillermo Kuitca. Obras 1982-2002&#8221; (2003) y &#8220;Dad\u00e1 y surrealismo&#8221; (2004). Curada por Philip Larratt-Smith, la exposici\u00f3n exhibe un conjunto de 170 obras provenientes del Museo Andy Warhol de Pittsburgh, Estados Unidos. Se destacan los c\u00e9lebres retratos de Marilyn Monroe, Jackie Kennedy y Mao; la serie de Sopas Campbell; sus autorretratos travestido; los filmes Empire, Blow Job, Outer and Inner Space y una vasta selecci\u00f3n de sus &#8220;Screen Tests&#8221; producidos en su famoso estudio The Factory.<\/p>\n<p>Hay tiempo hasta el 22 de febrero para ver esta muestra imperdible&#8230;<!--more--><\/p>\n<p><strong><em>Centros de exposiciones<\/em><\/strong><\/p>\n<ul>\n<li><a href=\"http:\/\/www.malba.org.ar\/web\/\">Malba<\/a> (Museo de Arte Latinoamericano de Buenos Aires), Av. Figueroa Alcorta 3415 (Jue-Lun y feriados 12-20 hs, Mi\u00e9rcoles hasta 21 hs, martes cerrado. Entrada 18 pesos, docentes y jubilados 9 pesos, estudiantes 9 pesos, menores de 5 a\u00f1os gratis. Mi\u00e9rcoles: Entrada 6 pesos, docentes y jubilados 3 pesos, estudiantes gratis): &#8220;Andy Warhol, Mr. America&#8221;. Curador: Philip Larratt-Smith. Sala 5, 2\u00ba piso, y Sala 3, 1\u00ba piso. 22.10.-22.02. \/ &#8220;Adquisiciones, donaciones y comodatos&#8221;. La muestra presenta 29 obras entre dibujos, pinturas, fotograf\u00edas, videos e instalaciones de los artistas Fabiana Barreda, Norah Borges, Adriana Bustos, Fabi\u00e1n Burgos, Mat\u00edas Duville, Iran Do Espiritu Santo, Roberto Elia, M\u00f3nica Giron, Norberto G\u00f3mez, Gumier Mayer, Annemarie Heinrich, Daniel Joglar, Diyi Laa\u00f1, Jorge Macchi, Ana Maria Maioilino, Liliana Maresca, Esteban Pastorino, Rogelio Polesello, Marcelo Pombo, Emilio Renart, Silvia Rivas, Miguel \u00c1ngel Vidal y Pablo Ziccarello. Sala 1, P.B. Hasta abril. \/ &#8220;Intervenci\u00f3n 6&#8221;: Pablo Reinoso, &#8220;Enredamaderas&#8221;. Hasta marzo.<\/li>\n<li><a href=\"http:\/\/www.proa.org\/esp\/\">Fundaci\u00f3n Proa<\/a>, Av. Pedro de Mendoza 1929, La Boca (Mar-Dom 11-19 hs. Lunes cerrado. Entrada general: 10 pesos, estudiantes 6 pesos, jubilados 3 pesos; Martes entrada libre para estudiantes): &#8220;Art in the Auditorium&#8221;. Un panorama del video contempor\u00e1neo con obras de los artistas Charly Nijensohn (Argentina), Lars Laumann (Noruega), Inci Eviner (Turqu\u00eda), Ursula Mayer (Inglaterra), Patrizio Di Massimo (Italia), A\u00efda Ruilova (Estados Unidos) y Nova Paul (Nueva Zelanda). Salas 1 y 2. \/ Luisa Rabbia y Alejandra Seeber, videos e instalaciones. Sala 3. \/ &#8220;Poema 20&#8221;. Alejandro Cesarco y Jorge M\u00e9ndez Blake. Curadora: Florencia Malbr\u00e1n. Sala 4. \/ &#8220;Sinton\u00edas&#8221;, intervenciones y &#8220;site specific&#8221;. Artistas: Mirtha Dermisache, Alejandro Cesarco, Elba Bairon, Esteban Pastorino y Alejandra Seeber. Curadoras: Cintia Mezza y Olga Mart\u00ednez. Desde 23.01.<\/li>\n<li><a href=\"http:\/\/www.mnba.org.ar\/\">Museo Nacional de Bellas Artes<\/a> (MNBA), Av del Libertador 1473 (Mar-Vie 12.30-20.30, Sab y Dom 9.30-20.30 hs. Entrada libre y gratuita): Luis Felipe No\u00e9 en la Bienal de Venecia 2009. 18.12.-28.02.<\/li>\n<li><a href=\"http:\/\/centroculturalrecoleta.org\/ccr-sp\/\">Centro Cultural Recoleta<\/a>, Jun\u00edn 1930 (Lun-Vie 14-21, Sab, Dom y feriados 10-21 hs): &#8220;Mover la Roca&#8221;, 1\u00ba proyecto de exposici\u00f3n de &#8220;Quintapata&#8221;, asociaci\u00f3n de artistas contempor\u00e1neos dominicanos conformada por Tony Capell\u00e1n, Pascal Meccariello, Raquel Paiewonsky, Jorge Pineda y Belkis Ram\u00edrez. Curador: Fernando Castro Fl\u00f3rez. 28.01.-28.02. \/ &#8220;Discontinuos II&#8221;, obras de Mart\u00edn Di Paola, Miguel Ronsino, Mariano Sapia, F\u00e9lix Lorenzo, Minerva Daltoe, Leo Chiachio &#038; Daniel Giannone, Diego Perrotta, Omar Panosetti y Jacques Bedel. Sala 6. Desde 28.01. \/ Cristian Barnes, &#8220;Barnes Hotel&#8221;, instalaci\u00f3n, pinturas. Salom\u00e9 Vorfas, fotos. Curador: Renato Rita. M\u00fasica: Dani Nijensohn. Sala 12. 03.02.-28.02. \/ &#8220;Siete l\u00edneas es igual a un punto&#8221;, obras de Delfina Bourse, Cinthia De Levie, Eugenia Hern\u00e1ndez, Alejandro Husni, Diego Ontivero, Milton Kalbermatter y Andrea Vazquez. Sala 8. 04.02.-28.02. \/ Pachu Panosetti, &#8220;La impenetrable&#8221;. Sala Microespacio. 04.02.-28.02. \/ Mariana Sissia y Nicol\u00e1s Sarmiento, &#8220;R\u00edo de las tres rutas&#8221;. Curador: Eduardo Stup\u00eda. Sala 10. 04.02.-28.02. \/ Natalia Mart\u00ednez, &#8220;Mi cuarto&#8221;, instalaci\u00f3n. Sala 9. 04.02.-28.02. \/ Alain Kleinmann, &#8220;Los lugares del tiempo&#8221;. Curadora: Irene Jaievsky. Sala 11. 09.02.-28.02. \/ Carla Accardi\/Gianna Nannini, instalaci\u00f3n sonora. Curadores: RAM-radioartem\u00f3vil. Organizado por el Istituto Italiano di Cultura. Sala C. 10.02.-28.02.<\/li>\n<li>Museo de Arte Tigre (MAT), Paseo Victorica 972, Tigre (Mie-Vie 9-19, Sab, Dom y feriados 12-19 hs): &#8220;Un jard\u00edn de esculturas junto al r\u00edo&#8221;, obras de gran tama\u00f1o de Bast\u00f3n Diaz, Hern\u00e1n Domp\u00e9, Cristina Piceda, Ra\u00fal Farco, Edgardo Madanes y Ana Lisazo. 11.11.-01.03.<\/li>\n<li>FotoGaler\u00eda del Teatro San Mart\u00edn, Av. Corrientes 1530 (Lun-Vie desde las 12, Sab y Dom desde las 14 hs, hasta la finalizaci\u00f3n de las actividades del d\u00eda en el teatro. Entrada libre): &#8220;Interiores de La Boca&#8221;, fotograf\u00edas de Julieta Caruso, Ignacio Col\u00f3 y Dafne Gentinetta. 20.01.-28.02. \/ &#8220;La medicina en la Argentina. Fotograf\u00edas 1860-1960&#8221;, fotograf\u00edas hist\u00f3ricas. 20.01.-28.02.<\/li>\n<\/ul>\n<p><em><strong>Otras exposiciones<\/strong><\/em><\/p>\n<ul>\n<li>&#8220;Animales Urbanos&#8221;. Muestra del Museo de Arte Moderno de Buenos Aires y del Museo de Arquitectura con obras de prestigiosos dise\u00f1adores y artistas. Jardines del MARQA, Museo de Arquitectura, Av del Libertador 999. Mar-Dom 14-19 hs. Entrada libre y gratuita. 14.11.-28.02.<\/li>\n<li>&#8220;Mil a\u00f1os de vida jud\u00eda en Polonia&#8221;. Museo del Holocausto, Montevideo 919. Lun-Jue 11-19, Vie 11-16 hs. 23.11.-marzo.<\/li>\n<li>Juan Pablo Renzi (1940-1992), &#8220;La raz\u00f3n compleja&#8221;. Curadora: Mar\u00eda Teresa Constantin. Curadora asistente: Xil Buffone. <a href=\"http:\/\/www.artefundacionosde.com.ar\/bs-as\/index.html\">Fundaci\u00f3n Osde &#8211; Espacio de Arte<\/a>, Suipacha 658. Lun-Sab 12-20 hs. 26.11.-13.02.<\/li>\n<li>&#8220;En busca del tiempo perdido, Un recorte de vida cotidiana, 1880-1910&#8221;. Curador: Patricio L\u00f3pez M\u00e9ndez. Casa Fern\u00e1ndez Blanco, Hip\u00f3lito Yrigoyen 1420. Sab y Dom 11-17 hs. Entrada libre y gratuita. Diciembre, enero y febrero.<\/li>\n<li>Le\u00f3n Ferrari, &#8220;Fosforescencia&#8221;. <a href=\"http:\/\/www.zavaletalab.com\/\">ZavaletaLab<\/a>, Venezuela 571. 03.12.-13.03.<\/li>\n<li>&#8220;Sinestesia&#8221;, obras de Manuel Ameztoy, Julia Masvernat, Daniel Joglar, Ernesto Arellano, Mart\u00edn Di Paola, B\u00e1rbara Kaplan, Agustina Nu\u00f1ez, Le\u00f3n Gonz\u00e1lez y Juan Gugger. Curadoras: Alina Tortosa y Elizabeth Torres. Espacio Ita\u00fa Cultural, Cerrito\/Viamonte. Lun-Vie 10-19.30 hs. Entrada libre. Infos <a href=\"http:\/\/www.itau.com.ar\/SiteItau\/pages\/institucional\/itau_cultural.xhtml\">aqu\u00ed<\/a>. 09.12.-26.02.<\/li>\n<li>98\u00ba edici\u00f3n del Sal\u00f3n Nacional de Artes Visuales, con las obras seleccionadas en las disciplinas Arte Cer\u00e1mico, Arte Textil y Grabado. Dora Isdatne obtuvo el Gran Premio Adquisici\u00f3n en Arte Cer\u00e1mico, mientras que Susana Dragotta y Rodolfo Cavilla obtuvieron la mayor distinci\u00f3n en Arte Textil y Grabado respectivamente. <a href=\"http:\/\/www.palaisdeglace.org\/\">Palais de Glace<\/a>, Posadas 1725. Mar-Vie 12-20, Sab y Dom 10-20 hs. Entrada libre y gratuita. 10.12.-28.02.<\/li>\n<li>&#8220;Carne Picada&#8221;, obras de Diego Bastos, Carla Bertone, Diego Beyro, Marcelo Bordese, Linda Cartridge, Maggie de Koenigsberg, Guadalupe Fern\u00e1ndez, Victoria Guti\u00e9rrez, Mar\u00eda Ib\u00e1\u00f1ez Lago, Juan Pablo Inzirillo, Javier Lodeiro, Florencia Orunesu, Jorge Pirozzi, Emilio Reato, Miguel Ronsino, Ignacio Sosa. <a href=\"http:\/\/www.masottatorres.com.ar\/\">MasottaTorres Arte Contempor\u00e1neo<\/a>, M\u00e9xico 459, San Telmo. 10.12.-28.02.<\/li>\n<li>&#8220;El cine en foco\/Focus sur le cinema&#8221;, fotos de Luis Sens (Argentina) y Renaud Monfourny (Francia). Curador: Juan Marcos Ventura, director de arte de Los Inrockuptibles. Alianza Francesa, C\u00f3rdoba 946. 11.12.-23.02.<\/li>\n<li>Joaqu\u00edn Ezequiel Linares, &#8220;Cr\u00f3nica de una pasi\u00f3n americana&#8221;, exposici\u00f3n antol\u00f3gica (1927- 2001). Curadores: Alberto Petrina y  Claudia Epstein. Museo Eduardo S\u00edvori, Av. Infanta Isabel 555 (frente al puente del Rosedal). Mar-Vie 12-20, Sab, Dom y feriados 10-20 hs. Entrada: $1. Mie y Sab gratis. 19.12.-07.03.<\/li>\n<li>&#8220;Todo en papel&#8221;, muestra colectiva. Curador: Sergio Artola. <a href=\"http:\/\/www.fundacionmundonuevo.org.ar\/09\/home.html\">Mundo Nuevo Gallery Art<\/a>, Av. Callao 1870, P.B. Lun-Vie 11-20 hs. 22.12.-27.02.<\/li>\n<li>Cristina Schiavi y Henry Coleman, &#8220;Tel\u00f3n&#8221;. \/ Sebastiano Mauri, &#8220;Immanence&#8221;. \/ Beatriz Leyton, &#8220;Family Life&#8221;, curadora: Elena Oliveras. \/ Ernesto Ballesteros, Graciela Hasper, Fabio Kacero y Pablo Siquier, &#8220;Fragilidad Ilimitada&#8221;, curador: Rafael Cippolini. \/ Juan de Dios Mena, &#8220;Mena, Juan de Dios&#8230; y del diablo&#8221;, curadores: Marcelo Gustin y Gustavo Insaurralde. \/ Graciela Sacco, &#8220;M\u00b2 \u00bfCu\u00e1nto es un metro cuadrado de exilio?&#8221; \/ Gundi Dietz, &#8220;De lo inerte a lo vibrante&#8221;, curadora: Esperanza Mart\u00ednez Rapport. \/ Lucila Bodel\u00f3n, Paula Massarutti y Alejandra Mc Cormick, &#8220;Programa de Residencias para artistas: Experiencia San Javier 2009&#8221;. <a href=\"http:\/\/www.macromuseo.org.ar\/\">Museo de Arte Contempor\u00e1neo de Rosario (MACRO)<\/a>, Bv. Oro\u00f1o y el r\u00edo Paran\u00e1, Rosario, Prov. Santa Fe. 31.12.-23.02.<\/li>\n<li>M\u00f3nica Giron, &#8220;KOL (Homo Sapiens)&#8221;. Paseo de las Colectividades, Moreno entre Bestecht y Palacios, San Carlos de Bariloche. Desde 06.01.<\/li>\n<li>Alejandro Arguelles y Adri\u00e1n Paiva, &#8220;Dos Paisajistas&#8221;, pinturas. Galer\u00eda Wussmann, Venezuela 570. Desde 18.01.<\/li>\n<li>Augusto Costhanzo, &#8220;Temporada Alta &#8217;10&#8221;, arte digital. <a href=\"http:\/\/www.elsidelrio.com.ar\/\">Elsi del R\u00edo Arte Contempor\u00e1neo<\/a>, Humboldt 1510, Palermo Hollywood. Mar-Vie 14-20, Sab 15-20 hs. 20.01.-27.02.<\/li>\n<li>Julia Bonfiglio, Mercedes Limardo, Moshi, Marcelo Balquinta, Pablo Hensel, Fede Barale. Galeria D, Espacio Dada, Borges 1655, Palermo. Mie-Dom 15-24 hs. 24.01.-28.02.<\/li>\n<li>&#8220;Entretiempo&#8221;, obras de Astorga, Avello, Bohtlingk, Bruzzone, Burgos, Chaparro, Esnoz, Joglar, L\u00f3pez, Szalkowicz y Vilela. Dabbah Torrej\u00f3n, El Salvador 5176, Palermo. Mar-Vie 15-20 hs. 03.02.-30.03.<\/li>\n<li>&#8220;Infancias: Varios Mundos&#8221;, muestra de fotograf\u00edas tomadas entre los a\u00f1os 2005 y 2009 por los participantes del concurso del mismo nombre, organizado conjuntamente por la Fundaciones Arcor y Walter Benjam\u00edn. El objetivo es visualizar la situaci\u00f3n de la infancia en la Argentina e instalar el tema en la agenda p\u00fablica. Espacio de Arte AMIA, Pasteur 633. Lun-Jue 10-19, Vie 10-16 hs. Entrada libre y gratuita. 04.02.-26.02.<\/li>\n<\/ul>\n","protected":false},"excerpt":{"rendered":"<p>Klicken Sie hier, um die deutsche Version zu lesen. Agenda de Muestras 13\/02\/10-20\/02\/10 Por Susanne Franz &#8220;Andy Warhol, Mr. America&#8221; se ha convertido en la muestra m\u00e1s visitada en la historia del Malba, detr\u00e1s de &#8220;Berni y sus contempor\u00e1neos&#8221; (2005), &#8220;Guillermo Kuitca. Obras 1982-2002&#8221; (2003) y &#8220;Dad\u00e1 y surrealismo&#8221; (2004). Curada por Philip Larratt-Smith, la [&hellip;]<\/p>\n","protected":false},"author":1,"featured_media":0,"comment_status":"open","ping_status":"open","sticky":false,"template":"","format":"standard","meta":{"footnotes":""},"categories":[3],"tags":[],"class_list":["post-2175","post","type-post","status-publish","format-standard","hentry","category-kalender-agenda"],"_links":{"self":[{"href":"https:\/\/kunstinargentinien.com\/index.php\/wp-json\/wp\/v2\/posts\/2175","targetHints":{"allow":["GET"]}}],"collection":[{"href":"https:\/\/kunstinargentinien.com\/index.php\/wp-json\/wp\/v2\/posts"}],"about":[{"href":"https:\/\/kunstinargentinien.com\/index.php\/wp-json\/wp\/v2\/types\/post"}],"author":[{"embeddable":true,"href":"https:\/\/kunstinargentinien.com\/index.php\/wp-json\/wp\/v2\/users\/1"}],"replies":[{"embeddable":true,"href":"https:\/\/kunstinargentinien.com\/index.php\/wp-json\/wp\/v2\/comments?post=2175"}],"version-history":[{"count":0,"href":"https:\/\/kunstinargentinien.com\/index.php\/wp-json\/wp\/v2\/posts\/2175\/revisions"}],"wp:attachment":[{"href":"https:\/\/kunstinargentinien.com\/index.php\/wp-json\/wp\/v2\/media?parent=2175"}],"wp:term":[{"taxonomy":"category","embeddable":true,"href":"https:\/\/kunstinargentinien.com\/index.php\/wp-json\/wp\/v2\/categories?post=2175"},{"taxonomy":"post_tag","embeddable":true,"href":"https:\/\/kunstinargentinien.com\/index.php\/wp-json\/wp\/v2\/tags?post=2175"}],"curies":[{"name":"wp","href":"https:\/\/api.w.org\/{rel}","templated":true}]}}