{"id":2180,"date":"2010-02-17T13:12:06","date_gmt":"2010-02-17T16:12:06","guid":{"rendered":"http:\/\/kunstinargentinien.com\/index.php\/2010\/02\/17\/kampfer-fur-pressefreiheit\/"},"modified":"2010-02-22T13:26:20","modified_gmt":"2010-02-22T16:26:20","slug":"kampfer-fur-pressefreiheit","status":"publish","type":"post","link":"https:\/\/kunstinargentinien.com\/index.php\/2010\/02\/17\/kampfer-fur-pressefreiheit\/","title":{"rendered":"K\u00e4mpfer f\u00fcr Pressefreiheit"},"content":{"rendered":"<p><strong>Trauer um Eduardo Kimel<\/p>\n<p><em>Von Marcus Christoph<\/em><\/strong><\/p>\n<p><img decoding=\"async\" id=\"image2181\" alt=kimel11.jpg src=\"http:\/\/kunstinargentinien.com\/wp-content\/uploads\/2010\/02\/kimel11.jpg\" align=left hspace=5 \/>Vor wenigen Tagen starb der politische Journalist Eduardo Kimel im Alter von 57 Jahren nach langer Krankheit in Buenos Aires. Kimel, der in den letzten Jahren als Chefredakteur des spanischsprachigen Dienstes der Deutschen Presse Agentur dpa fungierte, wurde vor allem bekannt durch sein Buch &#8220;Das Massaker von San Patricio&#8221;. Darin arbeitet er die Ermordung von drei Pallottiner-Priestern sowie zweier Seminaristen durch eine Schl\u00e4gertruppe w\u00e4hrend der Milit\u00e4rherrschaft im Jahre 1976 auf. Dabei kommt Kimel zu dem Schluss, dass die Befehle zu dieser Tat aus dem Zentrum der Diktatur kamen und dass deswegen eine ausreichende juristische Aufarbeitung unterblieben sei.<!--more--><\/p>\n<p>Nachdem sein Buch 1989 erschienen war, kam es zu einer langj\u00e4hrigen juristischen Auseinandersetzung, die der von Kimels Recherchen belastete Richter Guillermo Rivarola angestrengt hatte. Dabei wurde der Journalist zun\u00e4chst wegen Verleumdung zu einer einj\u00e4hrigen Bew\u00e4hrungsstrafe sowie Zahlung von 20.000 Pesos verurteilt. Es ging dann \u00fcber Jahre hin und her, ehe Kimel 2008 schlie\u00dflich freigesprochen wurde. Zudem wurde im darauffolgenden Jahr der Straftatbestand der Verleumdung in F\u00e4llen von \u00f6ffentlichem Interesse abgeschafft. Ein Erfolg f\u00fcr die Pressefreiheit, der Kimels Durchhalteverm\u00f6gen zu verdanken ist. Das argentinische Sekretariat f\u00fcr Menschenrechte w\u00fcrdigte den Verstorbenen als &#8220;inbr\u00fcnstigen Verteidiger der freien Meinungs\u00e4u\u00dferung&#8221;.<\/p>\n","protected":false},"excerpt":{"rendered":"<p>Trauer um Eduardo Kimel Von Marcus Christoph Vor wenigen Tagen starb der politische Journalist Eduardo Kimel im Alter von 57 Jahren nach langer Krankheit in Buenos Aires. Kimel, der in den letzten Jahren als Chefredakteur des spanischsprachigen Dienstes der Deutschen Presse Agentur dpa fungierte, wurde vor allem bekannt durch sein Buch &#8220;Das Massaker von San [&hellip;]<\/p>\n","protected":false},"author":1,"featured_media":0,"comment_status":"open","ping_status":"open","sticky":false,"template":"","format":"standard","meta":{"footnotes":""},"categories":[1],"tags":[],"class_list":["post-2180","post","type-post","status-publish","format-standard","hentry","category-allgemein-general"],"_links":{"self":[{"href":"https:\/\/kunstinargentinien.com\/index.php\/wp-json\/wp\/v2\/posts\/2180","targetHints":{"allow":["GET"]}}],"collection":[{"href":"https:\/\/kunstinargentinien.com\/index.php\/wp-json\/wp\/v2\/posts"}],"about":[{"href":"https:\/\/kunstinargentinien.com\/index.php\/wp-json\/wp\/v2\/types\/post"}],"author":[{"embeddable":true,"href":"https:\/\/kunstinargentinien.com\/index.php\/wp-json\/wp\/v2\/users\/1"}],"replies":[{"embeddable":true,"href":"https:\/\/kunstinargentinien.com\/index.php\/wp-json\/wp\/v2\/comments?post=2180"}],"version-history":[{"count":0,"href":"https:\/\/kunstinargentinien.com\/index.php\/wp-json\/wp\/v2\/posts\/2180\/revisions"}],"wp:attachment":[{"href":"https:\/\/kunstinargentinien.com\/index.php\/wp-json\/wp\/v2\/media?parent=2180"}],"wp:term":[{"taxonomy":"category","embeddable":true,"href":"https:\/\/kunstinargentinien.com\/index.php\/wp-json\/wp\/v2\/categories?post=2180"},{"taxonomy":"post_tag","embeddable":true,"href":"https:\/\/kunstinargentinien.com\/index.php\/wp-json\/wp\/v2\/tags?post=2180"}],"curies":[{"name":"wp","href":"https:\/\/api.w.org\/{rel}","templated":true}]}}