{"id":22095,"date":"2015-08-01T16:09:40","date_gmt":"2015-08-01T19:09:40","guid":{"rendered":"http:\/\/kunstinargentinien.com\/?p=22095"},"modified":"2015-08-09T13:31:31","modified_gmt":"2015-08-09T16:31:31","slug":"agenda-kalender-453","status":"publish","type":"post","link":"https:\/\/kunstinargentinien.com\/index.php\/2015\/08\/01\/agenda-kalender-453\/","title":{"rendered":"Agenda \/ Kalender"},"content":{"rendered":"<p><a href=\"http:\/\/kunstinargentinien.com\/index.php\/2015\/08\/01\/kalender-agenda-464\/\">Klicken Sie hier, um die deutsche Version zu lesen.<\/a><\/p>\n<p><strong>Agenda de Muestras del 01\/08\/2015<\/p>\n<p><em>Por Susanne Franz<\/em><\/strong><\/p>\n<p><a href=\"http:\/\/kunstinargentinien.com\/wp-content\/uploads\/2015\/08\/Postal.jpg\"><img loading=\"lazy\" decoding=\"async\" src=\"http:\/\/kunstinargentinien.com\/wp-content\/uploads\/2015\/08\/Postal.jpg\" alt=\"Postal\" width=\"500\" height=\"157\" class=\"aligncenter size-full wp-image-22115\" srcset=\"https:\/\/kunstinargentinien.com\/wp-content\/uploads\/2015\/08\/Postal.jpg 500w, https:\/\/kunstinargentinien.com\/wp-content\/uploads\/2015\/08\/Postal-300x94.jpg 300w\" sizes=\"auto, (max-width: 500px) 100vw, 500px\" \/><\/a><br \/>\nEl viernes 7 de agosto, de 17 a 21 horas, se inaugurar\u00e1 la muestra &#8220;No tan lejos&#8221; en la Galer\u00eda <a href=\"http:\/\/ojitosarte.com\/\">Ojitos &#8211; Arte Contempor\u00e1neo para Ni\u00f1os<\/a> (Zapiola 2196, Buenos Aires), una exposici\u00f3n de dibujos y acuarelas realizados por una familia de artistas.<\/p>\n<p><a href=\"http:\/\/www.scasso.de\/\">Alejandro Scasso<\/a> es el pap\u00e1 de Milena Rodr\u00edguez Scasso (14) y Elisa Rodr\u00edguez Scasso (16) y reside en Argentina. Ellas viven en Alemania. Sin embargo existe un lazo m\u00e1s all\u00e1 de la distancia, cuando adem\u00e1s de amor, los gu\u00eda una misma pasi\u00f3n: el arte.<\/p>\n<p>En &#8220;Ojitos&#8221; se expone por primera vez la obra de Milena y Elisa, las artistas de menor edad que muestran sus producciones en la galer\u00eda. Esta propuesta genera un di\u00e1logo directo de ni\u00f1o a ni\u00f1o y manifiesta el maravilloso resultado de crear en familia.<\/p>\n<p>La muestra se podr\u00e1 visitar de martes a viernes de 14 a 18 horas y los s\u00e1bados de 14 a 17 horas, hasta el 15 de septiemnbre. (Ver <a href=\"http:\/\/kunstinargentinien.com\/wp-content\/uploads\/2015\/08\/Catalogo_ojitos.pdf\">Catalogo_ojitos<\/a>.)<\/p>\n<p>Las muestras de la semana:<!--more--><\/p>\n<ul>\n<li><a href=\"http:\/\/www.artemercadoarte.com.ar\/\">AMA artemercadoarte<\/a>, Venezuela 458, San Telmo, Buenos Aires (Dom-Jue 13-19 hs): Clarisa Cassiau, &#8220;En Movimiento&#8221;, pinturas. 03.07.-04.08.<\/li>\n<li><a href=\"http:\/\/agendacultural.buenosaires.gob.ar\/evento\/munecas-antiguas-en-la-casa-fernandez-blanco\/5094\">Casa Fern\u00e1ndez Blanco<\/a>, Hip\u00f3lito Yrigoyen 1420, Buenos Aires (Mar-Vie 12-18, S\u00e1b y Dom 11-17 hs. Feriados cerrado. Entrada $2, Mi\u00e9 y Jue gratis): &#8220;Hab\u00eda una vez&#8230;, mu\u00f1ecas y juguetes 1870-1940. Colecci\u00f3n de Mabel y Mar\u00eda Castellano Fotheringham&#8221;. Hasta 30.12.<\/li>\n<li><a href=\"http:\/\/www.ccborges.org.ar\/index2.htm\">Centro Cultural Borges<\/a>, Viamonte esq. San Mart\u00edn, Buenos Aires (Lun-S\u00e1b 10-21, Dom 12-21 hs. Entrada: $30, jubilados y estudiantes: $25, menores de 5 a\u00f1os sin cargo): Norah Borges, &#8220;No dejes de so\u00f1arme&#8221;, pinturas y dibujos. Sala Berni. 08.07.-09.08. \/ Korda (Alberto D\u00edaz Guti\u00e9rrez, Cuba, 1928-2001), antolog\u00eda fotogr\u00e1fica. Curadores: Diana D\u00edaz L\u00f3pez, Reinaldo Almira Naranjo y Virginia\u00a0Fabri. Inauguraci\u00f3n: 06.08., 19 hs. Hasta 13.09.<\/li>\n<li><a href=\"http:\/\/www.culturalkirchner.gob.ar\/\">Centro Cultural Kirchner<\/a>, Sarmiento 151, Buenos Aires (Vie, S\u00e1b y Dom 14-24 hs, con visitas guiadas 14-17.30 hs, cada treinta minutos): Sophie Calle (Francia), &#8220;Cu\u00eddese mucho&#8221;, instalaci\u00f3n. 26.05.-23.08. \/ <a href=\"http:\/\/www.lanacion.com.ar\/1804969-arte-un-optimista-panorama-del-pais\">&#8220;Interfaces, una antolog\u00eda posible&#8221;<\/a>, pinturas, esculturas, dibujos, instalaciones, obras de arte textil y videos realizados por m\u00e1s de 50 artistas de distintas provincias argentinas. Curadores: Fernando Farina, Florencia Battiti y Leila Tschopp. Hasta 15.08.<\/li>\n<li><a href=\"http:\/\/www.centroculturalrecoleta.org\/nuevositio\/\">Centro Cultural Recoleta<\/a>, Jun\u00ed\u00adn 1930, Buenos Aires (Mar-Vie 13.30-20.30, S\u00e1b, Dom y feriados 11.30-20.30 hs. Lun cerrado. Entrada libre y gratuita): Deborah Pruden, &#8220;Auto Retro&#8221;. Sala J. 02.07.-02.08. \/ M\u00f3nica Gir\u00f3n, &#8220;Ejercicios con el modelo terrestre&#8221;. Curadores: Valeria Balut y Santiago Garc\u00eda Navarro. Sala C. 02.07.-02.08. \/ Alfredo Prior, pinturas. Sala Cronopios. Inauguraci\u00f3n: 06.08., 18 hs. Hasta 30.08. \/ Jorge Mi\u00f1o, fotos. Sala C. Inauguraci\u00f3n: 06.08., 18 hs. Hasta 30.08.<\/li>\n<li><a href=\"http:\/\/www.coleccionfortabat.org.ar\/\">Colecci\u00f3n de Arte Amalia Lacroze de Fortabat<\/a>, Olga Cossetini 141, Puerto Madero, Buenos Aires (Mar-Dom 12-20 hs, Lun cerrado. Entrada: $50, $25 para menores de 12 a\u00f1os, jubilados, estudiantes y docentes, Mi\u00e9 $25 y acceso gratuito para menores de 12 a\u00f1os, jubilados, estudiantes y docentes con acreditaci\u00f3n): Colecci\u00f3n permanente. Salas 1\u00ba y 2\u00ba Subsuelo. \/ &#8220;Marcelo Pombo, un artista del pueblo&#8221;. Curadora: In\u00e9s Katzenstein. 1\u00ba Piso. 27.05.-16.08.<\/li>\n<li><a href=\"http:\/\/www.delinfinito.com\/\">Del Infinito Arte<\/a>, Quintana 325, PB, Buenos Aires (Tel. 54-11-4813-8828, galer\u00eda@delinfinito.com): Matilde Mar\u00edn, &#8220;Paisajes Indeterminados&#8221;, fotos. Desde 23.07.<\/li>\n<li><a href=\"http:\/\/www.fundaciontelefonica.com.ar\/\">Espacio Fundaci\u00f3n Telef\u00f3nica<\/a>, Arenales 1540, Buenos Aires (Lun-S\u00e1b 14-20.30 hs. Entrada libre y gratuita): &#8220;Big Bang Data&#8221;, exhibici\u00f3n que explora la emergencia de la base de datos como un marco de pensamiento cultural, y los efectos de la datificaci\u00f3n del mundo. 02.07.-28.11.<\/li>\n<li><a href=\"http:\/\/www.fundacionfjklemm.org\/\">Fundaci\u00f3n Federico Jorge Klemm<\/a>, M.T. de Alvear 626, Buenos Aires (Lun-Vie 11-20 hs): &#8220;Besos brujos. Homenaje a Alberto Greco&#8221;. 18.06.-07.08.<\/li>\n<li><a href=\"http:\/\/www.proa.org\/esp\/\">Fundaci\u00f3n Proa<\/a>, Pedro de Mendoza 1929, La Boca, Buenos Aires (Mar-Dom 11-19 hs, Lun cerrado. Entrada $20, jubilados $10 y estudiantes $5; Mar gratis para estudiantes): Colecci\u00f3n Daros Latinamerica. Curadores: Katrin Steffen y Rodrigo Alonso. 04.07.-13.09.<\/li>\n<li><a href=\"https:\/\/www.facebook.com\/gachiprietogallery\">Gachi Prieto Gallery<\/a>, Aguirre 1017, Villa Crespo, Buenos Aires (Lun-Vie 14-19 hs): Nino Cais (Brasil), &#8220;Remanentes&#8221;, collages. Curador: Francisco Medail. 15.07.-11.09.<\/li>\n<li><a href=\"http:\/\/galeriamardulce.blogspot.com.ar\/\">Galer\u00eda Mar Dulce<\/a>, Uriarte 1490, Palermo Soho, Buenos Aires (Mar-S\u00e1b 15-20 hs): <a href=\"https:\/\/twitter.com\/ElTopoIlustrado\">El Topo Ilustrado<\/a>, dibujos. 03.07.-15.08.<\/li>\n<li><a href=\"http:\/\/lairadedios.com.ar\/\">La Ira De Dios<\/a>, Aguirre 1029, Buenos Aires (info@lairadedios.com.ar. Tel. 54-11-4857-9297): Fabi\u00e1n Nonino, &#8220;(volver a casa) Cap\u00edtulo VI: El eterno retorno de todas las cosas&#8221;. Desde 11.07.<\/li>\n<li><a href=\"http:\/\/www.macba.com.ar\/\">MACBA<\/a> (Museo de Arte Contempor\u00e1neo de Buenos Aires), Av. San Juan 328, Buenos Aires (Lun-Vie 12-19, S\u00e1b y Dom 11-19.30 hs. Martes cerrado. Entrada: 30 pesos. Estudiantes, docentes y jubilados o mayores de 65 a\u00f1os con acreditaci\u00f3n vigente: 20 pesos. Menores de 12 a\u00f1os: gratis. Mi\u00e9: General: 20 pesos. Estudiantes, docentes y jubilados o mayores de 65 a\u00f1os con acreditaci\u00f3n vigente: sin cargo. Menores de 12 a\u00f1os: gratis): &#8220;The Importance of Being&#8230;&#8221;, obras de 40 artistas belgas desde los a\u00f1os 60 a la actualidad. Curadora: Sara Alonso G\u00f3mez. 18.07.-04.10.<\/li>\n<li><a href=\"http:\/\/www.macla.com.ar\/\">MACLA<\/a> (Museo de Arte Contempor\u00e1neo Latinoamericano de La Plata), Calle 50 entre 6 y 7, La Plata, Provincia de Buenos Aires, Argentina (Mar-Vie 10-20, Sab y Dom 14-22 hs): Mar\u00eda Suardi, &#8220;Geometrizar la luz&#8221;. 17.07.-09.08.<\/li>\n<li><a href=\"http:\/\/www.malba.org.ar\/web\/\">Malba<\/a> (Museo de Arte Latinoamericano de Buenos Aires), Av. Figueroa Alcorta 3415, Buenos Aires (Jue-Lun y feriados 12-20 hs, Mi\u00e9 hasta 21 hs, Mar cerrado. Entrada 60 pesos; estudiantes, docentes, jubilados o mayores de 65 a\u00f1os con acreditaci\u00f3n vigente 30 pesos. Personas con discapacidad: sin cargo; menores de 5 a\u00f1os: sin cargo. Mi\u00e9: Entrada 30 pesos; estudiantes, docentes y jubilados con acreditaci\u00f3n vigente: sin cargo. Personas con discapacidad: sin cargo): &#8220;Arte latinoamericano siglo XX&#8221;. Colecci\u00f3n permanente. \/ &#8220;Polesello joven 1958-1974&#8221;. Curadora: Mercedes Casanegra. 25.06.-12.10. \/ &#8220;Memorias imborrables. Una mirada hist\u00f3rica sobre la Colecci\u00f3n Videobrasil&#8221;. Curador: Agust\u00edn P\u00e9rez Rubio. 25.06.-20.08. \/ Teresa Burga (Per\u00fa), &#8220;Estructuras de aire&#8221;. Curadores: Miguel L\u00f3pez y Agust\u00edn P\u00e9rez Rubio. Sala 3. Nivel 1. 23.07.-16.11.<\/li>\n<li><a href=\"http:\/\/mumbat.com\/\">MUMBAT<\/a> &#8211; Museo Municipal de Bellas Artes de Tandil, Chacabuco 357, Tandil, Provincia de Buenos Aires, Argentina (Mar-Vie 9-12 y 17-20, S\u00e1b y Dom 17-20 hs. Consultas telef\u00f3nicas: (0249) 443-2067): Osvaldo Decastelli, &#8220;Intimar con la materia&#8221;, obras 1990-2015. Inauguraci\u00f3n: 01.08., 20 hs. Hasta 23.08.<\/li>\n<li><a href=\"http:\/\/untref.edu.ar\/muntref\/\">MUNTREF<\/a> (Museo de la Universidad Nacional de Tres de Febrero), Valent\u00edn G\u00f3mez 4838, Caseros, Provincia de Buenos Aires (Mar-Dom 11-20 hs. Entrada gratuita): V\u00edctor Rebuffo, &#8220;Impresiones de un hombre moderno&#8221;. 29.06.-18.10.<\/li>\n<li><a href=\"http:\/\/untref.edu.ar\/muntref\/\">MUNTREF<\/a> Arte y Ciencia, Tecn\u00f3polis, Parque del Bicentenario, Villa Martelli, Provincia de Buenos Aires (Mi\u00e9-Dom 12-20 hs. Entrada gratuita): &#8220;Percepciones&#8221;, proyectos de artistas y cient\u00edficos. Desde 16.07.<\/li>\n<li><a href=\"http:\/\/untref.edu.ar\/muntref\/\">MUNTREF<\/a> Centro de Arte Contempor\u00e1neo, Sede Hotel de Inmigrantes, Av. Ant\u00e1rtida Argentina 1355, entre Direcci\u00f3n Nacional de Migraciones y Buquebus, entrada por Apostadero Naval, D\u00e1rsena Norte (Mar-Dom 11-19 hs. Entrada gratuita. Visitas guiadas: Mar-Dom 17 hs): &#8220;Vik Muniz, Buenos Aires&#8221;, 20 a\u00f1os de la producci\u00f3n de este artista brasile\u00f1o de proyecci\u00f3n internacional. Se podr\u00e1n ver las series m\u00e1s representativas: &#8220;The best of life&#8221;, &#8220;Im\u00e1genes de basura&#8221;, &#8220;Despu\u00e9s de Warhol&#8221;, &#8220;Equivalentes&#8221;, entre otras. Adem\u00e1s, se presentar\u00e1 el video de &#8220;Lampedusa&#8221;, la instalaci\u00f3n flotante que prepar\u00f3 para la Bienal de Venecia y el film &#8220;Wasteland&#8221; (nominado al Oscar al mejor documental). 21.05.-14.09.<\/li>\n<li><a href=\"http:\/\/www.bancoprovincia.com.ar\/museo\/default.asp\">Museo Banco Provincia<\/a>, Sarmiento 364, Buenos Aires (Lun-Vie 10-18 hs. Entrada libre): Juan Cuello, &#8220;Promesas como recurdos&#8221;, antolog\u00eda 2007-2012. Inauguraci\u00f3n: 06.08., 18.30-20.45 hs. Hasta 28.08.<\/li>\n<li><a href=\"https:\/\/www.facebook.com\/museoquinquela\">Museo Benito Quinquela Mart\u00edn<\/a>, Av. Pedro de Mendoza 1835, La Boca, Buenos Aires (Mar-Dom 11-18 hs): <a href=\"http:\/\/www.clarin.com\/cultura\/Quinquela_Martin-La_Boca-arte_argentino_0_1281471874.html\">&#8220;Arte Argentino&#8221;<\/a>, 57 obras elegidas entre el archivo de casi mil del Museo, entre otros, de Benito Quinquela Mart\u00edn, Justo Lynch, Pio Collivadino, Cleto Ciocchini, Alfredo Gramajo Guti\u00e9rrez, Fernando Fader. Curadora: Sabrina D\u00edaz. Hasta 30.12.<\/li>\n<li><a href=\"http:\/\/www.buenosaires.gob.ar\/areas\/cultura\/museos\/dg_museos\/mifb.htm\">Museo de Arte Hispanoamericano &#8220;Isaac Fern\u00e1ndez Blanco&#8221;<\/a>, Suipacha 1422, Buenos Aires (Mar-Vie 13-19, S\u00e1b, Dom y feriados 11-19 hs. Lunes cerrado. Entrada general $10. Mi\u00e9: entrada gratuita): &#8220;Hugo Cifuentes, Maestro de la Fotograf\u00eda Ecuatoriana&#8221;. Colecci\u00f3n Archivo Hugo Cifuentes (Quito, Ecuador). Curadores: Diego Cifuentes (Ecuador), Leila Makarius, Jorge Cometti (Argentina). 30.07.-27.09.<\/li>\n<li>Museo de la Mujer, Pasaje Rivarola 147, Buenos Aires: Ana Candioti, acr\u00edlicos y pasteles con retratos de los Oom, Wichi y Mapuche en Argentina, Maya en M\u00e9xivo y Afro en Hait\u00ed y Estados Unidos. Inauguraci\u00f3n: 07.08., 19-21 hs.<\/li>\n<li><a href=\"http:\/\/www.mnad.org\/\">Museo Nacional de Arte Decorativo<\/a>, Av. del Libertador 1902, Buenos Aires (Mar-Dom 14-19 hs. Entrada $ 20; jubilados y menores de 12 a\u00f1os gratis. Martes entrada libre): Miguel \u00c1ngel Vidal, retrospectiva. 10.06.-06.09.<\/li>\n<li><a href=\"http:\/\/www.mnba.gob.ar\/\">Museo Nacional de Bellas Artes (MNBA)<\/a>, Av. del Libertador 1473, Buenos Aires (Mar-Vie 12.30-20.30, S\u00e1b y Dom 9.30-20.30 hs. Entrada libre y gratuita): &#8220;Tekopora&#8221;, arte ind\u00edgena y popular del Paraguay. Colecci\u00f3n Museo del Barro. 14.07.-13.09.<\/li>\n<li><a href=\"http:\/\/www.museosivori.org.ar\/\">Museo S\u00edvori<\/a>, Av. Infanta Isabel 555, frente al puente del Rosedal de Palermo, Buenos Aires (Mar-Vie 12-20, S\u00e1b, Dom y feriados 10-20 hs. Entrada $10, Mi\u00e9 y S\u00e1b gratis): Domingo Gatto, &#8220;Im\u00e1genes y met\u00e1foras&#8221;. 11.07.-09.08. \/ &#8220;Paisaje en obra&#8221;. Piezas de la Colecci\u00f3n. 11.07.-16.08.<\/li>\n<li><a href=\"http:\/\/ojitosarte.com\/\">Ojitos &#8211; Arte Contempor\u00e1neo para Ni\u00f1os<\/a>, Zapiola 2196, Buenos Aires (Mar-Vie 14-18, S\u00e1b 14-17 hs): &#8220;No tan lejos&#8221;, dibujos y acuarelas de Milena Rodr\u00edguez Scasso, Elisa Rodr\u00edguez Scasso, <a href=\"http:\/\/www.scasso.de\/\">Alejandro Scasso<\/a>. Inauguraci\u00f3n: 07.08., 17-21 hs. Hasta 15.09.<\/li>\n<li><a href=\"http:\/\/www.palaisdeglace.gob.ar\/\">Palais de Glace<\/a>, Posadas 1725, Buenos Aires (Mar-Vie 12-20, S\u00e1b, Dom y feriados 10-20 hs. Visitas guiadas: S\u00e1b 17 y 18 hs. Entrada libre y gratuita): &#8220;ARGRA &#8211; 26\u00ba Muestra Anual de Fotoperiodismo Argentino (Per\u00edodo 2014)&#8221;. 21.07.-17.08.<\/li>\n<li><a href=\"http:\/\/quimeradelarte.com\/\">Quimera Galer\u00eda<\/a>, Humboldt 1981, Buenos Aires (info@quimeradelarte.com, Tel. 4772-8553): &#8220;bosquejar esbozar proyectar&#8221;. Artistas participantes: Adriana Minoliti, Agust\u00edn Gonz\u00e1lez Goytia, Alejandro Bonzo, Alexia Mu\u00f1iz-Braun, Alexis Minkiewicz, Ana Casanova, Andras Calamandrei, Andrea von L\u00fcdinghausen, Ariel Mora, Augusto Zanela, Cervio Martini, Constanza Abete, Cristina Schiavi, Daniel Tremolada, David L\u00f3pez Mastr\u00e1ngelo, Diego Mur, Ernesto Arellano, Fabi\u00e1n Nonino, Facundo Pires, Florencia Bohtlingk, Francisco Amatriain, Gabriel Altamirano, Gala Berger, H\u00e9ctor Meana, Hern\u00e1n Paganini, Ignacio Vald\u00e9z, Irana Douer, Jair Jes\u00fas Toledo, Javier Ferrante, Jorge Mi\u00f1o, Juan Malka, Juan Tessi, Julim Rosa, Kirsten Mosel, Laura Ojeda Bar, Luciana P\u00eda Faccini, Magdalena Petroni, Manu, Fern\u00e1ndez L\u00f3pez, Manuel Ameztoy, Marcela Astorga, Mariano Ferrante, Marta Cal\u00ed, Mat\u00edas Ercole, Melina Berkenwald, M\u00f3nica Giron, Pablo La Padula, Santiago Gasquet, Silvana Lacarra, Silvia Gurfein, Tiziana Pierri, Valeria Maggi, Walter \u00c1lvarez. Intervenci\u00f3n Site Specific: Alejandro Pasquale y Luis Rodr\u00edguez. Curadores: Santiago Bengolea, Javier Aparicio. 11.07.-28.08.<\/li>\n<li><a href=\"http:\/\/www.roart.com.ar\/\">RO Galer\u00eda de Arte<\/a>, Paran\u00e1 1158, Buenos Aires (Lun-Vie 14-20 hs): Rogelio Polesello. 14.07.-14.08.\/li>\n<li><a href=\"http:\/\/www.uade.edu.ar\/acerca-de-uade\/uade-art\">UADE Art<\/a>, Lima 775, Buenos Aires (Lun-Vie 12-20 hs): &#8220;C.A.L.A. &#8211; Centro Argentino del Libro de Artista&#8221;. Artistas participantes: Alvarez, Gabriel, Alonso, Bel\u00e9n, Aguero, Rodolfo, Blasbalg, Silvana, Bocquel, Alejandra, Borda, Osvaldo, Borthwick, Graciela, Brewda, Silvia, Bredt, Susana, C\u00e1ceres, Anah\u00ed, Calcagno, Esteban, C\u00e1naves, Pete, Chorne, Diana, Coroleu, Cristina, Decastelli, Osvaldo, Diaz Rinaldi, Alicia, Diez, Marta, Dreyfus, Diana, Dorigo, Andr\u00e9s, Estrin, Norberto, Estevez, Luciana, Ferrari, Carina, Garcia, Nora, Garavelli, Andr\u00e9s, Goldstein, M\u00f3nica, Grupo Escombros, Imbach, Carmen, Jac, Walter, Keshishian, Alicia, Kupferminc, Mirta, Laren, Benito, Maddoni, Karina, Martinez, Norberto Jos\u00e9, Marotta, Graciela, Matzen Hirsch, Edith, Maurizio, Eduardo, Melero, Diego, Mezzano, Eva, Monferr\u00e1n, Eugenio, Pacenza, Luc\u00eda, Pamparana, Carlos, Paz, Hilda, Pereda, Estela, Petrolini, Carlota, Riccardi, Andrea, Rosenbaum, Alfredo, Roth, Pedro, Rubli, Mabel, Sasianbarrena, Gabriel, Tarsia, Ana, Tirigall, Juan Jos\u00e9, Zlatkes, Ana, Zorz\u00f3n, Mar\u00eda. 13.07.-28.08.<\/li>\n<li><a href=\"http:\/\/www.usinadelarte.org\/\">Usina del Arte<\/a>, Agust\u00edn Caffarena 1, esquina Av. Pedro de Mendoza, La Boca, Buenos Aires (Jue y Vie 14-20, S\u00e1b, Dom y feriados 11-20 hs. Entrada gratuita): Mar\u00eda Ver\u00f3nica Ram\u00edrez, &#8220;El Universo de Monstri\u00f1a&#8221;, muestra interactiva de pinturas e ilustraciones. 16.07.-02.08.<\/li>\n<li><a href=\"https:\/\/www.facebook.com\/pages\/Vallmitjana-Espacio-de-Arte\/563921260371386?fref=ts\">Vallmitjana Espacio de Arte<\/a>, Arenales 1676, Buenos Aires (Lun-Vie 14-20 hs): Magdalena Pini, esculturas. 27.07.-14.08.<\/li>\n<\/ul>\n","protected":false},"excerpt":{"rendered":"<p>Klicken Sie hier, um die deutsche Version zu lesen. Agenda de Muestras del 01\/08\/2015 Por Susanne Franz El viernes 7 de agosto, de 17 a 21 horas, se inaugurar\u00e1 la muestra &#8220;No tan lejos&#8221; en la Galer\u00eda Ojitos &#8211; Arte Contempor\u00e1neo para Ni\u00f1os (Zapiola 2196, Buenos Aires), una exposici\u00f3n de dibujos y acuarelas realizados por [&hellip;]<\/p>\n","protected":false},"author":1,"featured_media":0,"comment_status":"open","ping_status":"open","sticky":false,"template":"","format":"standard","meta":{"footnotes":""},"categories":[18],"tags":[],"class_list":["post-22095","post","type-post","status-publish","format-standard","hentry","category-agenda"],"_links":{"self":[{"href":"https:\/\/kunstinargentinien.com\/index.php\/wp-json\/wp\/v2\/posts\/22095","targetHints":{"allow":["GET"]}}],"collection":[{"href":"https:\/\/kunstinargentinien.com\/index.php\/wp-json\/wp\/v2\/posts"}],"about":[{"href":"https:\/\/kunstinargentinien.com\/index.php\/wp-json\/wp\/v2\/types\/post"}],"author":[{"embeddable":true,"href":"https:\/\/kunstinargentinien.com\/index.php\/wp-json\/wp\/v2\/users\/1"}],"replies":[{"embeddable":true,"href":"https:\/\/kunstinargentinien.com\/index.php\/wp-json\/wp\/v2\/comments?post=22095"}],"version-history":[{"count":21,"href":"https:\/\/kunstinargentinien.com\/index.php\/wp-json\/wp\/v2\/posts\/22095\/revisions"}],"predecessor-version":[{"id":22206,"href":"https:\/\/kunstinargentinien.com\/index.php\/wp-json\/wp\/v2\/posts\/22095\/revisions\/22206"}],"wp:attachment":[{"href":"https:\/\/kunstinargentinien.com\/index.php\/wp-json\/wp\/v2\/media?parent=22095"}],"wp:term":[{"taxonomy":"category","embeddable":true,"href":"https:\/\/kunstinargentinien.com\/index.php\/wp-json\/wp\/v2\/categories?post=22095"},{"taxonomy":"post_tag","embeddable":true,"href":"https:\/\/kunstinargentinien.com\/index.php\/wp-json\/wp\/v2\/tags?post=22095"}],"curies":[{"name":"wp","href":"https:\/\/api.w.org\/{rel}","templated":true}]}}