{"id":223,"date":"2005-12-01T20:24:10","date_gmt":"2005-12-01T23:24:10","guid":{"rendered":"http:\/\/kunstinargentinien.com\/index.php\/2005\/12\/01\/simbolo-contra-el-sida\/"},"modified":"2006-01-22T21:27:00","modified_gmt":"2006-01-23T00:27:00","slug":"simbolo-contra-el-sida","status":"publish","type":"post","link":"https:\/\/kunstinargentinien.com\/index.php\/2005\/12\/01\/simbolo-contra-el-sida\/","title":{"rendered":"S\u00edmbolo contra el Sida"},"content":{"rendered":"<p><a href=\"http:\/\/kunstinargentinien.com\/index.php\/2005\/12\/01\/zeichen-gegen-aids\/\">Klicken Sie hier, um die deutsche Version zu lesen.<\/a><\/p>\n<p><strong>D\u00eda Mundial del Sida en Buenos Aires<\/strong><\/p>\n<p><img decoding=\"async\" src=\"http:\/\/kunstinargentinien.com\/wp-content\/uploads\/Forro.jpg\" alt=\"\" \/><\/p>\n<p>Conmemorando el D\u00eda Mundial del Sida, hoy en Buenos Aires se vio una intervenci\u00f3n urbana bastante especial: el obelisco, s\u00edmbolo de la ciudad, cubierto con un cond\u00f3n color rosa.<\/p>\n","protected":false},"excerpt":{"rendered":"<p>Klicken Sie hier, um die deutsche Version zu lesen. D\u00eda Mundial del Sida en Buenos Aires Conmemorando el D\u00eda Mundial del Sida, hoy en Buenos Aires se vio una intervenci\u00f3n urbana bastante especial: el obelisco, s\u00edmbolo de la ciudad, cubierto con un cond\u00f3n color rosa.<\/p>\n","protected":false},"author":1,"featured_media":0,"comment_status":"open","ping_status":"open","sticky":false,"template":"","format":"standard","meta":{"footnotes":""},"categories":[1],"tags":[],"class_list":["post-223","post","type-post","status-publish","format-standard","hentry","category-allgemein-general"],"_links":{"self":[{"href":"https:\/\/kunstinargentinien.com\/index.php\/wp-json\/wp\/v2\/posts\/223","targetHints":{"allow":["GET"]}}],"collection":[{"href":"https:\/\/kunstinargentinien.com\/index.php\/wp-json\/wp\/v2\/posts"}],"about":[{"href":"https:\/\/kunstinargentinien.com\/index.php\/wp-json\/wp\/v2\/types\/post"}],"author":[{"embeddable":true,"href":"https:\/\/kunstinargentinien.com\/index.php\/wp-json\/wp\/v2\/users\/1"}],"replies":[{"embeddable":true,"href":"https:\/\/kunstinargentinien.com\/index.php\/wp-json\/wp\/v2\/comments?post=223"}],"version-history":[{"count":0,"href":"https:\/\/kunstinargentinien.com\/index.php\/wp-json\/wp\/v2\/posts\/223\/revisions"}],"wp:attachment":[{"href":"https:\/\/kunstinargentinien.com\/index.php\/wp-json\/wp\/v2\/media?parent=223"}],"wp:term":[{"taxonomy":"category","embeddable":true,"href":"https:\/\/kunstinargentinien.com\/index.php\/wp-json\/wp\/v2\/categories?post=223"},{"taxonomy":"post_tag","embeddable":true,"href":"https:\/\/kunstinargentinien.com\/index.php\/wp-json\/wp\/v2\/tags?post=223"}],"curies":[{"name":"wp","href":"https:\/\/api.w.org\/{rel}","templated":true}]}}