{"id":22362,"date":"2015-10-03T12:54:12","date_gmt":"2015-10-03T15:54:12","guid":{"rendered":"http:\/\/kunstinargentinien.com\/?p=22362"},"modified":"2015-10-07T10:42:21","modified_gmt":"2015-10-07T13:42:21","slug":"agenda-kalender-458","status":"publish","type":"post","link":"https:\/\/kunstinargentinien.com\/index.php\/2015\/10\/03\/agenda-kalender-458\/","title":{"rendered":"Agenda \/ Kalender"},"content":{"rendered":"<p><a href=\"http:\/\/kunstinargentinien.com\/index.php\/2015\/10\/03\/kalender-agenda-469\/\">Klicken Sie hier, um die deutsche Version zu lesen.<\/a><\/p>\n<p><strong>Agenda de Muestras del 03\/10\/2015<\/p>\n<p><em>Por Susanne Franz<\/em><\/strong><\/p>\n<p><a href=\"http:\/\/kunstinargentinien.com\/wp-content\/uploads\/2015\/10\/fortabat.jpg\"><img loading=\"lazy\" decoding=\"async\" src=\"http:\/\/kunstinargentinien.com\/wp-content\/uploads\/2015\/10\/fortabat.jpg\" alt=\"fortabat\" width=\"500\" height=\"332\" class=\"aligncenter size-full wp-image-22363\" srcset=\"https:\/\/kunstinargentinien.com\/wp-content\/uploads\/2015\/10\/fortabat.jpg 500w, https:\/\/kunstinargentinien.com\/wp-content\/uploads\/2015\/10\/fortabat-300x199.jpg 300w\" sizes=\"auto, (max-width: 500px) 100vw, 500px\" \/><\/a><br \/>\nDesde el 1 de octubre, en la <a href=\"http:\/\/www.coleccionfortabat.org.ar\/\">Colecci\u00f3n de Arte Amalia Lacroze de Fortabat<\/a> se puede visitar la exhibici\u00f3n &#8220;Colecci\u00f3n abierta. Relatos internos&#8221;. Es un proyecto de distintas exhibiciones y publicaciones, cuyo objetivo es indagar sobre la Colecci\u00f3n de Arte Amalia Lacroze de Fortabat, poner en valor su acervo y dar a conocer las obras que la conforman.<\/p>\n<p>En su primera edici\u00f3n, en marzo de 2014, &#8220;Colecci\u00f3n abierta (1980-1999)&#8221; mostraba obras poco conocidas y en algunos casos poco exhibidas de artistas consagrados de las \u00faltimas d\u00e9cadas del siglo pasado. Estas obras enfatizaban los lenguajes personales y la consolidada trayectoria de estos artistas m\u00e1s all\u00e1 de \u00e9pocas y movimientos.<\/p>\n<p>Esta segunda edici\u00f3n, &#8220;Relatos internos&#8221;, propone encontrar puntos en com\u00fan entre obras de la Colecci\u00f3n m\u00e1s all\u00e1 de los relatos can\u00f3nicos, acad\u00e9micos y procesuales de la historia del arte. Im\u00e1genes de artistas nacionales e internacionales, pertenecientes a distintos tiempos, diversos lenguajes y disimiles recorridos, se articulan en grupos tem\u00e1ticos, creando as\u00ed otros posibles di\u00e1logos y v\u00ednculos entre ellas. Cada sala aborda un n\u00facleo que muestra distintas pinturas con un tema espec\u00edfico repetido a lo largo de la Colecci\u00f3n. Estas l\u00edneas de lectura, a su vez, interpelan y reelaboran el gui\u00f3n actual de la Colecci\u00f3n Permanente.<\/p>\n<p>La exhibici\u00f3n podr\u00e1 visitarse hasta el 17 de enero de 2016.<\/p>\n<p>Las muestras de la semana:<!--more--><\/p>\n<ul>\n<li><a href=\"http:\/\/agendacultural.buenosaires.gob.ar\/evento\/munecas-antiguas-en-la-casa-fernandez-blanco\/5094\">Casa Fern\u00e1ndez Blanco<\/a>, Hip\u00f3lito Yrigoyen 1420, Buenos Aires (Mar-Vie 12-18, S\u00e1b y Dom 11-17 hs. Feriados cerrado. Entrada $2, Mi\u00e9 y Jue gratis): &#8220;Hab\u00eda una vez&#8230;, mu\u00f1ecas y juguetes 1870-1940. Colecci\u00f3n de Mabel y Mar\u00eda Castellano Fotheringham&#8221;. Hasta 30.12.<\/li>\n<li><a href=\"http:\/\/www.casamatienzo.com\/\">Casa Matienzo<\/a>, Matienzo 3136, Colegiales, Buenos Aires (Mar-Mie 15-18, Vie 17.30-20.30 hs. Entrada libre y gratuita): Alejandro Scasso, &#8220;Cont\u00ednuas rupturas&#8221;, pinturas. Curadores: Tulio de Sagastiz\u00e1bal, Mar\u00eda Emilia Marroqu\u00edn. 11.09.-16.10.<\/li>\n<li><a href=\"http:\/\/www.centroculturalrecoleta.org\/nuevositio\/\">Centro Cultural Recoleta<\/a>, Jun\u00ed\u00adn 1930, Buenos Aires (Mar-Vie 13.30-20.30, S\u00e1b, Dom y feriados 11.30-20.30 hs. Lun cerrado. Entrada libre y gratuita): &#8220;Dos arquitecturas alemanas 1949-1989&#8221;. Salas 4, 5 y 6. 05.09.-04.10.<\/li>\n<li><a href=\"http:\/\/www.coleccionfortabat.org.ar\/\">Colecci\u00f3n de Arte Amalia Lacroze de Fortabat<\/a>, Olga Cossetini 141, Puerto Madero, Buenos Aires (Mar-Dom 12-20 hs, Lun cerrado. Entrada: $60, $30 para menores de 12 a\u00f1os, jubilados, estudiantes y docentes, Mi\u00e9 $30 y acceso gratuito para menores de 12 a\u00f1os, jubilados, estudiantes y docentes con acreditaci\u00f3n): &#8220;Colecci\u00f3n abierta. Relatos internos&#8221;. 01.10.-17.01.2016.<\/li>\n<li><a href=\"http:\/\/www.elsidelrio.com.ar\/\">Elsi del R\u00edo Arte Contempor\u00e1neo<\/a>, Humboldt 1510, Palermo Hollywood, Buenos Aires (Lun-Vie 13-19, S\u00e1b 11-15 hs): Jos\u00e9 Luis Anzizar, &#8220;#monte&#8221;, cutouts. 07.09.-05.11.<\/li>\n<li><a href=\"http:\/\/www.artefundacionosde.com.ar\/BO\/home.asp\">Espacio de Arte Fundaci\u00f3n Osde<\/a>, Suipacha 658, 1\u00ba piso, Buenos Aires (Lun-S\u00e1b 12-20 hs. Entrada gratuita): Eduardo Grossman, &#8220;Antolog\u00eda posible&#8221;, fotos. 20.08.-24.10.<\/li>\n<li><a href=\"http:\/\/www.fundaciontelefonica.com.ar\/\">Espacio Fundaci\u00f3n Telef\u00f3nica<\/a>, Arenales 1540, Buenos Aires (Lun-S\u00e1b 14-20.30 hs. Entrada libre y gratuita): &#8220;Big Bang Data&#8221;, exhibici\u00f3n que explora la emergencia de la base de datos como un marco de pensamiento cultural, y los efectos de la datificaci\u00f3n del mundo. 02.07.-28.11.<\/li>\n<li><a href=\"http:\/\/www.proa.org\/esp\/\">Fundaci\u00f3n Proa<\/a>, Pedro de Mendoza 1929, La Boca, Buenos Aires (Mar-Dom 11-19 hs, Lun cerrado. Entrada $20, jubilados $10 y estudiantes $5; Mar gratis para estudiantes): Raqs Media Collective, &#8220;Es posible porque es posible&#8221;. El colectivo Raqs Media Collective, formado por los artistas Jeebesh Bagchi (1966), M\u00f3nica Narula (1969) y Shuddhabrata Sengupta (1968), ha centrado su trabajo en los \u00faltimos a\u00f1os hacia una perspectiva multidisciplinaria, combinando elementos de investigaci\u00f3n, instalaci\u00f3n y producci\u00f3n multimedia. Sus &#8220;proyectos&#8221; exploran m\u00faltiples conceptos como la globalizaci\u00f3n, la econom\u00eda, la pol\u00edtica, la literatura o los autoritarismos. Los artistas se definen como &#8220;agentes filos\u00f3ficos provocadores&#8221; y un &#8220;laboratorio de pensamiento&#8221;. Curadores: Ferran Barenblit, Cuauht\u00e9moc Medina. 26.09.-01.11.<\/li>\n<li><a href=\"http:\/\/www.macba.com.ar\/\">MACBA<\/a> (Museo de Arte Contempor\u00e1neo de Buenos Aires), Av. San Juan 328, Buenos Aires (Lun-Vie 12-19, S\u00e1b y Dom 11-19.30 hs. Martes cerrado. Entrada: 30 pesos. Estudiantes, docentes y jubilados o mayores de 65 a\u00f1os con acreditaci\u00f3n vigente: 20 pesos. Menores de 12 a\u00f1os: gratis. Mi\u00e9: General: 20 pesos. Estudiantes, docentes y jubilados o mayores de 65 a\u00f1os con acreditaci\u00f3n vigente: sin cargo. Menores de 12 a\u00f1os: gratis): &#8220;The Importance of Being&#8230;&#8221;, obras de 40 artistas belgas desde los a\u00f1os 60 a la actualidad. Curadora: Sara Alonso G\u00f3mez. 18.07.-04.10.<\/li>\n<li><a href=\"http:\/\/www.malba.org.ar\/web\/\">Malba<\/a> (Museo de Arte Latinoamericano de Buenos Aires), Av. Figueroa Alcorta 3415, Buenos Aires (Jue-Lun y feriados 12-20 hs, Mi\u00e9 hasta 21 hs, Mar cerrado. Entrada 60 pesos; estudiantes, docentes, jubilados o mayores de 65 a\u00f1os con acreditaci\u00f3n vigente 30 pesos. Personas con discapacidad: sin cargo; menores de 5 a\u00f1os: sin cargo. Mi\u00e9: Entrada 30 pesos; estudiantes, docentes y jubilados con acreditaci\u00f3n vigente: sin cargo. Personas con discapacidad: sin cargo): &#8220;Arte latinoamericano siglo XX&#8221;. Colecci\u00f3n permanente. \/ &#8220;Polesello joven 1958-1974&#8221;. Curadora: Mercedes Casanegra. 25.06.-12.10. \/ Teresa Burga (Per\u00fa), &#8220;Estructuras de aire&#8221;. Curadores: Miguel L\u00f3pez y Agust\u00edn P\u00e9rez Rubio. Sala 3. Nivel 1. 23.07.-16.11.<\/li>\n<li><a href=\"http:\/\/untref.edu.ar\/muntref\/\">MUNTREF<\/a> (Museo de la Universidad Nacional de Tres de Febrero), Valent\u00edn G\u00f3mez 4838, Caseros, Provincia de Buenos Aires (Mar-Dom 11-20 hs. Entrada gratuita): V\u00edctor Rebuffo, &#8220;Impresiones de un hombre moderno&#8221;. 29.06.-18.10.<\/li>\n<li><a href=\"http:\/\/untref.edu.ar\/muntref\/\">MUNTREF<\/a> Arte y Ciencia, Tecn\u00f3polis, Parque del Bicentenario, Villa Martelli, Provincia de Buenos Aires (Mi\u00e9-Dom 12-20 hs. Entrada gratuita): &#8220;Percepciones&#8221;, proyectos de artistas y cient\u00edficos. Desde 16.07.<\/li>\n<li><a href=\"https:\/\/www.facebook.com\/museoquinquela\">Museo Benito Quinquela Mart\u00edn<\/a>, Av. Pedro de Mendoza 1835, La Boca, Buenos Aires (Mar-Dom 11-18 hs): <a href=\"http:\/\/www.clarin.com\/cultura\/Quinquela_Martin-La_Boca-arte_argentino_0_1281471874.html\">&#8220;Arte Argentino&#8221;<\/a>, 57 obras elegidas entre el archivo de casi mil del Museo, entre otros, de Benito Quinquela Mart\u00edn, Justo Lynch, Pio Collivadino, Cleto Ciocchini, Alfredo Gramajo Guti\u00e9rrez, Fernando Fader. Curadora: Sabrina D\u00edaz. Hasta 30.12.<\/li>\n<li><a href=\"http:\/\/www.raicesamericanas.com.ar\/\">Ra\u00edces Americanas<\/a>, Suipacha 1311, 1 B, Buenos Aires (Lun-Vie 14-18 hs): Alfredo Plank, pinturas. Inauguraci\u00f3n: 07.10., 19 hs. Hasta 28.10.<\/li>\n<li><a href=\"http:\/\/www.rolfart.com.ar\/\">Rolf Art<\/a>, Posadas 1583, PB &#8220;A&#8221;, Buenos Aires (Lun-Vie 11-20 hs): Humberto Rivas, &#8220;Lo obvio y lo obtuso&#8221;, fotos. 31.07.-16.10.<\/li>\n<\/ul>\n","protected":false},"excerpt":{"rendered":"<p>Klicken Sie hier, um die deutsche Version zu lesen. Agenda de Muestras del 03\/10\/2015 Por Susanne Franz Desde el 1 de octubre, en la Colecci\u00f3n de Arte Amalia Lacroze de Fortabat se puede visitar la exhibici\u00f3n &#8220;Colecci\u00f3n abierta. Relatos internos&#8221;. Es un proyecto de distintas exhibiciones y publicaciones, cuyo objetivo es indagar sobre la Colecci\u00f3n [&hellip;]<\/p>\n","protected":false},"author":1,"featured_media":0,"comment_status":"open","ping_status":"open","sticky":false,"template":"","format":"standard","meta":{"footnotes":""},"categories":[18],"tags":[],"class_list":["post-22362","post","type-post","status-publish","format-standard","hentry","category-agenda"],"_links":{"self":[{"href":"https:\/\/kunstinargentinien.com\/index.php\/wp-json\/wp\/v2\/posts\/22362","targetHints":{"allow":["GET"]}}],"collection":[{"href":"https:\/\/kunstinargentinien.com\/index.php\/wp-json\/wp\/v2\/posts"}],"about":[{"href":"https:\/\/kunstinargentinien.com\/index.php\/wp-json\/wp\/v2\/types\/post"}],"author":[{"embeddable":true,"href":"https:\/\/kunstinargentinien.com\/index.php\/wp-json\/wp\/v2\/users\/1"}],"replies":[{"embeddable":true,"href":"https:\/\/kunstinargentinien.com\/index.php\/wp-json\/wp\/v2\/comments?post=22362"}],"version-history":[{"count":6,"href":"https:\/\/kunstinargentinien.com\/index.php\/wp-json\/wp\/v2\/posts\/22362\/revisions"}],"predecessor-version":[{"id":22386,"href":"https:\/\/kunstinargentinien.com\/index.php\/wp-json\/wp\/v2\/posts\/22362\/revisions\/22386"}],"wp:attachment":[{"href":"https:\/\/kunstinargentinien.com\/index.php\/wp-json\/wp\/v2\/media?parent=22362"}],"wp:term":[{"taxonomy":"category","embeddable":true,"href":"https:\/\/kunstinargentinien.com\/index.php\/wp-json\/wp\/v2\/categories?post=22362"},{"taxonomy":"post_tag","embeddable":true,"href":"https:\/\/kunstinargentinien.com\/index.php\/wp-json\/wp\/v2\/tags?post=22362"}],"curies":[{"name":"wp","href":"https:\/\/api.w.org\/{rel}","templated":true}]}}