{"id":22389,"date":"2015-10-10T13:24:12","date_gmt":"2015-10-10T16:24:12","guid":{"rendered":"http:\/\/kunstinargentinien.com\/?p=22389"},"modified":"2015-10-17T15:51:58","modified_gmt":"2015-10-17T18:51:58","slug":"agenda-kalender-459","status":"publish","type":"post","link":"https:\/\/kunstinargentinien.com\/index.php\/2015\/10\/10\/agenda-kalender-459\/","title":{"rendered":"Agenda \/ Kalender"},"content":{"rendered":"<p><a href=\"http:\/\/kunstinargentinien.com\/index.php\/2015\/10\/10\/kalender-agenda-470\/\">Klicken Sie hier, um die deutsche Version zu lesen.<\/a><\/p>\n<p><strong>Agenda de Muestras del 10\/10\/2015<\/p>\n<p><em>Por Susanne Franz<\/em><\/strong><\/p>\n<p><a href=\"http:\/\/kunstinargentinien.com\/wp-content\/uploads\/2015\/10\/Postal-BAPHOTO.jpg\"><img loading=\"lazy\" decoding=\"async\" src=\"http:\/\/kunstinargentinien.com\/wp-content\/uploads\/2015\/10\/Postal-BAPHOTO.jpg\" alt=\"Postal-BAPHOTO\" width=\"250\" height=\"307\" class=\"alignright size-full wp-image-22393\" srcset=\"https:\/\/kunstinargentinien.com\/wp-content\/uploads\/2015\/10\/Postal-BAPHOTO.jpg 250w, https:\/\/kunstinargentinien.com\/wp-content\/uploads\/2015\/10\/Postal-BAPHOTO-244x300.jpg 244w\" sizes=\"auto, (max-width: 250px) 100vw, 250px\" \/><\/a><a href=\"http:\/\/www.buenosairesphoto.com\/BA-Photo\">Buenos Aires Photo<\/a> es la feria de arte especializada en fotograf\u00eda m\u00e1s importante de Latinoam\u00e9rica. Desde su surgimiento en el a\u00f1o 2005, BA Photo trabaja para promover el desarrollo de la fotograf\u00eda dentro del campo art\u00edstico y poner en valor su producci\u00f3n a nivel internacional. A trav\u00e9s de diez a\u00f1os de trayectoria, la feria se ha convertido en un punto de referencia para la fotograf\u00eda latinoamericana y un lugar de encuentro entre artistas, curadores, cr\u00edticos, periodistas especializados y nuevos coleccionistas interesados cada vez m\u00e1s en este medio.<\/p>\n<p>En su pr\u00f3xima edici\u00f3n, del 15 al 18 de octubre, BA Photo propone una mirada \u00edntegra y plural, a trav\u00e9s de proyectos que puedan dar cuenta de las diferentes b\u00fasquedas, formatos y manifestaciones que ha experimentado la fotograf\u00eda desde sus inicios hasta su producci\u00f3n actual.<\/p>\n<p>La feria se realiza por cuarta vez consecutiva en el <a href=\"http:\/\/www.centroculturalrecoleta.org\/nuevositio\/\">Centro Cultural Recoleta<\/a>, y es organizada por Arte al D\u00eda Internacional.<\/p>\n<p>Las muestras de la semana:<!--more--><\/p>\n<ul>\n<li><a href=\"http:\/\/agendacultural.buenosaires.gob.ar\/evento\/munecas-antiguas-en-la-casa-fernandez-blanco\/5094\">Casa Fern\u00e1ndez Blanco<\/a>, Hip\u00f3lito Yrigoyen 1420, Buenos Aires (Mar-Vie 12-18, S\u00e1b y Dom 11-17 hs. Feriados cerrado. Entrada $2, Mi\u00e9 y Jue gratis): &#8220;Hab\u00eda una vez&#8230;, mu\u00f1ecas y juguetes 1870-1940. Colecci\u00f3n de Mabel y Mar\u00eda Castellano Fotheringham&#8221;. Hasta 30.12.<\/li>\n<li><a href=\"http:\/\/www.casamatienzo.com\/\">Casa Matienzo<\/a>, Matienzo 3136, Colegiales, Buenos Aires (Mar-Mie 15-18, Vie 17.30-20.30 hs. Entrada libre y gratuita): Alejandro Scasso, &#8220;Cont\u00ednuas rupturas&#8221;, pinturas. Curadores: Tulio de Sagastiz\u00e1bal, Mar\u00eda Emilia Marroqu\u00edn. 11.09.-16.10.<\/li>\n<li><a href=\"http:\/\/www.centroculturalrecoleta.org\/nuevositio\/\">Centro Cultural Recoleta<\/a>, Jun\u00ed\u00adn 1930, Buenos Aires (13.30-20.30 hs): Feria de Fotograf\u00eda <a href=\"http:\/\/www.buenosairesphoto.com\/BA-Photo\">BA Photo 2015<\/a>, 11ra edici\u00f3n. Inauguraci\u00f3n: 14.10. (solo con invitaci\u00f3n). 15.10.-18.10. Entrada: $ 90, $ 45 para jubilados, menores de 12 a\u00f1os y estudiantes universitarios con acreditaci\u00f3n.<\/li>\n<li><a href=\"http:\/\/www.coleccionfortabat.org.ar\/\">Colecci\u00f3n de Arte Amalia Lacroze de Fortabat<\/a>, Olga Cossetini 141, Puerto Madero, Buenos Aires (Mar-Dom 12-20 hs, Lun cerrado. Entrada: $60, $30 para menores de 12 a\u00f1os, jubilados, estudiantes y docentes, Mi\u00e9 $30 y acceso gratuito para menores de 12 a\u00f1os, jubilados, estudiantes y docentes con acreditaci\u00f3n): &#8220;Colecci\u00f3n abierta. Relatos internos&#8221;. 01.10.-17.01.2016.<\/li>\n<li><a href=\"http:\/\/www.elsidelrio.com.ar\/\">Elsi del R\u00edo Arte Contempor\u00e1neo<\/a>, Humboldt 1510, Palermo Hollywood, Buenos Aires (Lun-Vie 13-19, S\u00e1b 11-15 hs): Jos\u00e9 Luis Anzizar, &#8220;#monte&#8221;, cutouts. 07.09.-05.11.<\/li>\n<li><a href=\"http:\/\/www.artefundacionosde.com.ar\/BO\/home.asp\">Espacio de Arte Fundaci\u00f3n Osde<\/a>, Suipacha 658, 1\u00ba piso, Buenos Aires (Lun-S\u00e1b 12-20 hs. Entrada gratuita): Eduardo Grossman, &#8220;Antolog\u00eda posible&#8221;, fotos. 20.08.-24.10.<\/li>\n<li><a href=\"http:\/\/www.fundaciontelefonica.com.ar\/\">Espacio Fundaci\u00f3n Telef\u00f3nica<\/a>, Arenales 1540, Buenos Aires (Lun-S\u00e1b 14-20.30 hs. Entrada libre y gratuita): &#8220;Big Bang Data&#8221;, exhibici\u00f3n que explora la emergencia de la base de datos como un marco de pensamiento cultural, y los efectos de la datificaci\u00f3n del mundo. 02.07.-28.11.<\/li>\n<li><a href=\"http:\/\/www.proa.org\/esp\/\">Fundaci\u00f3n Proa<\/a>, Pedro de Mendoza 1929, La Boca, Buenos Aires (Mar-Dom 11-19 hs, Lun cerrado. Entrada $20, jubilados $10 y estudiantes $5; Mar gratis para estudiantes): Raqs Media Collective, &#8220;Es posible porque es posible&#8221;. El colectivo Raqs Media Collective, formado por los artistas Jeebesh Bagchi (1966), M\u00f3nica Narula (1969) y Shuddhabrata Sengupta (1968), ha centrado su trabajo en los \u00faltimos a\u00f1os hacia una perspectiva multidisciplinaria, combinando elementos de investigaci\u00f3n, instalaci\u00f3n y producci\u00f3n multimedia. Sus &#8220;proyectos&#8221; exploran m\u00faltiples conceptos como la globalizaci\u00f3n, la econom\u00eda, la pol\u00edtica, la literatura o los autoritarismos. Los artistas se definen como &#8220;agentes filos\u00f3ficos provocadores&#8221; y un &#8220;laboratorio de pensamiento&#8221;. Curadores: Ferran Barenblit, Cuauht\u00e9moc Medina. 26.09.-01.11.<\/li>\n<li><a href=\"http:\/\/www.malba.org.ar\/web\/\">Malba<\/a> (Museo de Arte Latinoamericano de Buenos Aires), Av. Figueroa Alcorta 3415, Buenos Aires (Jue-Lun y feriados 12-20 hs, Mi\u00e9 hasta 21 hs, Mar cerrado. Entrada 60 pesos; estudiantes, docentes, jubilados o mayores de 65 a\u00f1os con acreditaci\u00f3n vigente 30 pesos. Personas con discapacidad: sin cargo; menores de 5 a\u00f1os: sin cargo. Mi\u00e9: Entrada 30 pesos; estudiantes, docentes y jubilados con acreditaci\u00f3n vigente: sin cargo. Personas con discapacidad: sin cargo): &#8220;Arte latinoamericano siglo XX&#8221;. Colecci\u00f3n permanente. \/ &#8220;Polesello joven 1958-1974&#8221;. Curadora: Mercedes Casanegra. 25.06.-12.10. \/ Teresa Burga (Per\u00fa), &#8220;Estructuras de aire&#8221;. Curadores: Miguel L\u00f3pez y Agust\u00edn P\u00e9rez Rubio. Sala 3. Nivel 1. 23.07.-18.10. \/ Leandro Erlich, &#8220;La democracia del s\u00edmbolo&#8221;, instalaci\u00f3n. 21.09.-28.03.2016.<\/li>\n<li><a href=\"http:\/\/untref.edu.ar\/muntref\/\">MUNTREF<\/a> (Museo de la Universidad Nacional de Tres de Febrero), Valent\u00edn G\u00f3mez 4838, Caseros, Provincia de Buenos Aires (Mar-Dom 11-20 hs. Entrada gratuita): V\u00edctor Rebuffo, &#8220;Impresiones de un hombre moderno&#8221;. 29.06.-18.10.<\/li>\n<li><a href=\"http:\/\/untref.edu.ar\/muntref\/\">MUNTREF<\/a> Arte y Ciencia, Tecn\u00f3polis, Parque del Bicentenario, Villa Martelli, Provincia de Buenos Aires (Mi\u00e9-Dom 12-20 hs. Entrada gratuita): &#8220;Percepciones&#8221;, proyectos de artistas y cient\u00edficos. Desde 16.07.<\/li>\n<li><a href=\"https:\/\/www.facebook.com\/museoquinquela\">Museo Benito Quinquela Mart\u00edn<\/a>, Av. Pedro de Mendoza 1835, La Boca, Buenos Aires (Mar-Dom 11-18 hs): <a href=\"http:\/\/www.clarin.com\/cultura\/Quinquela_Martin-La_Boca-arte_argentino_0_1281471874.html\">&#8220;Arte Argentino&#8221;<\/a>, 57 obras elegidas entre el archivo de casi mil del Museo, entre otros, de Benito Quinquela Mart\u00edn, Justo Lynch, Pio Collivadino, Cleto Ciocchini, Alfredo Gramajo Guti\u00e9rrez, Fernando Fader. Curadora: Sabrina D\u00edaz. Hasta 30.12.<\/li>\n<li><a href=\"https:\/\/www.facebook.com\/events\/877431139007158\/\">Museo de Arte Moderno<\/a>, Av. San Juan 350, Buenos Aires (Mar-Dom 12-18 hs. Entrada ppr orden de llegada. Capacidad limitada hasta 500 personas por d\u00eda. Las entradas de $20 se entregan en el d\u00eda, desde la apertura del Museo hasta agotarse. La obra no es apta para menores de 16 a\u00f1os y personas con movilidad reducida o con claustrofobia): Marta Minuj\u00edn, &#8220;La Menesunda&#8221;, reconstrucci\u00f3n de la obra despu\u00e9s de 50 a\u00f1os de la hist\u00f3rica ambientaci\u00f3n en el Instituto Di Tella. 08.10.-30.12.<\/li>\n<li><a href=\"http:\/\/www.raicesamericanas.com.ar\/\">Ra\u00edces Americanas<\/a>, Suipacha 1311, 1 B, Buenos Aires (Lun-Vie 14-18 hs): Alfredo Plank, pinturas. 07.10.-28.10.<\/li>\n<li><a href=\"http:\/\/www.rolfart.com.ar\/\">Rolf Art<\/a>, Posadas 1583, PB &#8220;A&#8221;, Buenos Aires (Lun-Vie 11-20 hs): Humberto Rivas, &#8220;Lo obvio y lo obtuso&#8221;, fotos. 31.07.-16.10.<\/li>\n<\/ul>\n","protected":false},"excerpt":{"rendered":"<p>Klicken Sie hier, um die deutsche Version zu lesen. Agenda de Muestras del 10\/10\/2015 Por Susanne Franz Buenos Aires Photo es la feria de arte especializada en fotograf\u00eda m\u00e1s importante de Latinoam\u00e9rica. Desde su surgimiento en el a\u00f1o 2005, BA Photo trabaja para promover el desarrollo de la fotograf\u00eda dentro del campo art\u00edstico y poner [&hellip;]<\/p>\n","protected":false},"author":1,"featured_media":0,"comment_status":"open","ping_status":"open","sticky":false,"template":"","format":"standard","meta":{"footnotes":""},"categories":[18],"tags":[],"class_list":["post-22389","post","type-post","status-publish","format-standard","hentry","category-agenda"],"_links":{"self":[{"href":"https:\/\/kunstinargentinien.com\/index.php\/wp-json\/wp\/v2\/posts\/22389","targetHints":{"allow":["GET"]}}],"collection":[{"href":"https:\/\/kunstinargentinien.com\/index.php\/wp-json\/wp\/v2\/posts"}],"about":[{"href":"https:\/\/kunstinargentinien.com\/index.php\/wp-json\/wp\/v2\/types\/post"}],"author":[{"embeddable":true,"href":"https:\/\/kunstinargentinien.com\/index.php\/wp-json\/wp\/v2\/users\/1"}],"replies":[{"embeddable":true,"href":"https:\/\/kunstinargentinien.com\/index.php\/wp-json\/wp\/v2\/comments?post=22389"}],"version-history":[{"count":10,"href":"https:\/\/kunstinargentinien.com\/index.php\/wp-json\/wp\/v2\/posts\/22389\/revisions"}],"predecessor-version":[{"id":22448,"href":"https:\/\/kunstinargentinien.com\/index.php\/wp-json\/wp\/v2\/posts\/22389\/revisions\/22448"}],"wp:attachment":[{"href":"https:\/\/kunstinargentinien.com\/index.php\/wp-json\/wp\/v2\/media?parent=22389"}],"wp:term":[{"taxonomy":"category","embeddable":true,"href":"https:\/\/kunstinargentinien.com\/index.php\/wp-json\/wp\/v2\/categories?post=22389"},{"taxonomy":"post_tag","embeddable":true,"href":"https:\/\/kunstinargentinien.com\/index.php\/wp-json\/wp\/v2\/tags?post=22389"}],"curies":[{"name":"wp","href":"https:\/\/api.w.org\/{rel}","templated":true}]}}