{"id":22550,"date":"2015-10-29T12:29:04","date_gmt":"2015-10-29T15:29:04","guid":{"rendered":"http:\/\/kunstinargentinien.com\/?p=22550"},"modified":"2015-10-29T12:29:04","modified_gmt":"2015-10-29T15:29:04","slug":"wertvolles-erbe","status":"publish","type":"post","link":"https:\/\/kunstinargentinien.com\/index.php\/2015\/10\/29\/wertvolles-erbe\/","title":{"rendered":"Wertvolles Erbe"},"content":{"rendered":"<p><strong>Fotos von Martin Gusinde in Ushuaia<\/strong><\/p>\n<p><a href=\"http:\/\/kunstinargentinien.com\/wp-content\/uploads\/2015\/10\/gusinde11.jpg\"><img loading=\"lazy\" decoding=\"async\" src=\"http:\/\/kunstinargentinien.com\/wp-content\/uploads\/2015\/10\/gusinde11.jpg\" alt=\"gusinde11\" width=\"250\" height=\"364\" class=\"alignright size-full wp-image-22552\" srcset=\"https:\/\/kunstinargentinien.com\/wp-content\/uploads\/2015\/10\/gusinde11.jpg 250w, https:\/\/kunstinargentinien.com\/wp-content\/uploads\/2015\/10\/gusinde11-206x300.jpg 206w\" sizes=\"auto, (max-width: 250px) 100vw, 250px\" \/><\/a>In Feuerland startet am heutigen Donnerstag ein gemeinsames Projekt der Franz\u00f6sischen und <a href=\"http:\/\/www.buenos-aires.diplo.de\/Vertretung\/buenosaires\/de\/Startseite.html\">Deutschen Botschaft<\/a> und des Kultur- und Bildungssekretariats der Stadt Ushuaia: Die Fotoausstellung &#8220;Der Geist der Menschen von Feuerland&#8221; von Martin Gusinde und das internationale Kolloquium &#8220;Ethnografische Fotografien der V\u00f6lker Feuerlands. Arch\u00e4ologie &#8211; Anthropologie &#8211; \u00c4sthetik&#8221;.<\/p>\n<p>Der Missionar und Abenteurer, Anthropologe und Humanist Martin Gusinde hinterlie\u00df nach seinem Aufenthalt in Feuerland eine sowohl von ihrer Sch\u00f6nheit als auch von der Qualit\u00e4t der Dokumentation her au\u00dfergew\u00f6hnliche Fotoreihe. Von 1918 bis 1924 lebte er mit den Selknam, den Y\u00e1manas und den Kav\u00e9sqar und versuchte zu dokumentieren, was von diesen heute fast verschwundenen Gesellschaften noch \u00fcbrig war. Dieses Erbe bildete die Basis f\u00fcr weitere Studien und inspirierte fast ein ganzes Jahrhundert lang zahlreiche Anthropologen, Historiker und K\u00fcnstler.<\/p>\n<p>Ushuaia ist die erste Stadt Lateinamerikas, die diese Ausstellung mit 147 Fotografien pr\u00e4sentiert. Die Ausstellung ist bis zum 30.11. in der Casa de la Cultura in Ushuaia zu sehen und kommt im Dezember auch nach Buenos Aires.<\/p>\n","protected":false},"excerpt":{"rendered":"<p>Fotos von Martin Gusinde in Ushuaia In Feuerland startet am heutigen Donnerstag ein gemeinsames Projekt der Franz\u00f6sischen und Deutschen Botschaft und des Kultur- und Bildungssekretariats der Stadt Ushuaia: Die Fotoausstellung &#8220;Der Geist der Menschen von Feuerland&#8221; von Martin Gusinde und das internationale Kolloquium &#8220;Ethnografische Fotografien der V\u00f6lker Feuerlands. Arch\u00e4ologie &#8211; Anthropologie &#8211; \u00c4sthetik&#8221;. Der Missionar [&hellip;]<\/p>\n","protected":false},"author":1,"featured_media":0,"comment_status":"open","ping_status":"open","sticky":false,"template":"","format":"standard","meta":{"footnotes":""},"categories":[14,4],"tags":[],"class_list":["post-22550","post","type-post","status-publish","format-standard","hentry","category-gesellschaft-sociedad","category-tipp-der-woche-recomendacion-de-la-semana"],"_links":{"self":[{"href":"https:\/\/kunstinargentinien.com\/index.php\/wp-json\/wp\/v2\/posts\/22550","targetHints":{"allow":["GET"]}}],"collection":[{"href":"https:\/\/kunstinargentinien.com\/index.php\/wp-json\/wp\/v2\/posts"}],"about":[{"href":"https:\/\/kunstinargentinien.com\/index.php\/wp-json\/wp\/v2\/types\/post"}],"author":[{"embeddable":true,"href":"https:\/\/kunstinargentinien.com\/index.php\/wp-json\/wp\/v2\/users\/1"}],"replies":[{"embeddable":true,"href":"https:\/\/kunstinargentinien.com\/index.php\/wp-json\/wp\/v2\/comments?post=22550"}],"version-history":[{"count":3,"href":"https:\/\/kunstinargentinien.com\/index.php\/wp-json\/wp\/v2\/posts\/22550\/revisions"}],"predecessor-version":[{"id":22554,"href":"https:\/\/kunstinargentinien.com\/index.php\/wp-json\/wp\/v2\/posts\/22550\/revisions\/22554"}],"wp:attachment":[{"href":"https:\/\/kunstinargentinien.com\/index.php\/wp-json\/wp\/v2\/media?parent=22550"}],"wp:term":[{"taxonomy":"category","embeddable":true,"href":"https:\/\/kunstinargentinien.com\/index.php\/wp-json\/wp\/v2\/categories?post=22550"},{"taxonomy":"post_tag","embeddable":true,"href":"https:\/\/kunstinargentinien.com\/index.php\/wp-json\/wp\/v2\/tags?post=22550"}],"curies":[{"name":"wp","href":"https:\/\/api.w.org\/{rel}","templated":true}]}}