{"id":2257,"date":"2010-04-01T12:47:29","date_gmt":"2010-04-01T15:47:29","guid":{"rendered":"http:\/\/kunstinargentinien.com\/index.php\/2010\/04\/03\/information-ohne-grenzen\/"},"modified":"2010-09-14T17:28:20","modified_gmt":"2010-09-14T20:28:20","slug":"information-ohne-grenzen","status":"publish","type":"post","link":"https:\/\/kunstinargentinien.com\/index.php\/2010\/04\/01\/information-ohne-grenzen\/","title":{"rendered":"Information ohne Grenzen"},"content":{"rendered":"<p><strong>Die Deutsche Welle pr\u00e4sentiert seit dem 20. M\u00e4rz ein neues Multimedia-Format \u00fcber Lateinamerika<\/p>\n<p><em>Von Valerie Thurner<\/em><\/strong><\/p>\n<p><img decoding=\"async\" id=\"image2258\" alt=Tierra.jpg src=\"http:\/\/kunstinargentinien.com\/wp-content\/uploads\/2010\/03\/Tierra.jpg\" \/><\/p>\n<p>Das Lateinamerika-Special \u201cVon Feuerland nach Tijuana\u201d wurde anl\u00e4sslich des Bicentenario vom Deutsche-Welle-Intendanten Erik Bettermann lanciert und ist nun \u00fcber TV, H\u00f6rfunk und Internet weltweit abrufbar. Die Reihe verspricht \u201ceine atemberaubende Reise \u00fcber 33.403 Kilometer durch Lateinamerika\u201d, von der S\u00fcdspitze des Kontinents bis nach Tijuana an der mexikanisch-kalifornischen Grenze mit dem Ziel, an der historisch-kulturellen Verbindung von Deutschland und Lateinamerika zu arbeiten: \u201cMit ihrem multimedialen Projekt will die Deutsche Welle diese Gemeinsamkeiten ins Bewusstsein r\u00fccken und einen Beitrag leisten, das wechselseitige Wissen und Verst\u00e4ndnis zu vertiefen\u201d, meint Bettermann in einer Pressemitteilung.<!--more--><\/p>\n<p>Vier Fernsehteams und mehrere Online- und Radioreporter waren Ende 2009 in mehr als insgesamt 20 Wochen Reisezeit in die Regionen S\u00fcd- und Zentralamerikas ausgeschw\u00e4rmt und brachten \u00fcber 100 Stunden Drehmaterial mit nach Hause, sowie Dutzende Stunden Interviews f\u00fcr Radio und Internet. Alle Audios und Videos k\u00f6nnen ebenfalls als Podcast abonniert werden.<\/p>\n<p>Entstanden ist ein breit angelegtes Portr\u00e4t von Lateinamerika, mit Geschichten \u00fcber Menschen von unterschiedlichster sozialer und geografischer Herkunft, die \u00fcber ihren Alltag, Zukunftsvorstellungen und Sorgen berichten. \u201cFaszinierendes und Frustrierendes, beeindruckende Aufbr\u00fcche in die Zukunft und bedr\u00fcckende Armut, R\u00fcckst\u00e4ndigkeit und rasante Entwicklungen\u201d, fasst Chefredakteur Marc Koch zusammen.<\/p>\n<p>Die Reise beginnt in Puerto Williams, der s\u00fcdlichsten Stadt der Welt, wo Cristina Calder\u00f3n als letzte Yaman\u00e1-Indianerin \u00fcber das Schicksal ihres Volkes spricht und noch deren Sprache beherrscht. Die Reise geht weiter \u00fcber Chile nach Buenos Aires, wo das erste Max Planck-Institut Lateinamerikas in Planung ist, zu den Cartoneros in Montevideo. Im S\u00fcden Brasiliens wird eine deutsche Kolonie vorgestellt, die nach wie vor ihre deutschen folkloristischen Traditionen pflegt. Bolivien, Peru, Ecuador, Kolumbien und die L\u00e4nder Zentralamerikas sowie Tijuana bieten weitere spannende Stationen der Reise. Die Zusammenh\u00e4nge von Pauschaltourismus und \u00f6kologischen Problemen werden in der mexikanischen Karibikstadt Cancun schmerzhaft deutlich. Die boomende Urlaubsindustrie bringt dem Staat Geld, ist aber auch verantwortlich f\u00fcr das Trockenlegen der Mangrovenw\u00e4lder.<\/p>\n<p>Das Special \u201cVon Feuerland nach Tijuana\u201d wird nun w\u00f6chentlich in acht halbst\u00fcndigen Einheiten mit Geschichten auf DW-TV weltweit ausgestrahlt, in den Sprachen Deutsch, Spanisch, Englisch und Arabisch. Online kann man das Programm auf <a href=\"http:\/\/www.dw-world.de\/\">DW-WORLD.DE<\/a> genie\u00dfen, wo das multimediale Lateinamerika-Special in den Sprachen Deutsch, Spanisch und Portugiesisch abgerufen werden kann, erg\u00e4nzt durch zahlreiche Videos, Fotos und Radiobeitr\u00e4ge.<\/p>\n<p>Keine \u201cmediale Einbahnstra\u00dfe\u201d soll das Projekt sein, die Zuschauer und -h\u00f6rer und nat\u00fcrlich auch die Online-User k\u00f6nnen jederzeit ihre Kommentare, Gedanken und Ideen mitteilen und mit den Reportern diskutieren.<\/p>\n<p><strong>Sendedaten<\/strong><\/p>\n<p>DW-TV: Programm-Details und Hintergrund-Informationen sind unter <a href=\"http:\/\/www.dw-world.de\/von-feuerland-nach-tijuana\">www.dw-world.de\/von-feuerland-nach-tijuana<\/a> zu finden.<br \/>\nDW-Radio bietet Informationen \u00fcber Lateinamerika im Programm \u201cWelt im Fokus\u201d bis zum 16. April von Montag bis Freitag immer um 17.30 Uhr (UTC).<\/p>\n","protected":false},"excerpt":{"rendered":"<p>Die Deutsche Welle pr\u00e4sentiert seit dem 20. M\u00e4rz ein neues Multimedia-Format \u00fcber Lateinamerika Von Valerie Thurner Das Lateinamerika-Special \u201cVon Feuerland nach Tijuana\u201d wurde anl\u00e4sslich des Bicentenario vom Deutsche-Welle-Intendanten Erik Bettermann lanciert und ist nun \u00fcber TV, H\u00f6rfunk und Internet weltweit abrufbar. Die Reihe verspricht \u201ceine atemberaubende Reise \u00fcber 33.403 Kilometer durch Lateinamerika\u201d, von der S\u00fcdspitze [&hellip;]<\/p>\n","protected":false},"author":1,"featured_media":0,"comment_status":"open","ping_status":"open","sticky":false,"template":"","format":"standard","meta":{"footnotes":""},"categories":[1,16],"tags":[],"class_list":["post-2257","post","type-post","status-publish","format-standard","hentry","category-allgemein-general","category-film-cine"],"_links":{"self":[{"href":"https:\/\/kunstinargentinien.com\/index.php\/wp-json\/wp\/v2\/posts\/2257","targetHints":{"allow":["GET"]}}],"collection":[{"href":"https:\/\/kunstinargentinien.com\/index.php\/wp-json\/wp\/v2\/posts"}],"about":[{"href":"https:\/\/kunstinargentinien.com\/index.php\/wp-json\/wp\/v2\/types\/post"}],"author":[{"embeddable":true,"href":"https:\/\/kunstinargentinien.com\/index.php\/wp-json\/wp\/v2\/users\/1"}],"replies":[{"embeddable":true,"href":"https:\/\/kunstinargentinien.com\/index.php\/wp-json\/wp\/v2\/comments?post=2257"}],"version-history":[{"count":1,"href":"https:\/\/kunstinargentinien.com\/index.php\/wp-json\/wp\/v2\/posts\/2257\/revisions"}],"predecessor-version":[{"id":3396,"href":"https:\/\/kunstinargentinien.com\/index.php\/wp-json\/wp\/v2\/posts\/2257\/revisions\/3396"}],"wp:attachment":[{"href":"https:\/\/kunstinargentinien.com\/index.php\/wp-json\/wp\/v2\/media?parent=2257"}],"wp:term":[{"taxonomy":"category","embeddable":true,"href":"https:\/\/kunstinargentinien.com\/index.php\/wp-json\/wp\/v2\/categories?post=2257"},{"taxonomy":"post_tag","embeddable":true,"href":"https:\/\/kunstinargentinien.com\/index.php\/wp-json\/wp\/v2\/tags?post=2257"}],"curies":[{"name":"wp","href":"https:\/\/api.w.org\/{rel}","templated":true}]}}