{"id":2271,"date":"2010-04-10T16:30:01","date_gmt":"2010-04-10T19:30:01","guid":{"rendered":"http:\/\/kunstinargentinien.com\/index.php\/2010\/04\/10\/kalender-agenda-214\/"},"modified":"2010-04-17T12:21:50","modified_gmt":"2010-04-17T15:21:50","slug":"kalender-agenda-214","status":"publish","type":"post","link":"https:\/\/kunstinargentinien.com\/index.php\/2010\/04\/10\/kalender-agenda-214\/","title":{"rendered":"Kalender \/ Agenda"},"content":{"rendered":"<p><a href=\"http:\/\/kunstinargentinien.com\/index.php\/2010\/04\/10\/agenda-kalender-208\/\">Click aqu\u00ed para leer la versi\u00f3n en castellano.<\/a><\/p>\n<p><strong>Ausstellungskalender 10\/04\/10-17\/04\/10<\/p>\n<p><em>Von Susanne Franz<\/em><\/strong><\/p>\n<p><img decoding=\"async\" id=\"image2266\" alt=salomon11.jpg src=\"http:\/\/kunstinargentinien.com\/wp-content\/uploads\/2010\/04\/salomon11.jpg\" align=left hspace=5 \/>2002 und 2006 stellte Gabriel Salom\u00f3n zuletzt in der Galerie Rubbers aus, jetzt, wieder vier Jahre sp\u00e4ter, zeigt er seine neue Serie &#8220;Espejos&#8221; (Spiegel). Und wieder \u00fcberrascht dieser au\u00dfergew\u00f6hnliche K\u00fcnstler mit etwas ganz Neuem &#8211; und bleibt dabei doch sich selbst treu. Das Wagnis besteht darin, dass er in seine Werke aus verschiedenen Schaffensphasen, die er neu interveniert hat, Parabolspiegel einbaut und ihnen so eine v\u00f6llig neue Bedeutung gibt. Sie beziehen auf diese Weise ihre Umgebung mit ein &#8211; und auch den Betrachter, der durch sie zum unfreiwilligen Beobachter seines Umfelds und gar selbst Teil des Werkes wird. Salom\u00f3n hebt mit diesem revolution\u00e4ren &#8220;Trick&#8221; die Zeit auf. Sein Werk ist nie abgeschlossen, nie &#8220;von gestern&#8221;, sondern immer heutig, und es greift auch bereits auf das unmittelbar Zuk\u00fcnftige vor. Es \u00f6ffnet quasi Fenster, durch die die Zeit flie\u00dft. Gabriel Salom\u00f3n hat der Frage &#8220;Was ist Kunst?&#8221;, die ihn seit langem umtreibt (und nicht nur ihn), einmal mehr eine neue Dimension gegeben.<\/p>\n<p>Im Anschluss finden Sie die Details zur Schau von Gabriel Salom\u00f3n, die am vergangenen Mittwoch er\u00f6ffnet wurde, und vielen weiteren Ausstellungen.<!--more--><\/p>\n<p><strong><em>Ausstellungszentren<\/em><\/strong><\/p>\n<ul>\n<li><a href=\"http:\/\/www.malba.org.ar\/web\/\">MALBA<\/a> (Museo de Arte Latinoamericano de Buenos Aires), Av. Figueroa Alcorta 3415 (Do-Mo und feiertags 12-20 Uhr, mittwochs bis 21 Uhr, dienstags geschlossen. Eintritt 18 Pesos, Lehrer und Rentner 9 Pesos, Studenten 9 Pesos, unter 5-J\u00e4hrige gratis. Mittwochs: Eintritt 6 Pesos, Lehrer und Rentner 3 Pesos, Studenten gratis): \u201eGrete Stern. Los sue\u00f1os 1948-1951\u201c. 5.3.-12.4. \/ \u201eCaminos de la vanguardia cubana\u201c, 150 Werke: Gem\u00e4lde, Fotos, Zeichnungen und dokumentarisches Material aus dem Museo Nacional de Bellas Artes von Havanna, der kubanischen \u201eFototeca\u201c und Privatsammlungen. Kuratorin: Lilian Llanes. Saal 5 (2. Stock). 18.3.-3.5. <FONT COLOR=\"#FF0000\"><em>Lesen Sie dazu Vanessa Bersis&#8217; Artikel &#8220;<a href=\"http:\/\/kunstinargentinien.com\/index.php\/2010\/04\/05\/faszinierendes-unbekanntes-kuba\/\">Faszinierendes, unbekanntes Kuba<\/a>&#8220;.<\/em><\/FONT><\/li>\n<li><a href=\"http:\/\/centroculturalrecoleta.org\/ccr-sp\/\">Centro Cultural Recoleta<\/a>, Jun\u00edn 1930 (Mo-Fr 14-21, Sa, So und feiertags 10-21 Uhr): Alfredo S\u00e1bat, \u201eDos d\u00e9cadas de dibujos e ilustraciones\u201c (20 Jahre Zeichnungen und Illustrationen). \u201eEspacio Historieta\u201c. 7.4.-25.4. \/ \u201eComplicidades: Diego Rivera y Frida Kahlo\u201c, Fotos. \u201eEspacio Central Planta Baja\u201c. 8.4.-2.5. \/ Viktor Sulcic (Slowenien), \u201eArhitekt\u2013Arquitecto\u201c, Fotos, Zeugnisse und Dokumentation. Saal 10. 9.4.-2.5. \/ Gian Paolo Minelli (Schweiz), \u201eVilla Lugano + Zona Sur\u201c, Fotos. S\u00e4le 4, 5 und 6. 9.4.-2.5.<\/li>\n<li>FotoGaler\u00eda des San Mart\u00edn-Theaters, Av. Corrientes 1530 (Mo-Fr ab 12, Sa und So ab 14 Uhr, bis zum Ende der Aktivit\u00e4ten des Tages im Theater. Eintritt frei): Diego Ar\u00e1oz, \u201eSanta Luc\u00eda. Arqueolog\u00eda de la violencia\u201c, Foto-Essay. 1. Stock der Eingangshalle \u201eCarlos Morel\u201c. 2.3.-2.5. \/ Bernhard Wicki (Deutschland), Fotos aus dem Zeitraum 1952\/1960. \u201eFotoGaler\u00eda\u201c. 6.4.-2.5.<\/li>\n<\/ul>\n<p><em><strong>Sonstige Ausstellungen<\/strong><\/em><\/p>\n<ul>\n<li>Victoria Guti\u00e9rrez und Florencia Orunesu, \u201eLas amantes de King Kong\u201c. <a href=\"http:\/\/www.masottatorres.com.ar\/\">MasottaTorres Arte Contempor\u00e1neo<\/a>, M\u00e9xico 459, San Telmo. 11.3.-16.4.<\/li>\n<li>\u201eLIV. Sal\u00f3n de Artes Pl\u00e1sticas &#8216;Manuel Belgrano&#8217;\u201c, im Laufe des Jahres 2009 preisgekr\u00f6nte und ausgew\u00e4hlte Werke in den Kategorien Gem\u00e4lde, Skulptur, Zeichnung, Graphik und Monotypie. Museo Eduardo S\u00edvori, Av. Infanta Isabel 555, gegen\u00fcber der Br\u00fccke zum Rosengarten des Palermo-Parks. Di-Fr 12-20, Sa, So und feiertags 10-20 Uhr. 13.3.-9.5. (Zeitplan: 3.4.-18.4.: Zeichnung und die Preistr\u00e4ger aller Kategorien. 24.4.-9.5.: Gem\u00e4lde und die Preistr\u00e4ger aller Kategorien.)<\/li>\n<li>Catalina Parra (Chile), \u201eEstampas argentinas\u201c. Kuratorin: Mar\u00eda Laura Rosa. Arcimboldo, Reconquista 761, P.A. \u201e14\u201c. 15.3.-15.4.<\/li>\n<li>Mariana Vidal, \u201eRename\u201c, Gem\u00e4lde. <a href=\"http:\/\/www.elsidelrio.com.ar\/\">Elsi del R\u00edo Arte Contempor\u00e1neo<\/a>, Humboldt 1510, Palermo Hollywood. Di-Fr 14-20, Sa 11-15 Uhr. 15.3.-30.4.<\/li>\n<li>Alain Kleinmann (Frankreich), \u201eLos lugares del tiempo\u201c, Gem\u00e4lde. Kuratorin: Irene Jaievsky. <a href=\"http:\/\/www.museodelholocausto.org.ar\/\">Museo del Holocausto de Buenos Aires<\/a>, Montevideo 919. Mo-Do 11-19, Fr 11-16 Uhr. 16.3.-30.4.<\/li>\n<li>\u201eMujeres. 1810-2010\u201c. Kuratorin: Valeria Gonz\u00e1lez. <a href=\"http:\/\/www.casadelbicentenario.gov.ar\/\">Casa del Bicentenario<\/a>, Riobamba 985. Di-So 14-21 Uhr. Montags geschlossen. Eintritt frei. Seit 16.3. <FONT COLOR=\"#FF0000\"><em>Lesen Sie Valerie Thurners Artikel \u00fcber die <a href=\"http:\/\/kunstinargentinien.com\/index.php\/2010\/03\/21\/aus-der-eigenen-geschichte-lernen\/\">Er\u00f6ffnung der Casa del Bicentenario<\/a>.<\/em><\/FONT><\/li>\n<li>\u201eLa obsolescencia del monumento\u201c. K\u00fcnstler: Luis Camnitzer, Gabo Camnitzer, Ticio Escobar, Marcelo Brodsky, Santiago Porter, Esteban \u00c1lvarez, Cristina Piffer, Hugo Vidal, Lorena Guzman, Meco Castilla, Viviana Bravo Botta, Leonardo Ramos, Diego Figueroa, Lux Lindner, Sof\u00eda Garc\u00eda Vieyra. Projekt: Patricia Hakim. Fondo Nacional de las Artes, Alsina 673. Mo-Fr 10-17.30 Uhr. 16.3.-19.4. Montag, 12.4., 18.30 Uhr: Gespr\u00e4ch der K\u00fcnstler Meco Castilla, Marcelo Brodsky, Hugo Vidal, Santiago Porter, Marcelo de la Fuente, Esteban \u00c1lvarez, Lux Lindner und Sof\u00eda Garc\u00eda Vieyra sowie der Projektleiterin Patricia Hakim mit dem Publikum.<\/li>\n<li>\u201eParaconstrucci\u00f3n\u201c, Interventionen der K\u00fcnstler Andrea Cavagnaro, Diego Figueroa, Luciana Lamothe und Jorge Tirner. Kuratorinnen: Jimena Ferreiro Pella und Patricia Hakim. Espacio Ita\u00fa Cultural, Cerrito Ecke Viamonte. Mo-Fr 10-19.30 Uhr. Eintritt frei. 17.3.-14.5.<\/li>\n<li>Jorge Macchi, \u201eCr\u00f3nicas eventuales\u201c. Ruth Benzacar, Florida 1000. Mo-Fr 11.30-20 Uhr. 17.3.-14.5.<\/li>\n<li>6. \u201ePremios MAMbA &#8211; Fundaci\u00f3n Telef\u00f3nica\u201c. Espacio Fundaci\u00f3n Telef\u00f3nica, Arenales 1540. Mo-Sa 14-20.30 Uhr. 17.3.-12.6.<\/li>\n<li>Graciela Sacco, \u201eM2\u201c, Installationen, Videos und Objekte. Kurator: Fernando Farina. Torre YPF, Machaca Guemes 515, Puerto Madero. 17.3.-7.5.<\/li>\n<li>Alejandro Thornton, \u201eAntes de las palabras\u201c. Angel Guido Art Project, Suipacha 1217. 17.3.-30.4.<\/li>\n<li>Augusto Costhanzo, \u201eGraffity Bridge\u201c und \u201eResto Vinyl\u201c, aus der Serie \u201eTemporada Alta 2010\u201c, Intervention an der Fassade des Geb\u00e4udes. Samsung Studio, Pasaje 5 de julio 444, San Telmo. Freier Zugang. 18.3.-31.5.<\/li>\n<li>\u201e\u00a1POP! La consagraci\u00f3n de la primavera\u201c, 90 Werke, darunter Gem\u00e4lde, Skulpturen, Objekte, Installationen und Dokumentation aus den 60er und 70er Jahren. K\u00fcnstler, u.a.: Dalila Puzzovio, Edgardo Gim\u00e9nez, Alfredo Arias, Alberto Greco, Marta Minuj\u00edn, Juan Stoppani, Charly Squirru. Kuratorin: Mar\u00eda Jos\u00e9 Herrera. <a href=\"http:\/\/www.artefundacionosde.com.ar\/bs-as\/index.html\">Espacio de Arte Fundaci\u00f3n OSDE<\/a>, Suipacha 658, 1. Stock. Mo-Sa 12-20 Uhr. Eintritt frei. 18.3.-15.5. <FONT COLOR=\"#FF0000\"><em>Lesen Sie dazu Vanessa Bersis&#8217; Artikel <a href=\"http:\/\/kunstinargentinien.com\/index.php\/2010\/04\/09\/verspielt-frech-und-kitschig\/\">&#8220;Verspielt, frech und kitschig&#8221;<\/a>.<\/a>.<\/em><\/FONT><\/li>\n<li>\u201eMenos tiempo que lugar. El Arte de la Independencia\u201c. Anl\u00e4sslich der 200-Jahr-Feiern der Unabh\u00e4ngigkeit Lateinamerikas hat das Goethe-Institut dieses Projekt in Zusammenarbeit mit dem deutschen Au\u00dfenministerium entwickelt. K\u00fcnstler: Narda Alvarado (Bolivien), Alexander Ap\u00f3stol (Venezuela), Claudia Aravena Abughosh (Chile), Pablo Cardoso (Ecuador), Claudia Casarino (Paraguay), Neville D&#8217;Almeida (Brasilien), Julian d&#8217;Angiolillo (Argentinien), Leticia El Halli Obeid (Argentinien), Gianfranco Foschino (Chile), Christine de la Garenne (Deutschland), Laura Glusman (Argentinien), Fernando Guti\u00e9rrez (Peru), Juan Fernando Herr\u00e1n (Kolumbien), Olaf Holzapfel (Deutschland), Agata Madejska (Polen\/Deutschland), Bj\u00f8rn Melhus (Norwegen\/Deutschland), Joaqu\u00edn S\u00e1nchez (Bolivien), Mart\u00edn Sastre (Uruguay), Roland Stratmann (Deutschland), Frank Thiel (Deutschland), Mariana Vassileva (Bulgarien\/Deutschland), Miguel Ventura (Mexiko). Kurator: Alfons Hug (Brasilien\/Deutschland), Assistentin: Paz Guevara (Chile\/Deutschland). Palais de Glace, Posadas 1725. Di-Fr 12-20, Sa und So 10-20 Uhr. 25.3.-25.4. <FONT COLOR=\"#FF0000\"><em>Lesen Sie dazu Valerie Thurners Artikel <a href=\"http:\/\/kunstinargentinien.com\/index.php\/2010\/03\/27\/die-zeit-lauft-uns-davon\/\">&#8220;Die Zeit l\u00e4uft uns davon&#8221;<\/a>.<\/em><\/FONT><\/li>\n<li>\u201eEl universo futurista: 1909-1936.\u201c <a href=\"http:\/\/www.proa.org\/esp\/\">Fundaci\u00f3n Proa<\/a>, Av. Pedro de Mendoza 1929, La Boca. Di-So 11-19 Uhr. Montags geschlossen. Eintritt: 10 Pesos, Studenten 6 Pesos, Rentner 3 Pesos; dienstags freier Eintritt f\u00fcr Studenten. 30.3.-4.7.<\/li>\n<li>\u201eDouble Jeu\u201c, Fotos und Architekturmodelle von Dino Bruzzone, Objekte von Esteban Pastorino. Kuratorin: Catherine Tanazado de Stigliano. Alianza Francesa, C\u00f3rdoba 946. Mo-Fr 9-20, Sa 9-12 Uhr. 30.3.-29.4.<\/li>\n<li>Adriana Cervi\u00f1o, \u201eEl boxeador y la dama\u201c, Aquarelle, Zeichnungen, Keramik-Skulpturen. Atica, Libertad 1240, PB (Erdgeschoss) \u201e9\u201c. Mo-Fr 11-13 und 15-20, Sa 11-13.30 Uhr. 6.4.-30.4.<\/li>\n<li>Gabriel Salom\u00f3n, \u201eEspejos\u201c (Spiegel). Rubbers Internacional, Av. Alvear 1595. Mo-Fr 11-20, Sa 11-13 Uhr. 7.4.-30.4.<\/li>\n<li>Laura Benchetrit, Gem\u00e4lde. Empat\u00eda &#8211; Espacio de Arte, Carlos Pellegrini 1255. Seit 8.4.<\/li>\n<li>Andrea Servera, \u201eAmor a Mano\u201c, Stickereien. Kuratorin: Fabiana Barreda. Galer\u00eda Prima, Castillo 540 (+info: http:\/\/www.proyectarte.org\/blog\/category\/galeria-prima\/). Mo, Mi und Fr 16-20, Sa 14-18 Uhr. Seit 9.4.<\/li>\n<li>Azul Blaseotto, \u201eEl objeto de(L) arte\u201c, Intervention. Bar des Radios La Tribu, Lambar\u00e9 873. 9.4.-20.5.<\/li>\n<li>\u201eVos sos como yo pero en otro\u201c, Portr\u00e4ts von Guillermina Baiguera, Lucio Romano, Gast\u00f3n Caba, Ver\u00f3nica G\u00f3mez, Nadia Lawson, Bruno Gruppalli, Virginia Negri, Alejandra G\u00f3mez, Lucas Mercado, Florencia Caterina, Andrea V\u00e1zquez, Nicol\u00e1s Ozuna, Romina Iglesias, Juan Hern\u00e1ndez, Juan Sebasti\u00e1n Bruno, Sof\u00eda Berakha, Soledad Rodr\u00edguez. Kurator: David Nahon. <a href=\"http:\/\/www.chezvautier.com\/\">Chez Vautier<\/a>, Uspallata 2181, 1. Stock, Dep. A. Er\u00f6ffnung: 10.4., 18 Uhr.<\/li>\n<li>Andr\u00e9s Wertheim, \u201eMundo Alienado\u201c, Fotos. Arte X Arte, Lavalleja 1062, Palermo. Mo-Fr 13-20 Uhr. Er\u00f6ffnung: 14.4., 19 Uhr. Bis 28.5.<\/li>\n<li>Claudia Ferrari, \u201eAnatom\u00eda de un paisaje\u201c. Kuratorin: Fabiana Barreda. RO Galer\u00eda de Arte, Paran\u00e1 1158. Mo-Fr 11-20 Uhr. Er\u00f6ffnung: 15.4., 19 Uhr.<\/li>\n<li>Graciela Guzm\u00e1n, \u201ePaisajes del Alma\u201c, Gem\u00e4lde. Galer\u00eda Adriana Indik, Rodr\u00edguez Pe\u00f1a 2067, PB (Erdgeschoss) \u201eA\u201c. Mo-Fr 15-20, Sa 11-13 Uhr. Er\u00f6ffnung: 15.4., 19 Uhr. Bis 15.5.<\/li>\n<li>Grupo Enebra, \u201eUna, la que es todas\u201c. <a href=\"http:\/\/www.wussmann.com\/\">Wussmann<\/a>, Venezuela 570. Er\u00f6ffnung: 15.4., 19 Uhr.<\/li>\n<li>\u201e+ Estampa II\u201c, Werke von Ana Erman, Alejandra Winkhaus, Claudio Gallina, Cristina Santander, Martha P\u00e9rez Temperley, Nadine Youssefian, N\u00e9stor Goyan\u00e9s, Ricardo Tau, Remo Bianchedi, Rub\u00e9n Sassano, Rafael Gil, Silvina Paulon, Sara Neumeyer, V\u00edctor Rebuffo und Grupo del Pueblo (Facio Hebequer, Jos\u00e9 Arato, Abraham Vigo, Adolfo Bellocq). Kuratoren: Sergio Artola und Eva Llamazares. <a href=\"http:\/\/www.fundacionmundonuevo.org.ar\/09\/home.html\">Mundo Nuevo Gallery Art<\/a>, Av. Callao 1870. Mo-Fr 11-20 Uhr. Er\u00f6ffnung: 16.4., 19 Uhr. Bis 27.5.<\/li>\n<li>Le\u00f3n Ferrari, \u201eRe(in)sistencia con palabras ajenas\u201c. Kurator: Alberto Giudici. Centro Cultural de la Cooperaci\u00f3n, Osvaldo Pugliese- und Abraham Vigo-Saal, Av. Corrientes 1543. Mo-Sa 10-22, So 17-20.30 Uhr. Er\u00f6ffnung: 19.4., 19 Uhr.<\/li>\n<\/ul>\n","protected":false},"excerpt":{"rendered":"<p>Click aqu\u00ed para leer la versi\u00f3n en castellano. Ausstellungskalender 10\/04\/10-17\/04\/10 Von Susanne Franz 2002 und 2006 stellte Gabriel Salom\u00f3n zuletzt in der Galerie Rubbers aus, jetzt, wieder vier Jahre sp\u00e4ter, zeigt er seine neue Serie &#8220;Espejos&#8221; (Spiegel). Und wieder \u00fcberrascht dieser au\u00dfergew\u00f6hnliche K\u00fcnstler mit etwas ganz Neuem &#8211; und bleibt dabei doch sich selbst treu. [&hellip;]<\/p>\n","protected":false},"author":1,"featured_media":0,"comment_status":"open","ping_status":"open","sticky":false,"template":"","format":"standard","meta":{"footnotes":""},"categories":[3],"tags":[],"class_list":["post-2271","post","type-post","status-publish","format-standard","hentry","category-kalender-agenda"],"_links":{"self":[{"href":"https:\/\/kunstinargentinien.com\/index.php\/wp-json\/wp\/v2\/posts\/2271","targetHints":{"allow":["GET"]}}],"collection":[{"href":"https:\/\/kunstinargentinien.com\/index.php\/wp-json\/wp\/v2\/posts"}],"about":[{"href":"https:\/\/kunstinargentinien.com\/index.php\/wp-json\/wp\/v2\/types\/post"}],"author":[{"embeddable":true,"href":"https:\/\/kunstinargentinien.com\/index.php\/wp-json\/wp\/v2\/users\/1"}],"replies":[{"embeddable":true,"href":"https:\/\/kunstinargentinien.com\/index.php\/wp-json\/wp\/v2\/comments?post=2271"}],"version-history":[{"count":0,"href":"https:\/\/kunstinargentinien.com\/index.php\/wp-json\/wp\/v2\/posts\/2271\/revisions"}],"wp:attachment":[{"href":"https:\/\/kunstinargentinien.com\/index.php\/wp-json\/wp\/v2\/media?parent=2271"}],"wp:term":[{"taxonomy":"category","embeddable":true,"href":"https:\/\/kunstinargentinien.com\/index.php\/wp-json\/wp\/v2\/categories?post=2271"},{"taxonomy":"post_tag","embeddable":true,"href":"https:\/\/kunstinargentinien.com\/index.php\/wp-json\/wp\/v2\/tags?post=2271"}],"curies":[{"name":"wp","href":"https:\/\/api.w.org\/{rel}","templated":true}]}}