{"id":2272,"date":"2010-04-11T06:09:58","date_gmt":"2010-04-11T09:09:58","guid":{"rendered":"http:\/\/kunstinargentinien.com\/index.php\/2010\/04\/12\/identitat-unabhangigkeit-und-krise\/"},"modified":"2010-04-30T12:53:29","modified_gmt":"2010-04-30T15:53:29","slug":"identitat-unabhangigkeit-und-krise","status":"publish","type":"post","link":"https:\/\/kunstinargentinien.com\/index.php\/2010\/04\/11\/identitat-unabhangigkeit-und-krise\/","title":{"rendered":"\u201cIdentit\u00e4t, (Un)Abh\u00e4ngigkeit und Krise\u201d"},"content":{"rendered":"<p><strong>R\u00fcdiger Safranski und Uwe Timm bei Kolloquium im Goethe-Institut Buenos Aires<\/p>\n<p><em>Von Maike Wiemar<\/em><\/strong><\/p>\n<p>Anl\u00e4sslich der bevorstehenden Feierlichkeiten zum Bicentenario Argentiniens und anderer lateinamerikanischer L\u00e4nder, laden das Goethe-Institut und die Universit\u00e4t San Mart\u00edn am 15. und 16. April zu einem internationalen und interdisziplin\u00e4ren Kolloquium unter dem Motto \u201cIdentit\u00e4t, (Un)Abh\u00e4ngigkeit und Krise\u201d ein.<\/p>\n<p>Als Gastredner werden auch der deutsche Schriftsteller Uwe Timm, sowie der Autor und Philosoph R\u00fcdiger Safranski die Veranstaltung bereichern. Timm wurde f\u00fcr seine Werke mehrfach mit Literaturpreisen ausgezeichnet und erhielt letztes Jahr den Heinrich-B\u00f6ll Preis f\u00fcr seine Begabung, das \u201cGro\u00dfe im Kleinen und das Kleine im Gro\u00dfen\u201d zu zeigen. R\u00fcdiger Safranski verfasste diverse Monografien, unter anderem zu Schiller, Nietzsche und Schopenhauer und moderiert seit 2002 das \u201cPhilosophische Quartett\u201d im ZDF.<\/p>\n<p>Da es sich um eine ressort\u00fcbergreifende Veranstaltung handelt, werden an dem Dialog auch Historiker, Soziologen, Anthropologen und andere Schriftsteller aus verschiedenen lateinamerikanischen L\u00e4ndern teilnehmen. <\/p>\n<p>Das Kolloquium wird sich mit zentralen Punkten \u00fcber die Entstehung und Wurzeln Lateinamerikas sowie dessen Entwicklung bis hin zum heutigen Tag auseinandersetzen. Neue Erkl\u00e4rungsans\u00e4tze \u00fcber die Geschichte der Nation und deren Identit\u00e4t sollen beleuchtet, hinterfragt und diskutiert werden.<\/p>\n<p>Die Veranstaltung stellt Dolmetscher zur Verf\u00fcgung und findet im Auditorium des Goethe-Instituts (Av. Corrientes 319) statt. Der Eintritt ist frei. Die Zuh\u00f6rer erhalten ein Teilnahmezertifikat, wenn sie sich im Voraus unter programm@buenosaires.goethe.org anmelden.<\/p>\n<p>R\u00fcdiger Safranski wird am 15. April um 19 Uhr \u00fcber das Thema \u201cWieviel Identit\u00e4t braucht der Mensch?\u201d referieren, und Uwe Timm pr\u00e4sentiert am 16. April um 18 Uhr seinen Vortrag \u201cKafkas Reisepass\u201d.<\/p>\n<p>Das komplette Programm ist unter \u201cEventos\u201d <a href=\"http:\/\/www.goethe.de\/ins\/ar\/bue\/esindex.htm\">auf der Webseite des Goethe-Instituts<\/a> abrufbar.<\/p>\n","protected":false},"excerpt":{"rendered":"<p>R\u00fcdiger Safranski und Uwe Timm bei Kolloquium im Goethe-Institut Buenos Aires Von Maike Wiemar Anl\u00e4sslich der bevorstehenden Feierlichkeiten zum Bicentenario Argentiniens und anderer lateinamerikanischer L\u00e4nder, laden das Goethe-Institut und die Universit\u00e4t San Mart\u00edn am 15. und 16. April zu einem internationalen und interdisziplin\u00e4ren Kolloquium unter dem Motto \u201cIdentit\u00e4t, (Un)Abh\u00e4ngigkeit und Krise\u201d ein. Als Gastredner werden [&hellip;]<\/p>\n","protected":false},"author":1,"featured_media":0,"comment_status":"open","ping_status":"open","sticky":false,"template":"","format":"standard","meta":{"footnotes":""},"categories":[10,4],"tags":[],"class_list":["post-2272","post","type-post","status-publish","format-standard","hentry","category-off-topic","category-tipp-der-woche-recomendacion-de-la-semana"],"_links":{"self":[{"href":"https:\/\/kunstinargentinien.com\/index.php\/wp-json\/wp\/v2\/posts\/2272","targetHints":{"allow":["GET"]}}],"collection":[{"href":"https:\/\/kunstinargentinien.com\/index.php\/wp-json\/wp\/v2\/posts"}],"about":[{"href":"https:\/\/kunstinargentinien.com\/index.php\/wp-json\/wp\/v2\/types\/post"}],"author":[{"embeddable":true,"href":"https:\/\/kunstinargentinien.com\/index.php\/wp-json\/wp\/v2\/users\/1"}],"replies":[{"embeddable":true,"href":"https:\/\/kunstinargentinien.com\/index.php\/wp-json\/wp\/v2\/comments?post=2272"}],"version-history":[{"count":0,"href":"https:\/\/kunstinargentinien.com\/index.php\/wp-json\/wp\/v2\/posts\/2272\/revisions"}],"wp:attachment":[{"href":"https:\/\/kunstinargentinien.com\/index.php\/wp-json\/wp\/v2\/media?parent=2272"}],"wp:term":[{"taxonomy":"category","embeddable":true,"href":"https:\/\/kunstinargentinien.com\/index.php\/wp-json\/wp\/v2\/categories?post=2272"},{"taxonomy":"post_tag","embeddable":true,"href":"https:\/\/kunstinargentinien.com\/index.php\/wp-json\/wp\/v2\/tags?post=2272"}],"curies":[{"name":"wp","href":"https:\/\/api.w.org\/{rel}","templated":true}]}}