{"id":22797,"date":"2015-12-12T16:57:22","date_gmt":"2015-12-12T19:57:22","guid":{"rendered":"http:\/\/kunstinargentinien.com\/?p=22797"},"modified":"2015-12-27T14:21:56","modified_gmt":"2015-12-27T17:21:56","slug":"agenda-kalender-467","status":"publish","type":"post","link":"https:\/\/kunstinargentinien.com\/index.php\/2015\/12\/12\/agenda-kalender-467\/","title":{"rendered":"Agenda \/ Kalender"},"content":{"rendered":"<p><a href=\"http:\/\/kunstinargentinien.com\/index.php\/2015\/12\/12\/kalender-agenda-477\/\">Klicken Sie hier, um die deutsche Version zu lesen.<\/a><\/p>\n<p><strong>Agenda de Muestras del 12\/12\/2015<\/p>\n<p><em>Por Susanne Franz<\/em><\/strong><\/p>\n<p><a href=\"http:\/\/kunstinargentinien.com\/wp-content\/uploads\/2015\/12\/arbol11.jpg\"><img loading=\"lazy\" decoding=\"async\" src=\"http:\/\/kunstinargentinien.com\/wp-content\/uploads\/2015\/12\/arbol11.jpg\" alt=\"arbol11\" width=\"250\" height=\"270\" class=\"alignright size-full wp-image-22799\" \/><\/a>El ministro de Cultura porte\u00f1o, Hern\u00e1n Lombardi, inaugur\u00f3 el 9 de diciembre -su \u00faltimo d\u00eda en el mando- junto a la artista Marta Minuj\u00edn el &#8220;\u00c1rbol de los Deseos&#8221;, emplazado en la &#8220;Plazoleta Juvenilia&#8221;, en Florida al 1000. La escultura de la reconocida artista pl\u00e1stica, un  monumento inflable y desinflable de 10 metros de altura, se suma as\u00ed al Circuito Cultural Calle Florida.<\/p>\n<p>&#8220;Celebramos las fiestas con arte y cultura. Una vez m\u00e1s, la gran artista Marta Minuj\u00edn nos sorprende con su obra en el espacio p\u00fablico&#8221;, destac\u00f3 Hern\u00e1n Lombardi. El &#8220;\u00c1rbol de los Deseos&#8221;, creado por Minuj\u00edn en diciembre pasado, se reinaugur\u00f3 para que los vecinos expresen sus deseos y anhelos para el a\u00f1o 2016. Quienes acerquen o dibujen sus deseos, podr\u00e1n depositarlos en el buz\u00f3n que estar\u00e1 junto al \u00e1rbol y participar de un sorteo: el premio ser\u00e1 un dibujo original firmado por Marta Minuj\u00edn.<\/p>\n<p>La escultura es perdurable: renacer\u00e1 en cada Navidad, va a expandirse hasta alcanzar su mayor esplendor y luego, al perder el aire, podr\u00e1 ser resguardada hasta el a\u00f1o pr\u00f3ximo.<\/p>\n<p>El <a href=\"http:\/\/m.girabsas.com\/nota\/14290-fotos-asi-quedo-el-nuevo-circuito-cultural-de-la-calle-florida\/\">Circuito Cultural Florida<\/a> -curado por Gabriela Urtiaga y Ana Mart\u00ednez Quijano- busca instalar el arte en sus espacios libres, vidrieras, canteros, paredones y veredas. Cont\u00f3 desde el primer momento con la aceptaci\u00f3n de los vecinos y con la entusiasta participaci\u00f3n de los artistas.<\/p>\n<p>Las muestras de la semana:<!--more--><\/p>\n<ul>\n<li><a href=\"http:\/\/galeriaperotti.com.ar\/\">Alejandra Perotti Galer\u00eda de Arte<\/a>, Freire 1101, esq. Zabala, Colegiales, Buenos Aires (Lun-Vie 15-19.30 hs, S\u00e1b con cita previa, Tel. 54-11-4553-0923): Jos\u00e9 Piuma, &#8220;Pedacitos de Tiempo&#8221;, esculturas. \/ Juan Pablo Marturano, &#8220;Ofrendas y testimonios&#8221;, esculturas, dibujos y fotos. 14.11.-18.12.<\/li>\n<li><a href=\"http:\/\/agendacultural.buenosaires.gob.ar\/evento\/munecas-antiguas-en-la-casa-fernandez-blanco\/5094\">Casa Fern\u00e1ndez Blanco<\/a>, Hip\u00f3lito Yrigoyen 1420, Buenos Aires (Mar-Vie 12-18, S\u00e1b y Dom 11-17 hs. Feriados cerrado. Entrada $2, Mi\u00e9 y Jue gratis): &#8220;Hab\u00eda una vez&#8230;, mu\u00f1ecas y juguetes 1870-1940. Colecci\u00f3n de Mabel y Mar\u00eda Castellano Fotheringham&#8221;. Hasta 30.12.<\/li>\n<li><a href=\"https:\/\/www.facebook.com\/CCMATTA\/\">Centro Cultural &#8220;Matta&#8221; de la Embajada de Chile en Argentina<\/a>, Tagle esquina Libertador (Plaza Rep\u00fablica de Chile), Buenos Aires (Mar-Dom 11-19 hs): Roberto Matta, &#8220;Este lado del mundo&#8221;, pinturas. 11.12.-22.01.2016.<\/li>\n<li><a href=\"http:\/\/www.centroculturalrecoleta.org\/nuevositio\/\">Centro Cultural Recoleta<\/a>, Jun\u00ed\u00adn 1930, Buenos Aires (Entrada libre y gratuita): Lena Szankay, &#8220;Rompecabezas&#8221;, fotos. Sala 9. 05.11.-Febrero 2016. \/ Arturo Aguiar, &#8220;Agujas&#8221;. Sala &#8220;Microespacio&#8221;. 05.11.-Febrero 2016. \/ &#8220;Arte Contempor\u00e1neo Coreano&#8221;. Salas 4, 5 y 6. 20.11.-16.02.2016. \/ Stella Sidi, &#8220;La vuelta al Mundo en 270 d\u00edas&#8221;. Salas 1 y 2. Desde 02.12.<\/li>\n<li><a href=\"http:\/\/www.coleccionfortabat.org.ar\/\">Colecci\u00f3n de Arte Amalia Lacroze de Fortabat<\/a>, Olga Cossetini 141, Puerto Madero, Buenos Aires (Mar-Dom 12-20 hs, Lun cerrado. Entrada: $60, $30 para menores de 12 a\u00f1os, jubilados, estudiantes y docentes, Mi\u00e9 $30 y acceso gratuito para menores de 12 a\u00f1os, jubilados, estudiantes y docentes con acreditaci\u00f3n): &#8220;Colecci\u00f3n abierta. Relatos internos&#8221;. 01.10.-17.01.2016.<\/li>\n<li><a href=\"http:\/\/www.artefundacionosde.com.ar\/BO\/home.asp\">Espacio de Arte Fundaci\u00f3n Osde<\/a>, Suipacha 658, 1\u00ba piso, Buenos Aires (Lun-S\u00e1b 12-20 hs. Entrada gratuita): &#8220;Cr\u00edtica &#8211; Arte y Sociedad en un Diario Argentino&#8221; (1012-1941). Proyecto: \u00c1lvaro Ab\u00f3s. 19.11.-23.01.2016. Sala principal. \/ D\u00e9bora Pierpaoli, &#8220;ellos adentro esperan la fuga&#8221;, intervenci\u00f3n. Proyecto Salitas. 19.11.-23.01.2016. \/ Juan Andr\u00e9s Videla, &#8220;khorwa (del tibetano = andar en c\u00edrculos)&#8221;. La Vidriera. 19.11.-23.01.2016.<\/li>\n<li><a href=\"https:\/\/www.facebook.com\/espaciokamm\">Espacio Kamm<\/a>, Mario Bravo 1136, Palermo, Buenos Aires (Jue y Vie 16-20 hs y con cita previa, Tel. 011 15-6151-1704): Juli\u00e1n Le\u00f3n Camargo, &#8220;Tentativa de resistencia&#8221;. <a href=\"https:\/\/verrev.wordpress.com\/2015\/12\/16\/tentativa-de-resistencia-julian-leon-camargo\/\">Texto, fotos, links.<\/a> 05.12.-23.12.<\/li>\n<li><a href=\"http:\/\/www.galeriavasari.com.ar\/\">Galer\u00eda Vasari<\/a>, Esmeralda 1357, Buenos Aires (Lun-Vie 11-20 hs): Juan Jos\u00e9 Cambre, &#8220;Terminus&#8221;, pinturas. 11.11.-18.12.<\/li>\n<li><a href=\"http:\/\/lairadedios.com.ar\/\">La Ira De Dios<\/a>, Aguirre 1029, Buenos Aires (info@lairadedios.com.ar, Tel. 54-11-4857-9297): Gabriela Pino, &#8220;Naturaleza l\u00fadica&#8221;. Curadora: Gabriela Urtiaga. Desde 09.12.<\/li>\n<li><a href=\"https:\/\/www.facebook.com\/espaciolaronda\">La Ronda<\/a>, Alsina 774, San Isidro, Prov. de Buenos Aires: &#8220;Ensayos M\u00ednimos&#8221;, muestra dedicada al bordado. Obras de Stella Benvenuto, Jazm\u00edn Berakha, Bugambilo, Carolina Malbran, Ana Paula Mendez, Valentina Mariani, Yam Paez, Ana Seggiaro y Silvina Yesari. Curadur\u00eda: Melisa Boratyn. 14.11.-14.12.<\/li>\n<li><a href=\"http:\/\/www.malba.org.ar\/web\/\">Malba<\/a> (Museo de Arte Latinoamericano de Buenos Aires), Av. Figueroa Alcorta 3415, Buenos Aires (Jue-Lun y feriados 12-20 hs, Mi\u00e9 hasta 21 hs, Mar cerrado. Entrada 60 pesos; estudiantes, docentes, jubilados o mayores de 65 a\u00f1os con acreditaci\u00f3n vigente 30 pesos. Personas con discapacidad: sin cargo; menores de 5 a\u00f1os: sin cargo. Mi\u00e9: Entrada 30 pesos; estudiantes, docentes y jubilados con acreditaci\u00f3n vigente: sin cargo. Personas con discapacidad: sin cargo): &#8220;Arte latinoamericano siglo XX&#8221;. Colecci\u00f3n permanente. \/ Leandro Erlich, &#8220;La democracia del s\u00edmbolo&#8221;, instalaci\u00f3n. 21.09.-28.03.2016. \/ Francis Al\u00ffs, &#8220;Relato de una negociaci\u00f3n&#8221;. Curador: Cuauht\u00e9moc Medina. Salas 3 y 5 (Niveles 1 y 2). 05.11.-15.03.2016.<\/li>\n<li><a href=\"https:\/\/www.facebook.com\/museoquinquela\">Museo Benito Quinquela Mart\u00edn<\/a>, Av. Pedro de Mendoza 1835, La Boca, Buenos Aires (Mar-Dom 11-18 hs): <a href=\"http:\/\/www.clarin.com\/cultura\/Quinquela_Martin-La_Boca-arte_argentino_0_1281471874.html\">&#8220;Arte Argentino&#8221;<\/a>, 57 obras elegidas entre el archivo de casi mil del Museo, entre otros, de Benito Quinquela Mart\u00edn, Justo Lynch, Pio Collivadino, Cleto Ciocchini, Alfredo Gramajo Guti\u00e9rrez, Fernando Fader. Curadora: Sabrina D\u00edaz. Hasta 30.12.<\/li>\n<li><a href=\"https:\/\/www.facebook.com\/events\/877431139007158\/\">Museo de Arte Moderno<\/a> (MAMba), Av. San Juan 350, Buenos Aires (Mar-Dom 12-18 hs. Entrada ppr orden de llegada. Capacidad limitada hasta 500 personas por d\u00eda. Las entradas de $20 se entregan en el d\u00eda, desde la apertura del Museo hasta agotarse. La obra no es apta para menores de 16 a\u00f1os y personas con movilidad reducida o con claustrofobia): Marta Minuj\u00edn, &#8220;La Menesunda&#8221;, reconstrucci\u00f3n de la obra despu\u00e9s de 50 a\u00f1os de la hist\u00f3rica ambientaci\u00f3n en el Instituto Di Tella. 08.10.-Febrero 2016.<\/li>\n<li><a href=\"http:\/\/www.mat.gov.ar\/\">Museo de Arte Tigre (MAT)<\/a>, Paseo Victorica 972, Tigre, Provincia de Buenos Aires (Mi\u00e9-Vie 9-19, S\u00e1b y Dom 12-19 hs. Entrada: $30): Xul Solar, &#8220;Un imaginero en el Delta&#8221;, pinturas y objetos. 14.11.-31.12. \/ Xil Buffone, &#8220;Pal Almi Tigri&#8221;. instalaci\u00f3n. 14.11.-31.12. \/ Jorge Gamarra, &#8220;Sebastian&#8221;, esculturas. 14.11.-31.12.<\/li>\n<li>Museo S\u00edvori, Av. Infanta Isabel 555, frente al puente del Rosedal de Palermo, Buenos Aires (Mar-Vie 12-20, S\u00e1b, Dom y feriados 10-20 hs. Entrada $10, Mi\u00e9 y S\u00e1b gratis): Martha Levisman, dise\u00f1o y producci\u00f3n de mobiliario argentino 1930-1970. 25.11.-13.12. \/ Gaby Herbstein, &#8220;Estados de conciencia&#8221;, fotos. 26.11.-07.02.2016.<\/li>\n<li><a href=\"http:\/\/www.parquedelamemoria.org.ar\/\">Parque de la Memoria<\/a>, Av. Costanera Norte, Rafael Obligado 6745, adyacente a Ciudad Universitaria, Buenos Aires (Lun-Vie 10-17, fines de semana y feriados 12-18 hs. Entrada libre y gratuita): Jo\u00e3o Pina, &#8220;Sombra del C\u00f3ndor&#8221;. Curador: Di\u00f3genes Moura. Sala PAyS. Inauguraci\u00f3n: 15.12., 19 hs. Hasta Febrero de 2016.<\/li>\n<li><a href=\"http:\/\/www.rolfart.com.ar\/\">Rolf Art<\/a>, Posadas 1583, PB &#8220;A&#8221;, Buenos Aires (Lun-Vie 11-20 hs): Silvia Rivas, &#8220;Momentum&#8221;. 30.10.-08.01.2016.<\/li>\n<li><a href=\"http:\/\/www.ruthbenzacar.com\/\">Ruth Benzacar<\/a>, Juan Ram\u00edrez de Velasco 1287, Buenos Aires (Lun-Vie 14-19 hs): Pablo Siquier, &#8220;Confort ps\u00edquico&#8221;, instalaci\u00f3n. Hasta 15.01.2016.<\/li>\n<\/ul>\n","protected":false},"excerpt":{"rendered":"<p>Klicken Sie hier, um die deutsche Version zu lesen. Agenda de Muestras del 12\/12\/2015 Por Susanne Franz El ministro de Cultura porte\u00f1o, Hern\u00e1n Lombardi, inaugur\u00f3 el 9 de diciembre -su \u00faltimo d\u00eda en el mando- junto a la artista Marta Minuj\u00edn el &#8220;\u00c1rbol de los Deseos&#8221;, emplazado en la &#8220;Plazoleta Juvenilia&#8221;, en Florida al 1000. [&hellip;]<\/p>\n","protected":false},"author":1,"featured_media":0,"comment_status":"open","ping_status":"open","sticky":false,"template":"","format":"standard","meta":{"footnotes":""},"categories":[18],"tags":[],"class_list":["post-22797","post","type-post","status-publish","format-standard","hentry","category-agenda"],"_links":{"self":[{"href":"https:\/\/kunstinargentinien.com\/index.php\/wp-json\/wp\/v2\/posts\/22797","targetHints":{"allow":["GET"]}}],"collection":[{"href":"https:\/\/kunstinargentinien.com\/index.php\/wp-json\/wp\/v2\/posts"}],"about":[{"href":"https:\/\/kunstinargentinien.com\/index.php\/wp-json\/wp\/v2\/types\/post"}],"author":[{"embeddable":true,"href":"https:\/\/kunstinargentinien.com\/index.php\/wp-json\/wp\/v2\/users\/1"}],"replies":[{"embeddable":true,"href":"https:\/\/kunstinargentinien.com\/index.php\/wp-json\/wp\/v2\/comments?post=22797"}],"version-history":[{"count":11,"href":"https:\/\/kunstinargentinien.com\/index.php\/wp-json\/wp\/v2\/posts\/22797\/revisions"}],"predecessor-version":[{"id":22912,"href":"https:\/\/kunstinargentinien.com\/index.php\/wp-json\/wp\/v2\/posts\/22797\/revisions\/22912"}],"wp:attachment":[{"href":"https:\/\/kunstinargentinien.com\/index.php\/wp-json\/wp\/v2\/media?parent=22797"}],"wp:term":[{"taxonomy":"category","embeddable":true,"href":"https:\/\/kunstinargentinien.com\/index.php\/wp-json\/wp\/v2\/categories?post=22797"},{"taxonomy":"post_tag","embeddable":true,"href":"https:\/\/kunstinargentinien.com\/index.php\/wp-json\/wp\/v2\/tags?post=22797"}],"curies":[{"name":"wp","href":"https:\/\/api.w.org\/{rel}","templated":true}]}}