{"id":2288,"date":"2010-04-24T17:17:42","date_gmt":"2010-04-24T20:17:42","guid":{"rendered":"http:\/\/kunstinargentinien.com\/index.php\/2010\/04\/24\/band-zwischen-aussen-und-innenraum\/"},"modified":"2010-04-23T18:24:11","modified_gmt":"2010-04-23T21:24:11","slug":"band-zwischen-aussen-und-innenraum","status":"publish","type":"post","link":"https:\/\/kunstinargentinien.com\/index.php\/2010\/04\/24\/band-zwischen-aussen-und-innenraum\/","title":{"rendered":"Band zwischen Au\u00dfen und Innenraum"},"content":{"rendered":"<p><strong>\u201cParaconstrucci\u00f3n\u201d im \u201cEspacio Ita\u00fa Cultural\u201d<\/p>\n<p><em>Von Susanne Franz und Vanessa Bersis<\/em><\/strong><\/p>\n<p><img decoding=\"async\" id=\"image2287\" alt=pileta11.jpg src=\"http:\/\/kunstinargentinien.com\/wp-content\/uploads\/2010\/04\/pileta11.jpg\" align=left hspace=5 \/>Mit seiner zweiten Ausstellung, \u201cParaconstrucci\u00f3n\u201d, stellt der erst vor wenigen Wochen er\u00f6ffnete \u201cEspacio Ita\u00fa Cultural\u201d seinen Mut unter Beweis, ganz jungen K\u00fcnstlern mit nicht leicht zug\u00e4nglichen Werken Raum zu bieten. Luciana Lamothe, Diego Figueroa, Andrea Cavagnaro und Jorge Tirner sind dabei keine ganz Unbekannten, sondern vielversprechende aufstrebende Talente: So stellte Diego Figueroa im vergangenen Jahr zusammen mit der Pop-Ikone Edgardo Gim\u00e9nez im CCEBA aus, und Luciana Lamothe hat sich neben Einzelausstellungen u.a. bei Alberto Sendr\u00f3s in Buenos Aires auch international einen Namen gemacht.<\/p>\n<p>Die vier K\u00fcnstler haben \u201csite specific\u201d, also f\u00fcr den ganz besonderen Raum des  \u201cEspacio Ita\u00fa Cultural\u201d gearbeitet. Dabei geht es in der Ausstellung letztendlich darum, das Band zwischen Au\u00dfen und Innenraum zu spannen. Der Ausstellungsraum dient als gro\u00dfes Schaufenster mit por\u00f6sen Grenzen und diffusen Umrissen. Die Arbeiten zeichnen sich vor allem durch ihre Heterogenit\u00e4t aus, allen K\u00fcnstlern ist jedoch der Versuch gemein, ein Ausloten von Grenzen zu erproben.<!--more--><\/p>\n<p>Diego Figueroa und Jorge Tirner arbeiten vor allem mit dem Effekt der Entfremdung und versuchen somit Blick und Perspektive auf bekannte Alltagsgegenst\u00e4nde zu ver\u00e4ndern.<\/p>\n<p>Figueroa beispielsweise konstruierte f\u00fcr die Ausstellung einen Brunnen. Er ist pyramidenartig aufgebaut bestehend aus unterschiedlich gro\u00dfen Schwimmbecken, die das st\u00e4ndig zirkulierende Wasser auffangen. Das Werk Diego Figuroas ist eine Parodie und humoristische Darstellung im Bezug auf traditionelle Skulpturen und Monumente, die im \u00f6ffentlichen Raum zu finden sind. Der Brunnen als eine Art Ready Made.<\/p>\n<p>Das Werk von Jorge Tirner, Fiat Europa, ist einfach konstruiert, es handelt sich um einen knallroten Fiat Europa, der bis zum Dach mit Beton gef\u00fcllt ist. Man kann nicht in die Fenster hineinschauen, das erweckt im Betrachter gro\u00dfe Neugier. Zum anderen wird das Auto nach wie vor als eine Art Statussymbol dargestellt.<\/p>\n<ul>\n<li>&#8220;Paraconstrucci\u00f3n&#8221;, Interventionen der K\u00fcnstler Andrea Cavagnaro, Diego Figueroa, Luciana Lamothe und Jorge Tirner. Kuratorinnen: Jimena Ferreiro Pella und Patricia Hakim. Espacio Ita\u00fa Cultural, Cerrito Ecke Viamonte. Mo-Fr 10-19.30 Uhr. Eintritt frei. 17.3.-14.5.<\/li>\n<\/ul>\n","protected":false},"excerpt":{"rendered":"<p>\u201cParaconstrucci\u00f3n\u201d im \u201cEspacio Ita\u00fa Cultural\u201d Von Susanne Franz und Vanessa Bersis Mit seiner zweiten Ausstellung, \u201cParaconstrucci\u00f3n\u201d, stellt der erst vor wenigen Wochen er\u00f6ffnete \u201cEspacio Ita\u00fa Cultural\u201d seinen Mut unter Beweis, ganz jungen K\u00fcnstlern mit nicht leicht zug\u00e4nglichen Werken Raum zu bieten. Luciana Lamothe, Diego Figueroa, Andrea Cavagnaro und Jorge Tirner sind dabei keine ganz Unbekannten, [&hellip;]<\/p>\n","protected":false},"author":1,"featured_media":0,"comment_status":"open","ping_status":"open","sticky":false,"template":"","format":"standard","meta":{"footnotes":""},"categories":[4],"tags":[],"class_list":["post-2288","post","type-post","status-publish","format-standard","hentry","category-tipp-der-woche-recomendacion-de-la-semana"],"_links":{"self":[{"href":"https:\/\/kunstinargentinien.com\/index.php\/wp-json\/wp\/v2\/posts\/2288","targetHints":{"allow":["GET"]}}],"collection":[{"href":"https:\/\/kunstinargentinien.com\/index.php\/wp-json\/wp\/v2\/posts"}],"about":[{"href":"https:\/\/kunstinargentinien.com\/index.php\/wp-json\/wp\/v2\/types\/post"}],"author":[{"embeddable":true,"href":"https:\/\/kunstinargentinien.com\/index.php\/wp-json\/wp\/v2\/users\/1"}],"replies":[{"embeddable":true,"href":"https:\/\/kunstinargentinien.com\/index.php\/wp-json\/wp\/v2\/comments?post=2288"}],"version-history":[{"count":0,"href":"https:\/\/kunstinargentinien.com\/index.php\/wp-json\/wp\/v2\/posts\/2288\/revisions"}],"wp:attachment":[{"href":"https:\/\/kunstinargentinien.com\/index.php\/wp-json\/wp\/v2\/media?parent=2288"}],"wp:term":[{"taxonomy":"category","embeddable":true,"href":"https:\/\/kunstinargentinien.com\/index.php\/wp-json\/wp\/v2\/categories?post=2288"},{"taxonomy":"post_tag","embeddable":true,"href":"https:\/\/kunstinargentinien.com\/index.php\/wp-json\/wp\/v2\/tags?post=2288"}],"curies":[{"name":"wp","href":"https:\/\/api.w.org\/{rel}","templated":true}]}}