{"id":2299,"date":"2010-04-30T15:34:25","date_gmt":"2010-04-30T18:34:25","guid":{"rendered":"http:\/\/kunstinargentinien.com\/index.php\/2010\/04\/30\/von-liebe-und-zerstorung\/"},"modified":"2010-04-30T15:34:25","modified_gmt":"2010-04-30T18:34:25","slug":"von-liebe-und-zerstorung","status":"publish","type":"post","link":"https:\/\/kunstinargentinien.com\/index.php\/2010\/04\/30\/von-liebe-und-zerstorung\/","title":{"rendered":"Von Liebe und Zerst\u00f6rung"},"content":{"rendered":"<p><strong>&#8220;Complicidades: Diego Rivera y Frida Kahlo&#8221; im Centro Cultural Recoleta<\/p>\n<p><em>Von Vanessa Bersis<\/em><\/strong><\/p>\n<p><img decoding=\"async\" id=\"image2300\" alt=Frida11.jpg src=\"http:\/\/kunstinargentinien.com\/wp-content\/uploads\/2010\/04\/Frida11.jpg\" align=left hspace=5 \/>Das Centro Cultural Recoleta stellt in Zusammenarbeit mit der mexikanischen Botschaft 36 Schwarz-Wei\u00df-Fotografien von einem der wohl wichtigsten K\u00fcnstlerpaare Lateinamerikas aus. Dabei geht es um einen Einblick in das Leben von Frida Kahlo und Diego Rivera, ihr k\u00fcnstlerisches Schaffen, aber auch ihr politisches Engagement, das sie als Paar einerseits n\u00e4her brachte, aber zugleich auch auseinanderriss. Die Komplexit\u00e4t, Ambivalenz und Liebe ihrer Beziehung ist nur schwer ergr\u00fcndbar. Am besten spiegelt sich diese in den Werken der beiden K\u00fcnstler wider. Ein Hin und Her zwischen verlorener und gefundener Liebe, positiven und negativen Gef\u00fchlen. Liebe und Zerst\u00f6rung geleitet durch beidseitige Abh\u00e4ngigkeit voneinander.<!--more--><\/p>\n<p>Sowohl Frida als auch Diego waren starke und extreme Pers\u00f6nlichkeiten und beeinflussten einander exzessiv. Viele sehen in Frida Kahlo nur die verwundbare und von Schmerzen gepeinigte Frau, die durch ihre Kunst eine Art Zufluchtsort suchte, vergessen aber oft dabei die unersch\u00f6pfliche Charakterst\u00e4rke, die diese Frau letztendlich in sich trug.<\/p>\n<p>Die Fotoausstellung bietet einen anderen Blick auf Fridas Leben, Familie, Freunde und Umfeld und zeigt auch das politische Engagement der K\u00fcnstlerin. Erw\u00e4hnenswert w\u00e4re vielleicht dabei, dass sie sogar ihr Geburtsjahr symbolisch ver\u00e4ndert hat und behauptete, sie sei im Jahr der mexikanischen Revolution geboren worden. Die Jahre zwischen 1910 und 1920 waren pr\u00e4gend f\u00fcr den sozialen Wandel der mexikanischen Nation, sie selbst nannte sich ein Produkt dieser Jahre. F\u00fcr Frida Kahlo war die mexikanische Revolution ein lebendiges Ph\u00e4nomen. Sie sympathisierte mit der Arbeiterklasse und den l\u00e4ndlichen Bewegungen. So kann die Fotoausstellung als eine Art historisches Dokument betrachtet werden. Ebenso ein kurzer Film, der, basierend auf Fotografien, die wichtigsten Stationen in Frida Kahlos Leben darstellt.<\/p>\n<p>So faszinierend ihr Leben aber auch gewesen sein mag, sie selbst w\u00fcnschte sich letztendlich nichts sehnlicher als: &#8220;Espero alegre la salida &#8211; y espero no volver jam\u00e1s.&#8221;<\/p>\n<ul>\n<li>&#8220;Complicidades: Diego Rivera y Frida Kahlo&#8221;, Fotos. <a href=\"http:\/\/centroculturalrecoleta.org\/ccr-sp\/\">Centro Cultural Recoleta<\/a>, &#8220;Espacio Central Planta Baja&#8221;, Jun\u00edn 1930. Mo-Fr 14-21, Sa, So und feiertags 10-21 Uhr. 8.4.-2.5.<\/li>\n<\/ul>\n","protected":false},"excerpt":{"rendered":"<p>&#8220;Complicidades: Diego Rivera y Frida Kahlo&#8221; im Centro Cultural Recoleta Von Vanessa Bersis Das Centro Cultural Recoleta stellt in Zusammenarbeit mit der mexikanischen Botschaft 36 Schwarz-Wei\u00df-Fotografien von einem der wohl wichtigsten K\u00fcnstlerpaare Lateinamerikas aus. Dabei geht es um einen Einblick in das Leben von Frida Kahlo und Diego Rivera, ihr k\u00fcnstlerisches Schaffen, aber auch ihr [&hellip;]<\/p>\n","protected":false},"author":1,"featured_media":0,"comment_status":"open","ping_status":"open","sticky":false,"template":"","format":"standard","meta":{"footnotes":""},"categories":[4],"tags":[],"class_list":["post-2299","post","type-post","status-publish","format-standard","hentry","category-tipp-der-woche-recomendacion-de-la-semana"],"_links":{"self":[{"href":"https:\/\/kunstinargentinien.com\/index.php\/wp-json\/wp\/v2\/posts\/2299","targetHints":{"allow":["GET"]}}],"collection":[{"href":"https:\/\/kunstinargentinien.com\/index.php\/wp-json\/wp\/v2\/posts"}],"about":[{"href":"https:\/\/kunstinargentinien.com\/index.php\/wp-json\/wp\/v2\/types\/post"}],"author":[{"embeddable":true,"href":"https:\/\/kunstinargentinien.com\/index.php\/wp-json\/wp\/v2\/users\/1"}],"replies":[{"embeddable":true,"href":"https:\/\/kunstinargentinien.com\/index.php\/wp-json\/wp\/v2\/comments?post=2299"}],"version-history":[{"count":0,"href":"https:\/\/kunstinargentinien.com\/index.php\/wp-json\/wp\/v2\/posts\/2299\/revisions"}],"wp:attachment":[{"href":"https:\/\/kunstinargentinien.com\/index.php\/wp-json\/wp\/v2\/media?parent=2299"}],"wp:term":[{"taxonomy":"category","embeddable":true,"href":"https:\/\/kunstinargentinien.com\/index.php\/wp-json\/wp\/v2\/categories?post=2299"},{"taxonomy":"post_tag","embeddable":true,"href":"https:\/\/kunstinargentinien.com\/index.php\/wp-json\/wp\/v2\/tags?post=2299"}],"curies":[{"name":"wp","href":"https:\/\/api.w.org\/{rel}","templated":true}]}}