{"id":2307,"date":"2010-05-08T12:33:21","date_gmt":"2010-05-08T15:33:21","guid":{"rendered":"http:\/\/kunstinargentinien.com\/index.php\/2010\/05\/08\/agenda-kalender-212\/"},"modified":"2010-05-15T18:55:04","modified_gmt":"2010-05-15T21:55:04","slug":"agenda-kalender-212","status":"publish","type":"post","link":"https:\/\/kunstinargentinien.com\/index.php\/2010\/05\/08\/agenda-kalender-212\/","title":{"rendered":"Agenda \/ Kalender"},"content":{"rendered":"<p><a href=\"http:\/\/kunstinargentinien.com\/index.php\/2010\/05\/08\/kalender-agenda-218\/\">Klicken Sie hier, um die deutsche Version zu lesen.<\/a><\/p>\n<p><strong>Agenda de Muestras 08\/05\/10-15\/05\/10<\/p>\n<p><em>Por Susanne Franz<\/em><\/strong><\/p>\n<p><img decoding=\"async\" id=\"image2312\" alt=elsi11.jpg src=\"http:\/\/kunstinargentinien.com\/wp-content\/uploads\/2010\/05\/elsi11.jpg\" align=left hspace=5 \/>La semana pasada empez\u00f3 con la inauguraci\u00f3n de una muestra de dibujos de Fernanda Cohen en la galer\u00eda <a href=\"http:\/\/www.elsidelrio.com.ar\/\">Elsi del R\u00edo<\/a>, que se ver\u00e1 hasta el 3 de julio. Escribe la artista: &#8220;&#8216;Guerra de Palabras&#8217; es una serie personal que se enfoca en la din\u00e1mica detr\u00e1s de una variedad de diez discusiones universales de la sociedad moderna que incluye pol\u00edtica, amor, ni\u00f1ez, deportes, servicio al cliente, religi\u00f3n, manifestaciones, padres e hijos, amistad y la discusi\u00f3n interna y eterna con uno mismo. Las im\u00e1genes est\u00e1n pintadas mayormente en blanco y negro para dirigir la mirada del espectador hacia las palabras y su movimiento, el cual cambia seg\u00fan la discusi\u00f3n y la relaci\u00f3n entre sus participantes.&#8221;<\/p>\n<p>Fernanda Cohen naci\u00f3 en Buenos Aires. En el a\u00f1o 2000 se mud\u00f3 a Nueva York. 4 a\u00f1os m\u00e1s tarde se gradu\u00f3 en la SVA &#8211; Escuela de Artes Visuales, Universidad de Nueva York. All\u00ed vive desde entonces. Su primer trabajo fue para The New York Times. Gan\u00f3 60 premios internacionales. Realiz\u00f3 4 exhibiciones individuales adem\u00e1s de ilustraciones para l\u00edneas de carteras, anotadores post-it, art\u00edculos de la cocina, libretas y m\u00e1s. Ense\u00f1a en la SVA. Es conferencista en todo el mundo. Coordina las conferencias de la Sociedad de Ilustradores de Nueva York. Escribe, asesora e ilustra para diversas revistas argentinas e internacionales.<\/p>\n<p>Por otra parte, hoy leimos en &#8220;adn&#8221; que Elsi del R\u00edo va a participar en la Feria de Arte Latinoamericano &#8220;Pinta&#8221; en Londres del 3 al 6 de junio, junto con las galer\u00edas Proyecto Bisagra, Zavaleta Lab y Del Infinito. kunstinargentinien.com felicita a los amigos y desea buena suerte.<\/p>\n<p>A continuaci\u00f3n, las muestras de esta semana.<!--more--><\/p>\n<p><strong><em>Centros de exposiciones<\/em><\/strong><\/p>\n<ul>\n<li><a href=\"http:\/\/www.malba.org.ar\/web\/\">Malba<\/a> (Museo de Arte Latinoamericano de Buenos Aires), Av. Figueroa Alcorta 3415 (Jue-Lun y feriados 12-20 hs, Mi\u00e9rcoles hasta 21 hs, martes cerrado. Entrada 18 pesos, docentes y jubilados 9 pesos, estudiantes 9 pesos, menores de 5 a\u00f1os gratis. Mi\u00e9rcoles: Entrada 6 pesos, docentes y jubilados 3 pesos, estudiantes gratis): &#8220;Caminos de la vanguardia cubana&#8221;, muestra dedicada a la renovaci\u00f3n del arte cubano, a partir del surgimiento del movimiento moderno entre 1920 y 1940. Curadora: Lilian Llanes. Se presentan aproximadamente 150 obras, entre pinturas, fotograf\u00edas, dibujos y material documental, procedentes del Museo Nacional de Bellas Artes de La Habana, de la Fototeca de Cuba y de colecciones privadas. Sala 5 (2\u00ba piso). 18.03.-17.05. \/ &#8220;Contempor\u00e1neo 25&#8221;: Alberto Passolini. &#8220;Malona! Proyecto conmemorativo del Bicentenario&#8221;. Sala 1 (Planta Baja). 22.04.-12.07. Encuentro con el artista, a cargo de Alberto Passolini y Laura Malosetti: 27.05., 18.30 hs. \/ Carlos Gallardo, &#8220;Theatrum mundi&#8221;. Exposici\u00f3n homenaje. Curadora invitada: Mercedes Casanegra. Sala 3 (1\u00ba piso). 22.04.-05.07. Encuentro con la curadora: 12.05., 18.30 hs.<\/li>\n<li><a href=\"http:\/\/centroculturalrecoleta.org\/ccr-sp\/\">Centro Cultural Recoleta<\/a>, Jun\u00edn 1930 (Lun-Vie 14-21, Sab, Dom y feriados 10-21 hs): Teresa Pereda, &#8220;Recolecci\u00f3n\/Restituci\u00f3n &#8211; Citas por Am\u00e9rica&#8221;. Curadora: Ana Mar\u00eda Battistozzi. Sala Cronopios. 27.04.-30.05. Performance: S\u00e1bados 8, 15, 22 y 29 de Mayo, 18 hs. \/ Cristina Santander, &#8220;Alter Ipse&#8221;. Sala J. Inauguraci\u00f3n: 13.05., 19 hs. Hasta 13.06.<\/li>\n<li>Pabell\u00f3n 4 Arte Contempor\u00e1neo, Uriarte 1332 (Lun-Sab 16-20 hs): Lucas L\u00f3pez, &#8220;De otra naturaleza&#8221;, pinturas. Sala I. 04.05.-29.05. \/ Mar\u00eda Laura Vazquez, &#8220;Hipnotizados&#8221;, fotograf\u00eda. Sala II. 04.05.-29.05. \/ Rub\u00e9n Grau, &#8220;Poemario incierto sobre mares inaudibles&#8221;, mixtas, objetos e instalaci\u00f3n. Sala III. 04.05.-29.05.<\/li>\n<li>FotoGaler\u00eda del Teatro San Mart\u00edn, Av. Corrientes 1530 (Lun-Vie desde las 12, Sab y Dom desde las 14 hs, hasta la finalizaci\u00f3n de las actividades del d\u00eda en el teatro. Entrada libre): &#8220;Sara Facio, in\u00e9dita y conocida&#8221;. FotoGaler\u00eda. Desde 04.05.<\/li>\n<\/ul>\n<p><em><strong>Otras exposiciones<\/strong><\/em><\/p>\n<ul>\n<li>&#8220;LIV. Sal\u00f3n de Artes Pl\u00e1sticas &#8216;Manuel Belgrano'&#8221;, obras premiadas, mencionadas y seleccionadas durante 2009 en las categor\u00edas Pintura, Escultura, Dibujo, Grabado y Monocopia. Museo Eduardo S\u00edvori, Av. Infanta Isabel 555, frente al puente del Rosedal de Palermo. Mar-Vie 12-20, Sab, Dom y feriados 10-20 hs. 13.03.-09.05.<\/li>\n<li>&#8220;Mujeres. 1810-2010&#8221;. Curadora: Valeria Gonz\u00e1lez. <a href=\"http:\/\/www.casadelbicentenario.gov.ar\/\">Casa del Bicentenario<\/a>, Riobamba 985. Mar-Dom 14-21 hs. Lunes cerrado. Entrada libre y gratuita. Desde 16.03.<\/li>\n<li>&#8220;Paraconstrucci\u00f3n&#8221;, proyectos de intervenci\u00f3n de Andrea Cavagnaro, Diego Figueroa, Luciana Lamothe y Jorge Tirner. Curadoras: Jimena Ferreiro Pella y Patricia Hakim. Espacio Ita\u00fa Cultural, Cerrito y Viamonte. Lun-Vie 10-19.30 hs. Entrada libre y gratuita. 17.03.-14.05.<\/li>\n<li>Jorge Macchi, &#8220;Cr\u00f3nicas eventuales&#8221;. Ruth Benzacar, Florida 1000. Lun-Vie 11.30-20 hs. 17.03.-14.05.<\/li>\n<li>6ta. Edici\u00f3n de &#8220;Premios MAMbA &#8211; Fundaci\u00f3n Telef\u00f3nica&#8221;. Espacio Fundaci\u00f3n Telef\u00f3nica, Arenales 1540. Lun-Sab 14-20.30 hs. 17.03.-12.06.<\/li>\n<li>Augusto Costhanzo, &#8220;Graffity Bridge&#8221; y &#8220;Resto Vinyl&#8221;, de la serie &#8220;Temporada Alta 2010&#8221;, intervenci\u00f3n urbana en el frente del edificio. Samsung Studio, Pasaje 5 de julio 444, San Telmo. Acceso libre y gratuito. 18.03.-31.5.<\/li>\n<li>&#8220;\u00a1POP! La consagraci\u00f3n de la primavera&#8221;, 90 obras, incluyendo pinturas, esculturas, objetos, instalaciones y documentaci\u00f3n, realizadas entre los a\u00f1os 60 y 70. Artistas, entre otros: Dalila Puzzovio, Edgardo Gim\u00e9nez, Alfredo Arias, Alberto Greco, Marta Minuj\u00edn, Juan Stoppani, Charly Squirru. Curadora: Mar\u00eda Jos\u00e9 Herrera. <a href=\"http:\/\/www.artefundacionosde.com.ar\/bs-as\/index.html\">Espacio de Arte Fundaci\u00f3n OSDE<\/a>, Suipacha 658, 1er piso. Lun-Sab 12-20 hs. Entrada libre y gratuita. 18.03.-15.05.<\/li>\n<li>&#8220;El universo futurista: 1909-1936.&#8221; <a href=\"http:\/\/www.proa.org\/esp\/\">Fundaci\u00f3n Proa<\/a>, Av. Pedro de Mendoza 1929, La Boca. Mar-Dom 11-19 hs. Lunes cerrado. Entrada general: 10 pesos, estudiantes 6 pesos, jubilados 3 pesos; Martes entrada libre para estudiantes. 30.03.-04.07.<\/li>\n<li>Azul Blaseotto, &#8220;El objeto de(L) arte&#8221;, intervenci\u00f3n gr\u00e1fica. Bar de la Radio La Tribu, Lambar\u00e9 873. 09.04.-20.05.<\/li>\n<li>Andr\u00e9s Wertheim, &#8220;Mundo Alienado&#8221;, fotos. Arte X Arte, Lavalleja 1062, Palermo. Lun-Vie 13-20 hs. 14.04.-28.05.<\/li>\n<li>Claudia Ferrari, &#8220;Anatom\u00eda de un paisaje&#8221;. Curadora: Fabiana Barreda. RO Galer\u00eda de Arte, Paran\u00e1 1158. Lun-Vie 11-20 hs. 15.04.-15.05.<\/li>\n<li>Graciela Guzm\u00e1n, &#8220;Paisajes del Alma&#8221;, pinturas. Galer\u00eda Adriana Indik, Rodr\u00edguez Pe\u00f1a 2067, PB &#8220;A&#8221;. Lun-Vie 15-20, Sab 11-13 hs. 15.04.-15.05.<\/li>\n<li>Grupo Enebra, &#8220;Una, la que es todas&#8221;. <a href=\"http:\/\/www.wussmann.com\/\">Wussmann<\/a>, Venezuela 570. Desde 15.04.<\/li>\n<li>&#8220;+ Estampa II&#8221;, obras de Ana Erman, Alejandra Winkhaus, Claudio Gallina, Cristina Santander, Martha P\u00e9rez Temperley, Nadine Youssefian, N\u00e9stor Goyan\u00e9s, Ricardo Tau, Remo Bianchedi, Rub\u00e9n Sassano, Rafael Gil, Silvina Paulon, Sara Neumeyer, V\u00edctor Rebuffo y Grupo del Pueblo (Facio Hebequer, Jos\u00e9 Arato, Abraham Vigo, Adolfo Bellocq). Curadores: Sergio Artola y Eva Llamazares. <a href=\"http:\/\/www.fundacionmundonuevo.org.ar\/09\/home.html\">Mundo Nuevo Gallery Art<\/a>, Av. Callao 1870. Lun-Vie 11-20 hs. 16.04.-27.05.<\/li>\n<li>Le\u00f3n Ferrari, &#8220;Re(in)sistencia con palabras ajenas&#8221;. Curador: Alberto Giudici. Centro Cultural de la Cooperaci\u00f3n, Salas Osvaldo Pugliese y Abraham Vigo, Av. Corrientes 1543. Lun-Sab 10-22, Dom 17-20.30 hs. 19.04.-fines de mayo.<\/li>\n<li>Andrea Juan y Jane Marsching, &#8220;Encuentro Polar&#8221;, fotos, videos. Fase II del Ciclo &#8220;Tributo a la Naturaleza&#8221;. Jard\u00edn Bot\u00e1nico, Av. Santa Fe 3951. Todos los d\u00edas 8-18 hs. 20.04.-20.09. Otros lugares de la muestra: Feria del Libro, La Rural. 22.04.-10.05. Hotel Panamericano, Carlos Pellegrini 551. 23.04.-20.05.<\/li>\n<li>Adri\u00e1n Levy, &#8220;Autoidentikit, estudio para un ADN visual&#8221;. Espacio de Arte de AMIA, Pasteur 633. Lun-Jue 10-18, Vie 10-16 hs. 21.04.-15.05.<\/li>\n<li>Mariano Sapia, &#8220;Olvido Terminal&#8221;. Espacio Multiarte de la Sindicatura General de la Naci\u00f3n, Av. Corrientes 381. Lun-Jue 9-18, Vie 9-16 hs. 22.04.-28.05.<\/li>\n<li>&#8220;Maestros de la pintura y el dibujo tributan a dos genios literarios&#8221;, obras de Zdravko Ducmelic, Edmund Valladares, Carlos Carmona y Ra\u00fal Ponce. En el marco de la 2\u00aa Bienal Borges-Kafka \/ Buenos Aires-Praga 2010. Curadora: Miriam Jovenich. Museo de Arte Tigre (MAT), Paseo Victorica 972, Tigre. Mie-Vie 9-19, Sab, Dom y feriados 12-19 hs. Desde 24.04.<\/li>\n<li>Francisco Toledo (M\u00e9xico), acuarelas, tintas y grabados inspirados en &#8220;Zoolog\u00eda Fant\u00e1stica&#8221; y &#8220;Un Informe para una Academia&#8221;. En el marco de la 2\u00aa Bienal Borges-Kafka \/ Buenos Aires-Praga 2010. Centro Cultural Borges, Viamonte\/San Mart\u00edn. Lun-Sab 10-21, Dom 12-21 hs. Entrada 10 pesos, estudiantes y jubilados 8 pesos. 27.04.-27.05.<\/li>\n<li>Giancarlo Puppo, &#8220;1990-el hilo de c\u00e1\u00f1amo-2010&#8221;. Holz Galer\u00eda de Arte, Arroyo 862. 30.04.-15.05.<\/li>\n<li>&#8220;Hay un circo en mi bolsillo&#8221;, muestra de una serie de juguetes inspirados en el mundo circense, presentada por el Museo del Juguete Argentino. Curadora: Daniela Pelegrinelli. Alianza Francesa, Av. C\u00f3rdoba 946. Lun-Vie 9-20, Sab, 08.05., 9-14 hs. Entrada libre. 02.05.-08.05.<\/li>\n<li>Fernanda Cohen, &#8220;Guerra de palabras&#8221;, dibujos. <a href=\"http:\/\/www.elsidelrio.com.ar\/\">Elsi del R\u00edo Arte Contempor\u00e1neo<\/a>, Humboldt 1510, Palermo Hollywood. Mar-Vie 14-20, Sab 11-15 hs. 03.05.-03.07.<\/li>\n<li>N\u00e9stor Goyan\u00e9s, obra gr\u00e1fica. Atica Galer\u00eda de Arte, Libertad 1240, PB &#8220;9&#8221;. Lun-Vie 11-13 y 15-19, Sab 11.30-13 hs. 04.05.-29.05.<\/li>\n<li>Tana Sachs, &#8220;Acontecer Diario&#8221;, objetos y fotograf\u00edas. Decastelli Arte, Chile 354, San Telmo. Dom-Vie 11-18 hs. 04.05.-30.05.<\/li>\n<li>Diana Dreyfus, Diego Melero, &#8220;murmullos de revoluci\u00f3n&#8230;&#8221;, instalaci\u00f3n sonora. Arcimboldo Galer\u00eda de Arte, Reconquista 761, &#8220;14&#8221;. Lun-Vie 15-19, Sab 11-13 hs. 04.05.-08.05.<\/li>\n<li>Alejandra Padilla, &#8220;Reformas&#8221;, collages y fotograf\u00edas. Galer\u00eda Rubbers Internacional, Av. Alvear 1595. Lun-Vie 11-20, Sab 11-13.30 hs. 05.05.-29.05.<\/li>\n<li>Marina Gazulla, pinturas. Mar\u00eda Elena Kravetz Gallery, San Jer\u00f3nimo 448, C\u00f3rdoba. Desde 05.05..<\/li>\n<li>Luis Scafati, obra gr\u00e1fica. En el ciclo &#8220;La l\u00ednea piensa&#8221;. Centro Cultural Borges, Viamonte\/San Mart\u00edn. Lun-Sab 10-21, Dom 12-21 hs. Entrada 10 pesos, estudiantes y jubilados 8 pesos. 06.05.-30.05.<\/li>\n<li>Mart\u00edn Pelenur, obra sobre papel. Galer\u00eda van Riel, Juncal 790, PB. Lun-Vie 15-20 hs. 06.05.-28.05.<\/li>\n<li>&#8220;Bicentenario | Moda + Historia&#8221;. <a href=\"http:\/\/www.palaisdeglace.gob.ar\/\">Palais de Glace<\/a>, Posadas 1725. Mar-Vie 12-20, Sab y Dom 10-20 hs. 07.05.-16.05.<\/li>\n<li>&#8220;Libros de Artista x el Bicentenario&#8221;, obras de Alejandra Bocquel, Alonso Barros Pe\u00f1a, Ana Tarsia, Carlos Filom\u00eda, Catalina Chervin, Cristina Coroleu, Edith Matzen Hirsch, Estela Pereda, Gabriela Aberastury, Graciela Borthwick, Graciela Marotta, Griselda Trotti, Hilda Paz, Jorge Santiago Perednik, Juliano Borobio, Marita Guimpel, Milo Lockett, M\u00f3nica Goldstein, N\u00e9stor Tellechea, Nora Garc\u00eda, Norberto Jos\u00e9 Mart\u00ednez, Olga Autunno, Pedro Roth, Ram\u00f3n Garc\u00eda, Rodolfo Ag\u00fcero, Rub\u00e9n Echague. Arcimboldo Galer\u00eda de Arte, Reconquista 761, PA &#8220;14&#8221;. Lun-Vie 15-19, Sab 11-13 hs. Inauguraci\u00f3n: 11.05., 19 hs. Hasta 29.05.<\/li>\n<\/ul>\n","protected":false},"excerpt":{"rendered":"<p>Klicken Sie hier, um die deutsche Version zu lesen. Agenda de Muestras 08\/05\/10-15\/05\/10 Por Susanne Franz La semana pasada empez\u00f3 con la inauguraci\u00f3n de una muestra de dibujos de Fernanda Cohen en la galer\u00eda Elsi del R\u00edo, que se ver\u00e1 hasta el 3 de julio. Escribe la artista: &#8220;&#8216;Guerra de Palabras&#8217; es una serie personal [&hellip;]<\/p>\n","protected":false},"author":1,"featured_media":0,"comment_status":"open","ping_status":"open","sticky":false,"template":"","format":"standard","meta":{"footnotes":""},"categories":[3],"tags":[],"class_list":["post-2307","post","type-post","status-publish","format-standard","hentry","category-kalender-agenda"],"_links":{"self":[{"href":"https:\/\/kunstinargentinien.com\/index.php\/wp-json\/wp\/v2\/posts\/2307","targetHints":{"allow":["GET"]}}],"collection":[{"href":"https:\/\/kunstinargentinien.com\/index.php\/wp-json\/wp\/v2\/posts"}],"about":[{"href":"https:\/\/kunstinargentinien.com\/index.php\/wp-json\/wp\/v2\/types\/post"}],"author":[{"embeddable":true,"href":"https:\/\/kunstinargentinien.com\/index.php\/wp-json\/wp\/v2\/users\/1"}],"replies":[{"embeddable":true,"href":"https:\/\/kunstinargentinien.com\/index.php\/wp-json\/wp\/v2\/comments?post=2307"}],"version-history":[{"count":0,"href":"https:\/\/kunstinargentinien.com\/index.php\/wp-json\/wp\/v2\/posts\/2307\/revisions"}],"wp:attachment":[{"href":"https:\/\/kunstinargentinien.com\/index.php\/wp-json\/wp\/v2\/media?parent=2307"}],"wp:term":[{"taxonomy":"category","embeddable":true,"href":"https:\/\/kunstinargentinien.com\/index.php\/wp-json\/wp\/v2\/categories?post=2307"},{"taxonomy":"post_tag","embeddable":true,"href":"https:\/\/kunstinargentinien.com\/index.php\/wp-json\/wp\/v2\/tags?post=2307"}],"curies":[{"name":"wp","href":"https:\/\/api.w.org\/{rel}","templated":true}]}}