{"id":23175,"date":"2016-04-10T13:56:50","date_gmt":"2016-04-10T16:56:50","guid":{"rendered":"http:\/\/kunstinargentinien.com\/?p=23175"},"modified":"2016-04-15T16:25:06","modified_gmt":"2016-04-15T19:25:06","slug":"agenda-kalender-475","status":"publish","type":"post","link":"https:\/\/kunstinargentinien.com\/index.php\/2016\/04\/10\/agenda-kalender-475\/","title":{"rendered":"Agenda \/ Kalender"},"content":{"rendered":"<p><a href=\"http:\/\/kunstinargentinien.com\/index.php\/2016\/04\/10\/kalender-agenda-485\/\">Klicken Sie hier, um die deutsche Version zu lesen.<\/a><\/p>\n<p><strong>Agenda de Muestras del 10\/04\/2016<\/p>\n<p><em>Por Susanne Franz<\/em><\/strong><\/p>\n<p><a href=\"http:\/\/kunstinargentinien.com\/wp-content\/uploads\/2016\/04\/Madonna2.jpg\"><img loading=\"lazy\" decoding=\"async\" src=\"http:\/\/kunstinargentinien.com\/wp-content\/uploads\/2016\/04\/Madonna2.jpg\" alt=\"Madonna2\" width=\"500\" height=\"333\" class=\"aligncenter size-full wp-image-23177\" srcset=\"https:\/\/kunstinargentinien.com\/wp-content\/uploads\/2016\/04\/Madonna2.jpg 500w, https:\/\/kunstinargentinien.com\/wp-content\/uploads\/2016\/04\/Madonna2-300x200.jpg 300w\" sizes=\"auto, (max-width: 500px) 100vw, 500px\" \/><\/a><br \/>\nEl viernes 8 de abril se inaugur\u00f3 en el <a href=\"http:\/\/www.ccborges.org.ar\/\">Centro Cultural Borges<\/a> la primera edici\u00f3n de <a href=\"http:\/\/highlightsexhibition.com\/coming-soon\/\">&#8220;Highlights&#8221;<\/a>, una muestra fotogr\u00e1fica que re\u00fane el trabajo de reconocidos profesionales de cinco pa\u00edses distintos, dedicados a capturar impactantes momentos del mundo del rock internacional.<\/p>\n<p>La exposici\u00f3n permanecer\u00e1 abierta hasta el 27 de abril.<\/p>\n<p>Con una selecci\u00f3n de las mejores fotograf\u00edas de Mat\u00edas Altbach (Argentina), Matthias Hombauer (Austria), Dana Distorion (Estados Unidps), Javier Bragado (Espa\u00f1a) y Dean Chalkley (Inglaterra), los amantes de la m\u00fasica y la fotograf\u00eda se encontrar\u00e1n con retratos de artistas como The Rolling Stones, Prodigy, Public Enemy, Paul McCartney, Rammstein y Coldplay, entre muchos m\u00e1s.<\/p>\n<p>Los trabajos de los fot\u00f3grafos de Highlights fueron publicados en medios internacionales tales como The Rolling Stone, Billboard, NME, The Guardian, The New York Times, Q Magazine, SPIN, People, GIG Photographer, entre otros.<\/p>\n<p>Ya est\u00e1n programadas las ediciones de Highlights de Londres (2016) y Nueva York (2017).<\/p>\n<p>(Foto: Madonna, por Dana Distortion)<\/p>\n<p>Las muestras de la semana:<!--more--><\/p>\n<ul>\n<li><a href=\"http:\/\/www.buenosairesfinearts.com\/\">Buenos Aires Fine Arts<\/a>, Cuba 1930, Belgrano, Buenos Aires (Lun-Vie 14-20, S\u00e1b 9-13 hs): Dalmiro Sirabo, &#8220;Exploraciones&#8221;, pinturas. 10.03.-30.04.<\/li>\n<li><a href=\"http:\/\/agendacultural.buenosaires.gob.ar\/evento\/munecas-antiguas-en-la-casa-fernandez-blanco\/5094\">Casa Fern\u00e1ndez Blanco<\/a>, Hip\u00f3lito Yrigoyen 1420, Buenos Aires (Mar-Vie 12-18, S\u00e1b y Dom 11-17 hs. Entrada $10): &#8220;Hab\u00eda una vez&#8230;, mu\u00f1ecas y juguetes 1870-1940. Colecci\u00f3n de Mabel y Mar\u00eda Castellano Fotheringham&#8221;. Hasta 31.12.<\/li>\n<li><a href=\"http:\/\/www.ccborges.org.ar\/index2.htm\">Centro Cultural Borges<\/a>, Viamonte esq. San Mart\u00edn, Buenos Aires (Lun-S\u00e1b 10-21, Dom 12-21 hs. Entrada: $40, jubilados y estudiantes: $30, menores de 12 a\u00f1os sin cargo): <a href=\"http:\/\/highlightsexhibition.com\/coming-soon\/\">&#8220;Highlights&#8221;<\/a>, fotos de rock de Mat\u00edas Altbach (Argentina), Matthias Hombauer (Austria), Dana Distorion (Estados Unidps), Javier Bragado (Espa\u00f1a) y Dean Chalkley (Inglaterra). 08.04.-27.04.<\/li>\n<p><a href=\"http:\/\/www.artefundacionosde.com.ar\/BO\/home.asp\">Espacio de Arte Fundaci\u00f3n Osde<\/a>, Suipacha 658, 1\u00ba piso, Buenos Aires (Lun-S\u00e1b 12-20 hs. Entrada gratuita): Ram\u00edrez, Val &#038; Musso, &#8220;Magia Negra&#8221;, 78 fotograf\u00edas, entre las que se incluyen dos murales, 6 ilustraciones, 45 trajes y un corto cinematogr\u00e1fico. Curadora: Mar\u00eda Laura Carrascal. 25.02.-30.04. \/ Carola Rousso, &#8220;Cortes y desgarros&#8221;. 25.02.-30.04.<\/li>\n<li><a href=\"http:\/\/www.malba.org.ar\/web\/\">Malba<\/a> (Museo de Arte Latinoamericano de Buenos Aires), Av. Figueroa Alcorta 3415, Buenos Aires (Jue-Lun y feriados 12-20 hs, Mi\u00e9 hasta 21 hs, Mar cerrado. Entrada 60 pesos; estudiantes, docentes, jubilados o mayores de 65 a\u00f1os con acreditaci\u00f3n vigente 30 pesos. Personas con discapacidad: sin cargo; menores de 5 a\u00f1os: sin cargo. Mi\u00e9: Entrada 30 pesos; estudiantes, docentes y jubilados con acreditaci\u00f3n vigente: sin cargo. Personas con discapacidad: sin cargo): &#8220;Arte latinoamericano siglo XX&#8221;. Colecci\u00f3n permanente. \/ Claudia Andujar (Brasil), &#8220;Marcados&#8221;, fotos. Curador: Agust\u00edn P\u00e9rez Rubio. Sala 3 (Nivel 1). 03.03.-13.06. \/ Juan Tessi, &#8220;Cameo&#8221;, pinturas. Curadora: Lucrecia Palacios. Sala 1 (Nivel 1). Parte I: 03.03.-14.04. &#8211; Inauguraci\u00f3n Parte II: 14.04., 19 hs. Hasta 27.06. \/ Jorge Macchi. &#8220;Perspectiva&#8221;, cerca de 60 obras en m\u00faltiples formatos: obras sobre papel, videos, pinturas, fotograf\u00edas e instalaciones, realizadas entre 1990 y la actualidad. Curador: Agust\u00edn P\u00e9rez Rubio. 18.03.-23.05. \/ Jeff Koons, &#8220;Ballerina&#8221;. Explanada. 14.04.\u201407.09. Presentaci\u00f3n de la obra a cargo de Eduardo F. Costantini y Jeff Koons: 14.04., 13 hs. Evento p\u00fablico y gratuito.<\/li>\n<li><a href=\"https:\/\/www.facebook.com\/events\/877431139007158\/\">Museo de Arte Moderno<\/a> (MAMba), Av. San Juan 350, Buenos Aires (Mar-Dom 12-18 hs. Entrada ppr orden de llegada. Capacidad limitada hasta 500 personas por d\u00eda. Las entradas de $20 se entregan en el d\u00eda, desde la apertura del Museo hasta agotarse. La obra no es apta para menores de 16 a\u00f1os y personas con movilidad reducida o con claustrofobia): Marta Minuj\u00edn, &#8220;La Menesunda&#8221;, reconstrucci\u00f3n de la obra despu\u00e9s de 50 a\u00f1os de la hist\u00f3rica ambientaci\u00f3n en el Instituto Di Tella. 08.10.-22.05.<\/li>\n<li><a href=\"http:\/\/www.mnba.gob.ar\/\">Museo Nacional de Bellas Artes (MNBA)<\/a>, Av. del Libertador 1473, Buenos Aires (Mar-Vie 12.30-20.30, S\u00e1b y Dom 9.30-20.30 hs. Entrada libre y gratuita): Jorge Macchi, &#8220;La noche de los museos&#8221;, instalaci\u00f3n. Sala 27. Inauguraci\u00f3n: 15.04., 19 hs. Hasta 31.07. La obra integra la exposici\u00f3n &#8220;Perspectiva&#8221;, que se realiza en el Malba, y se completa con la instalaci\u00f3n &#8220;Refracci\u00f3n&#8221; (2012), que se puede ver en la Universidad Torcuato Di Tella.<\/li>\n<li><a href=\"http:\/\/quimeradelarte.com\/\">Quimera Galer\u00eda<\/a>, Humboldt 1981, Buenos Aires (info@quimeradelarte.com, Tel. 4772-8553): &#8220;Todo lo que existe 2010 | 2016&#8221;. Artista: Julim Rosa. Curador: Santiago Bengolea. 20.02.-30.04.<\/li>\n<li><a href=\"http:\/\/www.rolfart.com.ar\/\">Rolf Art<\/a>, Posadas 1583, PB &#8220;A&#8221;, Buenos Aires (Lun-Vie 11-20 hs): Marcelo Brodsky, &#8220;1968: El fuego de las ideas&#8221;, fotos. 01.04.-30.06.<\/li>\n<li>Universidad Torcuato Di Tella, Campus Alcorta, Sala de Exposiciones, Av. Figueroa Alcorta 7350, Buenos Aires (Lun-Vie 15-19 hs. Entrada libre y gratuita presentando DNI): Jorge Macchi, &#8220;Refracci\u00f3n&#8221;, instalaci\u00f3n. En el marco de la muestra &#8220;Perspectiva&#8221; en el Malba. 11.04.-03.06.<\/li>\n<\/ul>\n","protected":false},"excerpt":{"rendered":"<p>Klicken Sie hier, um die deutsche Version zu lesen. Agenda de Muestras del 10\/04\/2016 Por Susanne Franz El viernes 8 de abril se inaugur\u00f3 en el Centro Cultural Borges la primera edici\u00f3n de &#8220;Highlights&#8221;, una muestra fotogr\u00e1fica que re\u00fane el trabajo de reconocidos profesionales de cinco pa\u00edses distintos, dedicados a capturar impactantes momentos del mundo [&hellip;]<\/p>\n","protected":false},"author":1,"featured_media":0,"comment_status":"open","ping_status":"open","sticky":false,"template":"","format":"standard","meta":{"footnotes":""},"categories":[18],"tags":[],"class_list":["post-23175","post","type-post","status-publish","format-standard","hentry","category-agenda"],"_links":{"self":[{"href":"https:\/\/kunstinargentinien.com\/index.php\/wp-json\/wp\/v2\/posts\/23175","targetHints":{"allow":["GET"]}}],"collection":[{"href":"https:\/\/kunstinargentinien.com\/index.php\/wp-json\/wp\/v2\/posts"}],"about":[{"href":"https:\/\/kunstinargentinien.com\/index.php\/wp-json\/wp\/v2\/types\/post"}],"author":[{"embeddable":true,"href":"https:\/\/kunstinargentinien.com\/index.php\/wp-json\/wp\/v2\/users\/1"}],"replies":[{"embeddable":true,"href":"https:\/\/kunstinargentinien.com\/index.php\/wp-json\/wp\/v2\/comments?post=23175"}],"version-history":[{"count":12,"href":"https:\/\/kunstinargentinien.com\/index.php\/wp-json\/wp\/v2\/posts\/23175\/revisions"}],"predecessor-version":[{"id":23227,"href":"https:\/\/kunstinargentinien.com\/index.php\/wp-json\/wp\/v2\/posts\/23175\/revisions\/23227"}],"wp:attachment":[{"href":"https:\/\/kunstinargentinien.com\/index.php\/wp-json\/wp\/v2\/media?parent=23175"}],"wp:term":[{"taxonomy":"category","embeddable":true,"href":"https:\/\/kunstinargentinien.com\/index.php\/wp-json\/wp\/v2\/categories?post=23175"},{"taxonomy":"post_tag","embeddable":true,"href":"https:\/\/kunstinargentinien.com\/index.php\/wp-json\/wp\/v2\/tags?post=23175"}],"curies":[{"name":"wp","href":"https:\/\/api.w.org\/{rel}","templated":true}]}}