{"id":23213,"date":"2016-04-18T08:38:49","date_gmt":"2016-04-18T11:38:49","guid":{"rendered":"http:\/\/kunstinargentinien.com\/?p=23213"},"modified":"2016-04-15T17:44:22","modified_gmt":"2016-04-15T20:44:22","slug":"publikumswirksamste-bucherschau-lateinamerikas","status":"publish","type":"post","link":"https:\/\/kunstinargentinien.com\/index.php\/2016\/04\/18\/publikumswirksamste-bucherschau-lateinamerikas\/","title":{"rendered":"Publikumswirksamste B\u00fccherschau Lateinamerikas"},"content":{"rendered":"<p><strong>42. Internationale Buchmesse von Buenos Aires wird am Donnerstag er\u00f6ffnet<\/p>\n<p><em>Von Susanne Franz<\/em><\/strong><\/p>\n<p><a href=\"http:\/\/kunstinargentinien.com\/wp-content\/uploads\/2016\/04\/feria_del_libro.jpg\"><img loading=\"lazy\" decoding=\"async\" src=\"http:\/\/kunstinargentinien.com\/wp-content\/uploads\/2016\/04\/feria_del_libro.jpg\" alt=\"feria_del_libro\" width=\"480\" height=\"320\" class=\"aligncenter size-full wp-image-23231\" srcset=\"https:\/\/kunstinargentinien.com\/wp-content\/uploads\/2016\/04\/feria_del_libro.jpg 480w, https:\/\/kunstinargentinien.com\/wp-content\/uploads\/2016\/04\/feria_del_libro-300x200.jpg 300w\" sizes=\"auto, (max-width: 480px) 100vw, 480px\" \/><\/a><br \/>\nDie publikumswirksamste B\u00fccherschau Lateinamerikas steht vor der T\u00fcr: Am Donnerstag, den 21. April 2016, startet die 42, Ausgabe der Internationaleb Buchmesse von Buenos Aires. Der feierliche Er\u00f6ffnungsakt um 18 Uhr liegt in H\u00e4nden des Schriftstellers, \u00dcbersetzers, Herausgebers und neuen Chefs der Nationalbibliotek Alberto Manguel. Partnerstadt der diesj\u00e4hrigen Messe ist Santiago de Compostela.<\/p>\n<p>Im Messezentrum La Rural zeigen bis zum 9. Mai auf einer Fl\u00e4che von 45.000 Quadratmetern rund 1500 Aussteller aus mehr als 40 L\u00e4ndern, was sie neu in den Katalogen haben. Rund um die B\u00fccherschau laufen zahllose Events, die haupts\u00e4chlich f\u00fcr das rege Interesse von \u00fcber 1 Million Lesern und 2 Millionen Besuchern aus dem Verlagswesen j\u00e4hrlich sorgen.<\/p>\n<p>Vormerken kann man sich schon einmal zwei Veranstaltungen der vom Goethe-Institut Buenos Aires eingeladenen Dichterin und Liedermacherin Lydia Daher am 21.4. um 20,30 Uhr und beim Poesie-Festival am 23.4. um 19 Uhr (weitere Informationen auf der <a href=\"http:\/\/www.goethe.de\/ins\/ar\/de\/bue.html\">Webseite des Goethe-Instituts<\/a>).<\/p>\n<p>\u00d6ffnunszeiten: montags bis freitags 14 bis 22 Uhr, samstags und sonntags 13 bis 22 Uhr. Eintritt: montags bis donnerstags 50 Pesos, freitags, samstags und sonntags 70 Pesos. Pass f\u00fcr 3 Besuche: 100 Pesos. Kartenverkauf online. Gratis t\u00e4glich f\u00fcr Kinder unter 12, Behinderte und Schulklassen.  Gratis montags bis freitags f\u00fcr Lehrer, Studenten und Rentner mit Ausweis. Gratis am 25.4. und 2.5. mit der Sube-Karte, Eing\u00e4nge; Av. Santa Fe 4201, Av. Sarmiento 2704 und Cervi\u00f1o 4476.<\/p>\n<p>Alle weiteren Infos auf der <a href=\"http:\/\/www.el-libro.org.ar\/\">Webseite der Buchmesse<\/a>.<\/p>\n<p><strong>Foto:<\/strong><br \/>\nAlberto Manguel h\u00e4lt die Er\u00f6ffnungsrede.<\/p>\n","protected":false},"excerpt":{"rendered":"<p>42. Internationale Buchmesse von Buenos Aires wird am Donnerstag er\u00f6ffnet Von Susanne Franz Die publikumswirksamste B\u00fccherschau Lateinamerikas steht vor der T\u00fcr: Am Donnerstag, den 21. April 2016, startet die 42, Ausgabe der Internationaleb Buchmesse von Buenos Aires. Der feierliche Er\u00f6ffnungsakt um 18 Uhr liegt in H\u00e4nden des Schriftstellers, \u00dcbersetzers, Herausgebers und neuen Chefs der Nationalbibliotek [&hellip;]<\/p>\n","protected":false},"author":1,"featured_media":0,"comment_status":"open","ping_status":"open","sticky":false,"template":"","format":"standard","meta":{"footnotes":""},"categories":[1],"tags":[],"class_list":["post-23213","post","type-post","status-publish","format-standard","hentry","category-allgemein-general"],"_links":{"self":[{"href":"https:\/\/kunstinargentinien.com\/index.php\/wp-json\/wp\/v2\/posts\/23213","targetHints":{"allow":["GET"]}}],"collection":[{"href":"https:\/\/kunstinargentinien.com\/index.php\/wp-json\/wp\/v2\/posts"}],"about":[{"href":"https:\/\/kunstinargentinien.com\/index.php\/wp-json\/wp\/v2\/types\/post"}],"author":[{"embeddable":true,"href":"https:\/\/kunstinargentinien.com\/index.php\/wp-json\/wp\/v2\/users\/1"}],"replies":[{"embeddable":true,"href":"https:\/\/kunstinargentinien.com\/index.php\/wp-json\/wp\/v2\/comments?post=23213"}],"version-history":[{"count":5,"href":"https:\/\/kunstinargentinien.com\/index.php\/wp-json\/wp\/v2\/posts\/23213\/revisions"}],"predecessor-version":[{"id":23235,"href":"https:\/\/kunstinargentinien.com\/index.php\/wp-json\/wp\/v2\/posts\/23213\/revisions\/23235"}],"wp:attachment":[{"href":"https:\/\/kunstinargentinien.com\/index.php\/wp-json\/wp\/v2\/media?parent=23213"}],"wp:term":[{"taxonomy":"category","embeddable":true,"href":"https:\/\/kunstinargentinien.com\/index.php\/wp-json\/wp\/v2\/categories?post=23213"},{"taxonomy":"post_tag","embeddable":true,"href":"https:\/\/kunstinargentinien.com\/index.php\/wp-json\/wp\/v2\/tags?post=23213"}],"curies":[{"name":"wp","href":"https:\/\/api.w.org\/{rel}","templated":true}]}}