{"id":2331,"date":"2010-05-22T09:29:34","date_gmt":"2010-05-22T12:29:34","guid":{"rendered":"http:\/\/kunstinargentinien.com\/index.php\/2010\/05\/22\/kalender-agenda-220\/"},"modified":"2010-05-29T18:22:50","modified_gmt":"2010-05-29T21:22:50","slug":"kalender-agenda-220","status":"publish","type":"post","link":"https:\/\/kunstinargentinien.com\/index.php\/2010\/05\/22\/kalender-agenda-220\/","title":{"rendered":"Kalender \/ Agenda"},"content":{"rendered":"<p><a href=\"http:\/\/kunstinargentinien.com\/index.php\/2010\/05\/22\/agenda-kalender-214\/\">Click aqu\u00ed para leer la versi\u00f3n en castellano.<\/a><\/p>\n<p><strong>Ausstellungskalender 22\/05\/10-29\/05\/10<\/p>\n<p><em>Von Susanne Franz<\/em><\/strong><\/p>\n<p><img decoding=\"async\" id=\"image2329\" src=\"http:\/\/kunstinargentinien.com\/wp-content\/uploads\/2010\/05\/kalender11.jpg\" alt=\"kalender11.jpg\" align=left hspace=5 \/>In La Plata, der Hauptstadt der Provinz Buenos Aires, wurde im sch\u00f6nen &#8220;Teatro Argentino&#8221; die Ausstellung &#8220;Bicentenario, arte argentino en la Provincia&#8221; (Bicentenario, argentinische Kunst in der Provinz) er\u00f6ffnet. Hier sind Gem\u00e4lde und Skulpturen der bedeutendsten Vertreter der argentinischen Bildenden K\u00fcnste der letzten 200 Jahre seit dem Bestehen der Nation zu bewundern, darunter Prilidiano Pueyrred\u00f3n, Eduardo S\u00edvori, Rogelio Yrurtia, Fernando Fader, Emilio Pettoruti, Xul Solar (Foto), Antonio Berni, Lino Enea Spilimbergo, Ra\u00fal Soldi, Benito Quinquela Mart\u00edn, Lucio Fontana, Carlos Alonso, Roberto Aizemberg, Carmelo Arden Quin, Ra\u00fal Lozza und Luis Tomasello, neben vielen anderen (19.5.-30.6.).<\/p>\n<p>Wer moderne Fotografie sch\u00e4tzt und schon mal in La Plata ist, sollte sich die Ausstellung &#8220;Vuelo de cabotaje&#8221; von Marcos L\u00f3pez, einem der bekanntesten argentinischen Fotografen, nicht entgehen lassen &#8211; ganz in der N\u00e4he im &#8220;Museo Provincial de Bellas Artes&#8221; (18.5.-20.6.).<\/p>\n<p>Und noch ein Leckerbissen: Am Freitag (28.5.) wird im &#8220;Museo y Archivo de la Memoria&#8221; eine Ausstellung mit Zeichnungen des gesellschaftskritischen K\u00fcnstlers Armando Sapia er\u00f6ffnet.<\/p>\n<p>Das &#8220;Teatro Argentino&#8221; und das &#8220;Museo Provincial de Bellas Artes&#8221; sind montags geschlossen.<\/p>\n<p>Details zu diesen Schauen und weiteren Ausstellungen in der kommenden, von den Bicentenario-Feierlichkeiten gepr\u00e4gten Woche im Anschluss.<!--more--><\/p>\n<p><strong><em>Ausstellungszentren<\/em><\/strong><\/p>\n<ul>\n<li><a href=\"http:\/\/www.malba.org.ar\/web\/\">Malba<\/a> (Museo de Arte Latinoamericano de Buenos Aires), Av. Figueroa Alcorta 3415 (Do-Mo und feiertags 12-20 Uhr, mittwochs bis 21 Uhr, dienstags geschlossen. Eintritt 18 Pesos, Lehrer und Rentner 9 Pesos, Studenten 9 Pesos, unter 5-J\u00e4hrige gratis. Mittwochs: Eintritt 6 Pesos, Lehrer und Rentner 3 Pesos, Studenten gratis): Robert Mapplethorpe, \u201eEros and Order\u201c. Gastkuratorin: Anne Tucker. Saal 5 (2. Stock). Er\u00f6ffnung: 3.6., 19 Uhr. Bis 2.8. \/ Carlos Gallardo, \u201eTheatrum mundi\u201c. Hommage-Ausstellung. Gastkuratorin: Mercedes Casanegra. Saal 3 (1. Stock). 22.4.-5.7. <FONT COLOR=\"#FF0000\"><em>Dazu: <a href=\"http:\/\/kunstinargentinien.com\/index.php\/2010\/05\/21\/wandern-durch-die-welt\/\">&#8220;Wandern durch die Welt&#8221;<\/a> von Vanessa Bersis.<\/em><\/FONT> \/ \u201eContempor\u00e1neo 25\u201c: Alberto Passolini. \u201eMalona! Proyecto conmemorativo del Bicentenario\u201c. Saal 1 (Erdgeschoss). 22.4.-12.7. <FONT COLOR=\"#FF0000\"><em>Dazu: <a href=\"http:\/\/kunstinargentinien.com\/index.php\/2010\/05\/21\/eintauchen-in-die-geschichte-der-argentinischen-kunst\/\">&#8220;Eintauchen in die Geschichte der argentinischen Kunst&#8221;<\/a> von Vanessa Bersis.<\/em><\/FONT> Gespr\u00e4ch mit Alberto Passolini und Laura Malosetti: 27.5., 18.30 Uhr.<\/li>\n<li><a href=\"http:\/\/centroculturalrecoleta.org\/ccr-sp\/\">Centro Cultural Recoleta<\/a>, Jun\u00edn 1930 (Mo-Fr 14-21, Sa, So und feiertags 10-21 Uhr): Teresa Pereda, \u201eRecolecci\u00f3n\/Restituci\u00f3n &#8211; Citas por Am\u00e9rica\u201c. Kuratorin: Ana Mar\u00eda Battistozzi. Cronopios-Saal. 27.4.-30.5. Performance: An den Samstagen 22. und 29. Mai, 18 Uhr. <FONT COLOR=\"#FF0000\"><em>Lesen Sie dazu Vanessa Bersis&#8217; Artikel <a href=\"http:\/\/kunstinargentinien.com\/index.php\/2010\/05\/21\/teresa-peredas-poetisches-universum\/\">&#8220;Teresa Peredas poetisches Universum&#8221;<\/a>.<\/em><\/FONT> \/ Cristina Santander, \u201eAlter Ipse\u201c. Saal J. 13.5.-13.6. \/ \u201eCiudad Emergente\u201c. Dritte Ausgabe. Festival der Jungendkultur. Alle Konzerte und Ausstellungen sind gratis. Info <a href=\"http:\/\/www.ciudademergente.gob.ar\/home10\/web\/es\/index.html\"><em>hier<\/em><\/a>. 1.6.-6.6. \/ \u201eFase 2\u201c, 2. Kunst- und Technologie-Treffen, an dem 23 Einrichtungen, 35 Kunstgalerien, mehr als 100 K\u00fcnstler, Robotikspezialisten und Dozenten teilnehmen. Geboten werden Videos, Fotoausstellungen, Installationen, Performances, Vortr\u00e4ge, Rundtischgespr\u00e4che und Workshops. Info <a href=\"http:\/\/www.fase2encuentro.com.ar\/\"><em>hier<\/em><\/a>. S\u00e4le 1, 2 und 12, \u201eEspacio Central\u201c PB (Erdgeschoss), \u201eMicroespacio\u201c, \u201eEspacio Historieta\u201c und Prometeus-Saal. Er\u00f6ffnung: 2.6., 19 Uhr. Bis 6.6.<\/li>\n<li>Pabell\u00f3n 4 Arte Contempor\u00e1neo, Uriarte 1332 (Mo-Sa 16-20 Uhr): Lucas L\u00f3pez, \u201eDe otra naturaleza\u201c, Gem\u00e4lde. Saal I. 4.5.-29.5. \/ Mar\u00eda Laura Vazquez, \u201eHipnotizados\u201c, Fotos. Saal II. 4.5.-29.5. \/ Rub\u00e9n Grau, \u201ePoemario incierto sobre mares inaudibles\u201c, Mischtechniken, Objekte und Installation. Saal III. 4.5.-29.5. \/ Adri\u00e1n Carril, \u201ePaisaje herm\u00e9tico\u201c, Gem\u00e4lde. Saal I. Er\u00f6ffnung: 1.6., 20 Uhr. Bis 3.7. \/ Guillermo Jones, \u201eProyecto Empatia\u201c, Digitalkunst. Saal II. Er\u00f6ffnung: 1.6., 20 Uhr. Bis 3.7. \/ Jimena Brescia, \u201eY fueron felices x siempre jam\u00e1s\u201c, Fotos, Videoinstallation. Saal III. Er\u00f6ffnung: 1.6., 20 Uhr. Bis 3.7.<\/li>\n<li>Centro Cultural Borges, Viamonte\/San Mart\u00edn (Mo-Sa 10-21, So 12-21 Uhr. Eintritt 10 Pesos, Studenten und Rentner 8 Pesos): Francisco Toledo (Mexiko), an Franz Kafkas \u201eBericht f\u00fcr eine Akademie\u201c und Jorge Luis Borges&#8217; \u201ePhantastischer Zoologie\u201c inspirierte Aquarelle, Tuschzeichnungen und Graphiken. Im Rahmen der 2. Biennale Borges-Kafka \/ Buenos Aires-Prag 2010. 27.4.-27.5. \/ Luis Scafati, graphisches Werk. Im Rahmen des Zyklus \u201eLa l\u00ednea piensa\u201c. 6.5.-30.5. \/ Rub\u00e9n Grau, \u201eTodo es espejo\u201c, Installation, Objekte, Fotos, Gem\u00e4lde. 13.5.-30.5.<\/li>\n<li>FotoGaler\u00eda des San Mart\u00edn-Theaters, Av. Corrientes 1530 (Mo-Fr ab 12, Sa und So ab 14 Uhr, bis zum Ende der Aktivit\u00e4ten des Tages im Theater. Eintritt frei): \u201eSara Facio, in\u00e9dita y conocida\u201c. \u201eFotoGaler\u00eda\u201c. 4.5.-30.5. \/ Luciana Betesh, \u201eBulnes\u201c, Fotos. \u201eFotoGaler\u00eda\u201c. Er\u00f6ffnung: 1.6., 19 Uhr. Bis 4.7.<\/li>\n<\/ul>\n<p><em><strong>Sonstige Ausstellungen<\/strong><\/em><\/p>\n<ul>\n<li>\u201eMujeres. 1810-2010\u201c. Kuratorin: Valeria Gonz\u00e1lez. <a href=\"http:\/\/www.casadelbicentenario.gov.ar\/\">Casa del Bicentenario<\/a>, Riobamba 985. Di-So 14-21 Uhr. Montags geschlossen. Eintritt frei. Seit 16.3.<\/li>\n<li>6. \u201ePremios MAMbA &#8211; Fundaci\u00f3n Telef\u00f3nica\u201c. Espacio Fundaci\u00f3n Telef\u00f3nica, Arenales 1540. Mo-Sa 14-20.30 Uhr. 17.3.-12.6.<\/li>\n<li>Augusto Costhanzo, \u201eGraffity Bridge\u201c und \u201eResto Vinyl\u201c, aus der Serie \u201eTemporada Alta 2010\u201c, Intervention an der Fassade des Geb\u00e4udes. Samsung Studio, Pasaje 5 de julio 444, San Telmo. Freier Zugang. 18.3.-31.5.<\/li>\n<li>\u201eEl universo futurista: 1909-1936.\u201c <a href=\"http:\/\/www.proa.org\/esp\/\">Fundaci\u00f3n Proa<\/a>, Av. Pedro de Mendoza 1929, La Boca. Di-So 11-19 Uhr. Montags geschlossen. Eintritt: 10 Pesos, Studenten 6 Pesos, Rentner 3 Pesos; dienstags freier Eintritt f\u00fcr Studenten. 30.3.-4.7.<\/li>\n<li>Andr\u00e9s Wertheim, \u201eMundo Alienado\u201c, Fotos. Arte X Arte, Lavalleja 1062, Palermo. Mo-Fr 13-20 Uhr. 14.4.-28.5.<\/li>\n<li>\u201e+ Estampa II\u201c, Werke von Ana Erman, Alejandra Winkhaus, Claudio Gallina, Cristina Santander, Martha P\u00e9rez Temperley, Nadine Youssefian, N\u00e9stor Goyan\u00e9s, Ricardo Tau, Remo Bianchedi, Rub\u00e9n Sassano, Rafael Gil, Silvina Paulon, Sara Neumeyer, V\u00edctor Rebuffo und Grupo del Pueblo (Facio Hebequer, Jos\u00e9 Arato, Abraham Vigo, Adolfo Bellocq). Kuratoren: Sergio Artola und Eva Llamazares. <a href=\"http:\/\/www.fundacionmundonuevo.org.ar\/09\/home.html\">Mundo Nuevo Gallery Art<\/a>, Av. Callao 1870. Mo-Fr 11-20 Uhr. 16.4.-27.5.<\/li>\n<li>Le\u00f3n Ferrari, \u201eRe(in)sistencia con palabras ajenas\u201c. Kurator: Alberto Giudici. Centro Cultural de la Cooperaci\u00f3n, Osvaldo Pugliese- und Abraham Vigo-Saal, Av. Corrientes 1543. Mo-Sa 10-22, So 17-20.30 Uhr. 19.4.-Ende Mai.<\/li>\n<li>Andrea Juan und Jane Marsching, \u201eEncuentro Polar\u201c, Fotos, Videos. Phase II des Zyklus \u201eTributo a la Naturaleza\u201c. Botanischer Garten, Av. Santa Fe 3951. T\u00e4glich 8-18 Uhr. 20.4.-20.9.<\/li>\n<li>Mariano Sapia, \u201eOlvido Terminal\u201c. \u201eEspacio Multiarte\u201c der \u201eSindicatura General de la Naci\u00f3n\u201c, Av. Corrientes 381. Mo-Do 9-18, Fr 9-16 Uhr. 22.4.-28.5.<\/li>\n<li><a href=\"http:\/\/www.flickr.com\/photos\/gregorinijeronimo\">Jer\u00f3nimo Gregorini<\/a> &#038; <a href=\"http:\/\/santiagofredes.blogspot.com\/\">Santiago Fredes<\/a>, \u201eExtracto de Alquitr\u00e1n\u201c. Espacio Pecera\/Arte en Puerta, IUNA, Av. Patricios 740, La Boca. 27.4.-24.5.<\/li>\n<li>Fernanda Cohen, \u201eGuerra de palabras\u201c, Zeichnungen. <a href=\"http:\/\/www.elsidelrio.com.ar\/\">Elsi del R\u00edo Arte Contempor\u00e1neo<\/a>, Humboldt 1510, Palermo Hollywood. Di-Fr 14-20, Sa 11-15 Uhr. 3.5.-3.7.<\/li>\n<li>Anna Kassel, Gem\u00e4lde. Restaurant Ginger, Juncal 4660. Di-So abends, Mo geschlossen. 3.5.-30.5.<\/li>\n<li>N\u00e9stor Goyan\u00e9s, graphisches Werk. Atica Galer\u00eda de Arte, Libertad 1240, PB (Erdgeschoss) \u201e9\u201c. Mo-Fr 11-13 und 15-19, Sa 11.30-13 Uhr. 4.5.-29.5.<\/li>\n<li>Tana Sachs, \u201eAcontecer Diario\u201c, Objekte und Fotos. Decastelli Arte, Chile 354, San Telmo. So-Fr 11-18 Uhr. 4.5.-30.5.<\/li>\n<li>Melanie Mahler, \u201eVecinos de mi barrio\u201c, Gem\u00e4lde. Alianza Francesa von Flores, Granaderos 61, Flores, Stadt Buenos Aires. Mo-Fr 9-20, Sa 9-13 Uhr. 4.5.-4.6.<\/li>\n<li>Amadeo Azar, \u201eCordialidad y otras formas de confort\u201c, Aquarelle und Objekte. Nora Fisch Arte Contempor\u00e1neo, G\u00fcemes 2967, PB (Erdgeschoss). 4.5.-5.6.<\/li>\n<li>Alejandra Padilla, \u201eReformas\u201c, Collagen und Fotos. Galer\u00eda Rubbers Internacional, Av. Alvear 1595. Mo-Fr 11-20, Sa 11-13.30 Uhr. 5.5.-29.5.<\/li>\n<li>Mart\u00edn Pelenur, Werke auf Papier. Galer\u00eda van Riel, Juncal 790, PB (Erdgeschoss). Mo-Fr 15-20 Uhr. 6.5.-28.5.<\/li>\n<li>\u201eLibros de Artista x el Bicentenario\u201c (K\u00fcnstlerb\u00fccher im Bicentenario), Werke von Alejandra Bocquel, Alonso Barros Pe\u00f1a, Ana Tarsia, Carlos Filom\u00eda, Catalina Chervin, Cristina Coroleu, Edith Matzen Hirsch, Estela Pereda, Gabriela Aberastury, Graciela Borthwick, Graciela Marotta, Griselda Trotti, Hilda Paz, Jorge Santiago Perednik, Juliano Borobio, Marita Guimpel, Milo Lockett, M\u00f3nica Goldstein, N\u00e9stor Tellechea, Nora Garc\u00eda, Norberto Jos\u00e9 Mart\u00ednez, Olga Autunno, Pedro Roth, Ram\u00f3n Garc\u00eda, Rodolfo Ag\u00fcero, Rub\u00e9n Echague. Arcimboldo Galer\u00eda de Arte, Reconquista 761, PA (Hochgeschoss) \u201e14\u201c. Mo-Fr 15-19, Sa 11-13 Uhr. 11.5.-29.5.<\/li>\n<li>Josefina Robirosa, \u201ePuro aire\u201c, Gem\u00e4lde 2006-2010. Galer\u00eda Vasari, Esmeralda 1357. Mo-Fr 11-20 Uhr. 12.5.-11.6.<\/li>\n<li>\u201eSaber de qu\u00e9 se trata\u201c (Wissen, worum es geht). Anl\u00e4sslich des Bicentenario werden Lithos gezeigt, auf denen die Berufe zur Zeit der Mai-Revolution dargestellt sind. Au\u00dferdem: Performance von Esilda Viale (Vitrine), und Interventionen von In\u00e9s Iticovici und In\u00e9s Temperley (B\u00e4der). Pasaje 17 Espacio de Arte, Bartolom\u00e9 Mitre 1559. Mo-Fr 11-19 Uhr. 12.5.-3.6.<\/li>\n<li>Alberto Morales, \u201eHorizontes\u201c, an Aufenthalten in der Antarktis inspirierte Gem\u00e4lde und Fotografien. Laguanacazul Galer\u00eda de Arte, Defensa 677 (Ecke Chile). Mo-So 10-19 Uhr. 13.5.-6.6.<\/li>\n<li>Pedro Molina, \u201eCaudillos\u201c, Gem\u00e4lde und Graphiken. Au\u00dferdem: Intervention\/Installation der K\u00fcnstlergruppe Chauchas. Consejo Federal de Inversiones (CFI), Salas Federales, San Mart\u00edn 857. Mo-Fr 12-19 Uhr. 13.5.-4.6.<\/li>\n<li>Javier Barrio, \u201eHallazgo de un Glyptodon clavipes\u201c, Intervention im \u00f6ffentlichen Raum.Im Rahmen des Zyklus \u201eAustrocedrus &#8211; Arte Contempor\u00e1neo a Cielo Abierto\u201c, organisiert von Lorraine Green, Mercedes Schamber, Ruth Viegener und Lucrecia Urbano. Info <a href=\"http:\/\/www.austrocedrusartebariloche.blogspot.com\/\"><em>hier<\/em><\/a>. Paseo de las Colectividades, Moreno zwischen Beschedt und Palacios, Bariloche, Provinz R\u00edo Negro, Patagonien. Seit 13.5.<\/li>\n<li>Mar\u00eda Elvira Briatore, \u201eEquilibrios\u201c, Gem\u00e4lde. Galer\u00eda Thames, Thames 1776, Palermo. Mo-Fr 14-20, Sa 15-20 Uhr. 13.5.-1.6.<\/li>\n<li>Diana Chorne, \u201eLo Indecible II\u201c, Gem\u00e4lde und Skulpturen. Eingangshalle und Galerie. \/ Eugenio Ram\u00edrez, \u201eM\u00e1s que realismo\u201c, Fotografien. \u201eTemporaria\u201c-Saal. \/ Mayd\u00e9e Arig\u00f3s, \u201eEntretelones\u201c, Gem\u00e4lde. Saal C. Museo S\u00edvori, Av. Infanta Isabel 555, gegen\u00fcber der Br\u00fccke zum Rosengarten von Palermo. Di-Fr 12-20, Sa, So und feiertags 10-20 Uhr. Eintritt 1 Peso. Mi und Sa gratis. 15.5.-13.6.<\/li>\n<li>Cecilia Borghi, \u201eJard\u00edn\u201c, Zeichnungen, Collagen und Gem\u00e4lde. Almac\u00e9n Secreto Club de Artistas, Aguirre 1242, Villa Crespo, Stadt Buenos Aires. 15.5.-10.6.<\/li>\n<li>Gabriel Barna. Agalma Arte, Libertad 1389. Seit 18.5.<\/li>\n<li>Marcos L\u00f3pez, \u201eVuelo de cabotaje\u201c, Fotos. Retrospektive. Kurator: Fernando Farina. Organisiert vom Kultursekretariat der Provinz Buenos Aires. Museo Provincial de Bellas Artes, Avenida 51 N\u00ba 525, La Plata, Provinz Buenos Aires. Di-Fr 10-19, Sa und So 16-19 Uhr. 18.5.-20.6.<\/li>\n<li>\u201eBicentenario, arte argentino en la Provincia\u201c (Bicentenario, argentinische Kunst in der Provinz). Gem\u00e4lde und Skulpturen von Carlos Morel, Prilidiano Pueyrred\u00f3n, Jos\u00e9 Le\u00f3n Palliere, Eduardo S\u00edvori, Rogelio Yrurtia, P\u00edo Collivadino, Fernando Fader, Emilio Pettoruti, Xul Solar, Antonio Berni, Lino Spilimbergo, Ra\u00fal Soldi, Benito Quinquela Mart\u00edn, Lucio Fontana, Carlos Alonso, Roberto Aizemberg, Carmelo Arden Quin, Ra\u00fal Lozza, Luis Tomasello u.a. Die Werke stammen aus verschiedenen Sammlungen der Provinz Buenos Aires, so dem \u201eComplejo Museogr\u00e1fico Enrique Udaondo\u201c, dem \u201eMuseo Provincial de Bellas Artes Emilio Pettoruti\u201c, dem \u201eMuseo de Arte Contempor\u00e1neo de La Plata\u201c, dem \u201eMuseo Municipal de Bellas Artes\u201c und dem \u201eMuseo y Archivo de la Memoria\u201c. Teatro Argentino de La Plata, Pettoruti-Saal und Foyers vom 1. bis 3. Stock, Avenida 51 entre 9 y 10, La Plata, Provinz Buenos Aires. Di-Sa 10-19, So 14-19 Uhr. 19.5.-30.6.<\/li>\n<li>Francisco Ayerza (1860-1901), \u201eEscenas del campo argentino\u201c, Sammlung von Originalfotografien, mit denen Ayerza um 1885 das argentinische Gaucho-Epos \u201eMart\u00edn Fierro\u201c illustrieren wollte. Kuratoren: Cecilia Cavanagh und Aldo Sessa. \u201ePabell\u00f3n de las Bellas Artes\u201c der Katholischen Universit\u00e4t UCA, Alicia M. de Justo 1300, PB (Erdgeschoss). Mo-Sa 11-19 Uhr. Eintritt frei. 19.5.-12.6.<\/li>\n<li>Laura Messing, \u201eBosques\u201c (W\u00e4lder), Gem\u00e4lde. Galer\u00eda Isidro Miranda, Estados Unidos 726, San Telmo. Mo-Fr 12-19 Uhr. 19.5.-17.6.<\/li>\n<li>\u201eLa Patria dibujada\u201c &#8211; Comics zum Bicentenario. Palais de Glace, Posadas 1725. Di-Fr 12-20, Sa und So 10-20 Uhr. Eintritt frei. 20.5.-30.5.<\/li>\n<li>\u201eGeometr\u00edas 2\u201c, Werke von Lucila Amatista, Irene Banchero, Marcelo Boullosa, Lorena Faccio, Pilar Ferreira Peltzer, Carlos Trilnick, Roberto Scafidi. RO Galer\u00eda de Arte, Paran\u00e1 1158. Seit 20.5.<\/li>\n<li>\u201ePremio Ita\u00fa Cultural\u201c, 1. Ausgabe. Espacio Ita\u00fa Cultural, Cerrito Ecke Viamonte. Mo-Fr 10-19 Uhr. 20.5.-22.7.<\/li>\n<li>Fabio Kacero. \/ Valentina Liernur, \u201eFiebre\u201c. Ruth Benzacar, Florida 1000. Mo-Fr 11.30-20 Uhr. Er\u00f6ffnungen: 26.5., 19 Uhr. Bis 2.7.<\/li>\n<li>Sandro Pereira, \u201eYo en el fondo del mar\u201c. Daniel Abate Galer\u00eda, Pasaje Bollini 2170. Er\u00f6ffnung: 27.5., 19 Uhr.<\/li>\n<li>\u201eProducci\u00f3n limitada &#8211; Obras de colecci\u00f3n\u201c (Limitierte Auflage &#8211; Sammlerst\u00fccke), Werke von Fabiana Barreda, Alberto Bast\u00f3n D\u00edaz, Mart\u00edn Blaszko, Dora Isdatne, Sabrina Farji, Enio Iommi, Duilio Pierri, Pedro Roth, Cristina Tomsig, Andr\u00e9s Waissman, u.a. Galer\u00eda de Arte Laura Haber, Juncal 885. Er\u00f6ffnung: 27.5., 19-22 Uhr.<\/li>\n<li>Pablo Picasso, \u201eLa mirada del deseo\u201c, mehr als 60 kleinformatige Werke auf Papier. Museo de la Universidad Nacional de Tres de Febrero (MUNTREF), Valent\u00edn G\u00f3mez 4838, Caseros. Mo-Sa 11-20 Uhr. Eintritt frei. Er\u00f6ffnung: 28.5., 13 Uhr.<\/li>\n<li>Armando Sapia, Zeichnungen. Museo y Archivo de la Memoria, Calle 54 N\u00ba 487, La Plata, Provinz Buenos Aires. Mo-Fr 14-19, Sa 16-19 Uhr. Eintritt frei. Er\u00f6ffnung: 28.5., 18.30 Uhr.<\/li>\n<li>Zulema Petruschansky, Graphiken. Atica Galer\u00eda de Arte, Libertad 1240, PB (Erdgeschoss) \u201e9\u201c. Mo-Fr 11-13 und 15-19, Sa 11.30-13 Uhr. Er\u00f6ffnung: 1.6., 19 Uhr. Bis 19.6.<\/li>\n<\/ul>\n","protected":false},"excerpt":{"rendered":"<p>Click aqu\u00ed para leer la versi\u00f3n en castellano. Ausstellungskalender 22\/05\/10-29\/05\/10 Von Susanne Franz In La Plata, der Hauptstadt der Provinz Buenos Aires, wurde im sch\u00f6nen &#8220;Teatro Argentino&#8221; die Ausstellung &#8220;Bicentenario, arte argentino en la Provincia&#8221; (Bicentenario, argentinische Kunst in der Provinz) er\u00f6ffnet. Hier sind Gem\u00e4lde und Skulpturen der bedeutendsten Vertreter der argentinischen Bildenden K\u00fcnste der [&hellip;]<\/p>\n","protected":false},"author":1,"featured_media":0,"comment_status":"open","ping_status":"open","sticky":false,"template":"","format":"standard","meta":{"footnotes":""},"categories":[3],"tags":[],"class_list":["post-2331","post","type-post","status-publish","format-standard","hentry","category-kalender-agenda"],"_links":{"self":[{"href":"https:\/\/kunstinargentinien.com\/index.php\/wp-json\/wp\/v2\/posts\/2331","targetHints":{"allow":["GET"]}}],"collection":[{"href":"https:\/\/kunstinargentinien.com\/index.php\/wp-json\/wp\/v2\/posts"}],"about":[{"href":"https:\/\/kunstinargentinien.com\/index.php\/wp-json\/wp\/v2\/types\/post"}],"author":[{"embeddable":true,"href":"https:\/\/kunstinargentinien.com\/index.php\/wp-json\/wp\/v2\/users\/1"}],"replies":[{"embeddable":true,"href":"https:\/\/kunstinargentinien.com\/index.php\/wp-json\/wp\/v2\/comments?post=2331"}],"version-history":[{"count":0,"href":"https:\/\/kunstinargentinien.com\/index.php\/wp-json\/wp\/v2\/posts\/2331\/revisions"}],"wp:attachment":[{"href":"https:\/\/kunstinargentinien.com\/index.php\/wp-json\/wp\/v2\/media?parent=2331"}],"wp:term":[{"taxonomy":"category","embeddable":true,"href":"https:\/\/kunstinargentinien.com\/index.php\/wp-json\/wp\/v2\/categories?post=2331"},{"taxonomy":"post_tag","embeddable":true,"href":"https:\/\/kunstinargentinien.com\/index.php\/wp-json\/wp\/v2\/tags?post=2331"}],"curies":[{"name":"wp","href":"https:\/\/api.w.org\/{rel}","templated":true}]}}