{"id":23391,"date":"2016-05-12T17:40:19","date_gmt":"2016-05-12T20:40:19","guid":{"rendered":"http:\/\/kunstinargentinien.com\/?p=23391"},"modified":"2016-05-15T17:41:54","modified_gmt":"2016-05-15T20:41:54","slug":"jugendlicher-mega-event","status":"publish","type":"post","link":"https:\/\/kunstinargentinien.com\/index.php\/2016\/05\/12\/jugendlicher-mega-event\/","title":{"rendered":"Jugendlicher Mega-Event"},"content":{"rendered":"<p><strong>Die Buchmesse von Buenos Aires verzeichnet erneut Besucherrekord<\/p>\n<p><em>Von Julia Kornberg<\/em><\/strong><\/p>\n<p><a href=\"http:\/\/kunstinargentinien.com\/wp-content\/uploads\/2016\/05\/booktubers-va.jpg\"><img loading=\"lazy\" decoding=\"async\" src=\"http:\/\/kunstinargentinien.com\/wp-content\/uploads\/2016\/05\/booktubers-va.jpg\" alt=\"booktubers-va\" width=\"500\" height=\"333\" class=\"aligncenter size-full wp-image-23395\" srcset=\"https:\/\/kunstinargentinien.com\/wp-content\/uploads\/2016\/05\/booktubers-va.jpg 500w, https:\/\/kunstinargentinien.com\/wp-content\/uploads\/2016\/05\/booktubers-va-300x200.jpg 300w\" sizes=\"auto, (max-width: 500px) 100vw, 500px\" \/><\/a><br \/>\nDie 42. Buchmesse von Buenos Aires oder &#8220;Feria del Libro Internacional&#8221; \u00fcbertraf auch dieses Jahr die Erwartungen des Veranstalters und hatte von ihrer Er\u00f6ffnung am 21. April bis zum Schlusstag am 9. Mai etwa 1.2 Millionen Besucher. Im Rahmen des Mega-Events boten 571 Aussteller \u00fcber 1500 Veranstaltungen an, zu Gast waren 1623 argentinische Schriftsteller und 138 ausl\u00e4ndische Autoren.<\/p>\n<p>Unter anderen Pers\u00f6nlichkeiten signierten Soy Germ\u00e1n, Rick Yancey, Quino, Sophie Jord\u00e1n, Ricardo Bochini, Dross, Milo Lockett, Tiffany Calligaris und Gabriel Rol\u00f3n ihre B\u00fccher und trafen ihre Fans. Gr\u00f6\u00dfere Stars wie Nobelpreistr\u00e4ger Mario Vargas Llosa oder Kinderfilmstar Soy Luna waren auch dabei.<\/p>\n<p>Das Massenph\u00e4nomen Buchmesse fand dieses Jahr vor allem bei Jugendlichen gro\u00dfen Anklang &#8211; am Booktubers-Meeting (Foto) nahmen beispielsweise 1000 junge Menschen teil, und &#8220;Young-Adult&#8221;-Fiktionen wie &#8220;The Fifth Wave&#8221; von Rick Yancey waren absolute Bestseller.<\/p>\n<p>N\u00e4chster Stopp ist Los Angeles, Kaliforniien &#8211; die Gaststadt f\u00fcr die internationale Buchmesse 2017.<\/p>\n","protected":false},"excerpt":{"rendered":"<p>Die Buchmesse von Buenos Aires verzeichnet erneut Besucherrekord Von Julia Kornberg Die 42. Buchmesse von Buenos Aires oder &#8220;Feria del Libro Internacional&#8221; \u00fcbertraf auch dieses Jahr die Erwartungen des Veranstalters und hatte von ihrer Er\u00f6ffnung am 21. April bis zum Schlusstag am 9. Mai etwa 1.2 Millionen Besucher. Im Rahmen des Mega-Events boten 571 Aussteller [&hellip;]<\/p>\n","protected":false},"author":1,"featured_media":0,"comment_status":"open","ping_status":"open","sticky":false,"template":"","format":"standard","meta":{"footnotes":""},"categories":[14,20],"tags":[],"class_list":["post-23391","post","type-post","status-publish","format-standard","hentry","category-gesellschaft-sociedad","category-literatur-literatura"],"_links":{"self":[{"href":"https:\/\/kunstinargentinien.com\/index.php\/wp-json\/wp\/v2\/posts\/23391","targetHints":{"allow":["GET"]}}],"collection":[{"href":"https:\/\/kunstinargentinien.com\/index.php\/wp-json\/wp\/v2\/posts"}],"about":[{"href":"https:\/\/kunstinargentinien.com\/index.php\/wp-json\/wp\/v2\/types\/post"}],"author":[{"embeddable":true,"href":"https:\/\/kunstinargentinien.com\/index.php\/wp-json\/wp\/v2\/users\/1"}],"replies":[{"embeddable":true,"href":"https:\/\/kunstinargentinien.com\/index.php\/wp-json\/wp\/v2\/comments?post=23391"}],"version-history":[{"count":4,"href":"https:\/\/kunstinargentinien.com\/index.php\/wp-json\/wp\/v2\/posts\/23391\/revisions"}],"predecessor-version":[{"id":23396,"href":"https:\/\/kunstinargentinien.com\/index.php\/wp-json\/wp\/v2\/posts\/23391\/revisions\/23396"}],"wp:attachment":[{"href":"https:\/\/kunstinargentinien.com\/index.php\/wp-json\/wp\/v2\/media?parent=23391"}],"wp:term":[{"taxonomy":"category","embeddable":true,"href":"https:\/\/kunstinargentinien.com\/index.php\/wp-json\/wp\/v2\/categories?post=23391"},{"taxonomy":"post_tag","embeddable":true,"href":"https:\/\/kunstinargentinien.com\/index.php\/wp-json\/wp\/v2\/tags?post=23391"}],"curies":[{"name":"wp","href":"https:\/\/api.w.org\/{rel}","templated":true}]}}