{"id":23440,"date":"2016-06-05T12:25:19","date_gmt":"2016-06-05T15:25:19","guid":{"rendered":"http:\/\/kunstinargentinien.com\/?p=23440"},"modified":"2016-07-15T16:37:25","modified_gmt":"2016-07-15T19:37:25","slug":"sasha-waltz-guests-dido-y-eneas-en-el-teatro-colon","status":"publish","type":"post","link":"https:\/\/kunstinargentinien.com\/index.php\/2016\/06\/05\/sasha-waltz-guests-dido-y-eneas-en-el-teatro-colon\/","title":{"rendered":"Sasha Waltz &#038; Guests: Dido y Eneas en el Teatro Col\u00f3n"},"content":{"rendered":"<p><strong>Sasha Waltz &#038; Guests: Dido y Eneas en el Teatro Col\u00f3n<\/strong><\/p>\n<p><a href=\"http:\/\/kunstinargentinien.com\/wp-content\/uploads\/2016\/06\/image007.jpg\"><img loading=\"lazy\" decoding=\"async\" src=\"http:\/\/kunstinargentinien.com\/wp-content\/uploads\/2016\/06\/image007.jpg\" alt=\"image007\" width=\"495\" height=\"225\" class=\"aligncenter size-full wp-image-23444\" srcset=\"https:\/\/kunstinargentinien.com\/wp-content\/uploads\/2016\/06\/image007.jpg 495w, https:\/\/kunstinargentinien.com\/wp-content\/uploads\/2016\/06\/image007-300x136.jpg 300w\" sizes=\"auto, (max-width: 495px) 100vw, 495px\" \/><\/a><br \/>\nEl Barroco vuelve a la temporada l\u00edrica del Col\u00f3n con uno de sus referentes m\u00e1s logrados. Con Dido y Eneas, Henry Purcell sienta las bases de la \u00f3pera inglesa abrevando en una de las m\u00e1s apasionantes historias de la Antig\u00fcedad. La visi\u00f3n magistral de la core\u00f3grafa alemana Sasha Waltz extrae de la partitura toda su actualidad y goza de buena salud: es un trabajo radicalmente libre.<\/p>\n<p>La opera coreogr\u00e1fica se podr\u00e1 ver en la Sala Principal del Teatro Col\u00f3n, Cerrito 628. los d\u00edas 7, 8, 10 y 11 de junio a las 20 horas, y el domingo 12 de junio a las 17 horas.<\/p>\n<p>La producci\u00f3n de Sasha Waltz &#038; Guests est\u00e1 presentada en Buenos Aires por el Teatro Col\u00f3n con el apoyo del <a href=\"http:\/\/www.goethe.de\/ins\/ar\/es\/bue.html?wt_sc=buenosaires\">Goethe-Institut<\/a> y de la Embajada de la Rep\u00fablica Federal de Alemania.<\/p>\n<p>Localidades <a href=\"http:\/\/teatrocolon.org.ar\/\"><em>aqu\u00ed<\/em><\/a>.<\/p>\n","protected":false},"excerpt":{"rendered":"<p>Sasha Waltz &#038; Guests: Dido y Eneas en el Teatro Col\u00f3n El Barroco vuelve a la temporada l\u00edrica del Col\u00f3n con uno de sus referentes m\u00e1s logrados. Con Dido y Eneas, Henry Purcell sienta las bases de la \u00f3pera inglesa abrevando en una de las m\u00e1s apasionantes historias de la Antig\u00fcedad. La visi\u00f3n magistral de [&hellip;]<\/p>\n","protected":false},"author":1,"featured_media":0,"comment_status":"open","ping_status":"open","sticky":false,"template":"","format":"standard","meta":{"footnotes":""},"categories":[19,17,4],"tags":[],"class_list":["post-23440","post","type-post","status-publish","format-standard","hentry","category-musik-musica","category-theater-teatro","category-tipp-der-woche-recomendacion-de-la-semana"],"_links":{"self":[{"href":"https:\/\/kunstinargentinien.com\/index.php\/wp-json\/wp\/v2\/posts\/23440","targetHints":{"allow":["GET"]}}],"collection":[{"href":"https:\/\/kunstinargentinien.com\/index.php\/wp-json\/wp\/v2\/posts"}],"about":[{"href":"https:\/\/kunstinargentinien.com\/index.php\/wp-json\/wp\/v2\/types\/post"}],"author":[{"embeddable":true,"href":"https:\/\/kunstinargentinien.com\/index.php\/wp-json\/wp\/v2\/users\/1"}],"replies":[{"embeddable":true,"href":"https:\/\/kunstinargentinien.com\/index.php\/wp-json\/wp\/v2\/comments?post=23440"}],"version-history":[{"count":13,"href":"https:\/\/kunstinargentinien.com\/index.php\/wp-json\/wp\/v2\/posts\/23440\/revisions"}],"predecessor-version":[{"id":23499,"href":"https:\/\/kunstinargentinien.com\/index.php\/wp-json\/wp\/v2\/posts\/23440\/revisions\/23499"}],"wp:attachment":[{"href":"https:\/\/kunstinargentinien.com\/index.php\/wp-json\/wp\/v2\/media?parent=23440"}],"wp:term":[{"taxonomy":"category","embeddable":true,"href":"https:\/\/kunstinargentinien.com\/index.php\/wp-json\/wp\/v2\/categories?post=23440"},{"taxonomy":"post_tag","embeddable":true,"href":"https:\/\/kunstinargentinien.com\/index.php\/wp-json\/wp\/v2\/tags?post=23440"}],"curies":[{"name":"wp","href":"https:\/\/api.w.org\/{rel}","templated":true}]}}