{"id":2350,"date":"2010-05-11T13:13:39","date_gmt":"2010-05-11T16:13:39","guid":{"rendered":"http:\/\/kunstinargentinien.com\/?p=2350"},"modified":"2010-07-12T17:40:33","modified_gmt":"2010-07-12T20:40:33","slug":"auf-entdeckungstour-in-buenos-aires-2","status":"publish","type":"post","link":"https:\/\/kunstinargentinien.com\/index.php\/2010\/05\/11\/auf-entdeckungstour-in-buenos-aires-2\/","title":{"rendered":"Sandra Henoch bei &#8220;Kunst in Argentinien&#8221;"},"content":{"rendered":"<p><strong>Spuren der Geschichte mit Ereignissen der Gegenwart vereinen<br \/>\n<\/strong><br \/>\n<a href=\"http:\/\/kunstinargentinien.com\/wp-content\/uploads\/2010\/06\/Sandra3.jpg\"><img loading=\"lazy\" decoding=\"async\" src=\"http:\/\/kunstinargentinien.com\/wp-content\/uploads\/2010\/06\/Sandra3.jpg\" alt=\"\" title=\"Sandra3\" width=\"250\" height=\"134\" class=\"alignnone size-full wp-image-2351\" align=left hspace=5 \/><\/a>Ich hei\u00dfe Sandra Henoch und komme eigentlich aus M\u00fcnchen. Nachdem ich Politikwissenschaften studierte, hat es mich in die gro\u00dfe, weite Welt verschlagen.<\/p>\n<p>F\u00fcr jeden Kunstliebhaber ist Buenos Aires mit seinen Museen und Galerien eine Attraktion. Ich m\u00f6chte vor allem Spuren der Geschichte mit Ereignissen der Gegenwart vereinen und einen Blick auf die Kunst werfen, die Gesellschaft formt und ver\u00e4ndert.  Dabei besch\u00e4ftigt mich politisches und soziales im Besonderen.<\/p>\n<p>Und nat\u00fcrlich d\u00fcrfen auch die Details und Feinheiten nicht fehlen, die die Museen, Galerien und Konzerte hier zu bieten haben. Entdecken wir zusammen diese lebendige Metropole und ihre einzigartigen Kunstsch\u00e4tze! <\/p>\n","protected":false},"excerpt":{"rendered":"<p>Spuren der Geschichte mit Ereignissen der Gegenwart vereinen Ich hei\u00dfe Sandra Henoch und komme eigentlich aus M\u00fcnchen. Nachdem ich Politikwissenschaften studierte, hat es mich in die gro\u00dfe, weite Welt verschlagen. F\u00fcr jeden Kunstliebhaber ist Buenos Aires mit seinen Museen und Galerien eine Attraktion. Ich m\u00f6chte vor allem Spuren der Geschichte mit Ereignissen der Gegenwart vereinen [&hellip;]<\/p>\n","protected":false},"author":1,"featured_media":0,"comment_status":"open","ping_status":"open","sticky":false,"template":"","format":"standard","meta":{"footnotes":""},"categories":[1,12],"tags":[],"class_list":["post-2350","post","type-post","status-publish","format-standard","hentry","category-allgemein-general","category-mitarbeiter-colaboradores"],"_links":{"self":[{"href":"https:\/\/kunstinargentinien.com\/index.php\/wp-json\/wp\/v2\/posts\/2350","targetHints":{"allow":["GET"]}}],"collection":[{"href":"https:\/\/kunstinargentinien.com\/index.php\/wp-json\/wp\/v2\/posts"}],"about":[{"href":"https:\/\/kunstinargentinien.com\/index.php\/wp-json\/wp\/v2\/types\/post"}],"author":[{"embeddable":true,"href":"https:\/\/kunstinargentinien.com\/index.php\/wp-json\/wp\/v2\/users\/1"}],"replies":[{"embeddable":true,"href":"https:\/\/kunstinargentinien.com\/index.php\/wp-json\/wp\/v2\/comments?post=2350"}],"version-history":[{"count":13,"href":"https:\/\/kunstinargentinien.com\/index.php\/wp-json\/wp\/v2\/posts\/2350\/revisions"}],"predecessor-version":[{"id":2633,"href":"https:\/\/kunstinargentinien.com\/index.php\/wp-json\/wp\/v2\/posts\/2350\/revisions\/2633"}],"wp:attachment":[{"href":"https:\/\/kunstinargentinien.com\/index.php\/wp-json\/wp\/v2\/media?parent=2350"}],"wp:term":[{"taxonomy":"category","embeddable":true,"href":"https:\/\/kunstinargentinien.com\/index.php\/wp-json\/wp\/v2\/categories?post=2350"},{"taxonomy":"post_tag","embeddable":true,"href":"https:\/\/kunstinargentinien.com\/index.php\/wp-json\/wp\/v2\/tags?post=2350"}],"curies":[{"name":"wp","href":"https:\/\/api.w.org\/{rel}","templated":true}]}}