{"id":237,"date":"2005-12-18T19:45:55","date_gmt":"2005-12-18T22:45:55","guid":{"rendered":"http:\/\/kunstinargentinien.com\/index.php\/2005\/12\/18\/interaktiver-mais\/"},"modified":"2016-10-15T13:12:46","modified_gmt":"2016-10-15T16:12:46","slug":"interaktiver-mais","status":"publish","type":"post","link":"https:\/\/kunstinargentinien.com\/index.php\/2005\/12\/18\/interaktiver-mais\/","title":{"rendered":"Interaktiver Mais"},"content":{"rendered":"<p><a href=\"http:\/\/kunstinargentinien.com\/index.php\/2005\/12\/18\/el-choclo-interactivo\/\">Click aqu\u00ed para leer la versi\u00f3n en castellano.<\/a><\/p>\n<p><strong>&#8220;El choclo interactivo&#8221; &#8211; eine Intervention von Mart\u00edn Bonadeo an der &#8220;Galer\u00eda del Poste&#8221; des <a href=\"http:\/\/www.rojas.uba.ar\/\">Centro Cultural Rojas<\/a><\/strong><\/p>\n<p><em><strong>Von Susanne Franz<\/strong><\/em><\/p>\n<p><img decoding=\"async\" src=\"http:\/\/kunstinargentinien.com\/wp-content\/uploads\/POSTE.jpg\" alt=\"\" \/><br \/>\n<em>Tauben in &#8220;Interaktion&#8221; mit dem Werk Mart\u00edn Bonadeos.<\/em><\/p>\n<p>&#8220;Nach welchen \u00e4sthetischen Kriterien geht eine Taube, die auf dem Sims eines neoklassizistischen Hauses nistet, vor, wenn sie ihre Nahrungsmittel ausw\u00e4hlt?&#8221; Diese Frage hat der argentinische K\u00fcnstler <a href=\"http:\/\/www.martinbonadeo.com.ar\/\">Mart\u00edn Bonadeo<\/a> zum Ausgangspunkt seiner Intervention &#8220;El choclo interactivo&#8221; (Interaktiver Mais) gemacht, die seit dem 2. Dezember in der &#8220;Galer\u00eda del Poste&#8221; des Centro Cultural Rojas zu sehen ist (noch bis zum 23. Dezember).<\/p>\n<p>Die &#8220;Galer\u00eda del Poste&#8221; ist ein Laternenpfahl drau\u00dfen auf der Stra\u00dfe vor dem Kulturzentrum Ricardo Rojas auf der Avenida Corrientes 2038. Die Idee, an diesem ungew\u00f6hnlichen Ort Kunstaktionen durchzuf\u00fchren, stammt von der K\u00fcnstlerin Lucrecia Urbano, die auch die mitwirkenden K\u00fcnstlerkollegen einl\u00e4dt, Interventionen des Laternenpfahls vorzunehmen (vor Mart\u00edn Bonadeo waren es bisher Mauro Giaconi, Mariela Yeregui, Uschi Gr\u00f6ppel und Lorraine Green). Das Projekt f\u00fchrt Lucrecia Urbano in Zusammenarbeit mit der Kuratorin des Centro Cultural Rojas, Eva Grinstein, durch, und mit der offiziellen Erlaubnis des f\u00fcr die Beleuchtung zust\u00e4ndigen st\u00e4dtischen Generalsekretariats (&#8220;Direcci\u00f3n General de Alumbrado P\u00fablico del Gobierno de la Ciudad de Buenos Aires&#8221;). Warum diese originelle Idee entstanden ist (f\u00fcr die Urbano Anregung bei einer \u00e4hnlichen Aktion in Rio de Janeiro fand)? Weil ihr und Grinstein die Umbauarbeiten der Galerie im Inneren des Kulturzentrums Rojas zu lange dauerten und sie etwas in Bewegung bringen wollten.<\/p>\n<p>Bewegung ist in den letzten Wochen vor allem in die Tauben-Bev\u00f6lkerung des Stadtteils gekommen. Mart\u00edn Bonadeo ist schon vor Beginn seiner Intervention einige Tage lang immer zur gleichen Zeit mit Mais zum Centro Cultural Rojas gefahren, um die Tauben durch regelm\u00e4\u00dfiges Futter-Angebot auf das Kommende vorzubereiten. Erst z\u00f6gerten diese etwas, da ein Herr an der anderen Stra\u00dfenecke schon seit viel l\u00e4ngerem eine zuverl\u00e4ssige Futterquelle bot, aber dann kamen sie doch.<\/p>\n<p>Bonadeo verkleidete dann den Laternenpfahl, bzw. die &#8220;Galer\u00eda del Poste&#8221;, vom Boden bis in eine H\u00f6he von etwa zwei Metern mit Maiskolben verschiedener Arten und Qualit\u00e4ten. Bislang konnte er einige interessante Beobachtungen machen: Die Tauben ziehen perfekte (also genetisch manipulierte) Maiskolben denjenigen vor, die kleine Unebenheiten oder Unsauberkeiten aufweisen, ebenso wie die Menschen, die oft in der Nacht kommen und Maiskolben vom Laternenpfahl stehlen (so dass das Mais-Angebot ab und zu erneuert werden muss). Au\u00dferdem picken sie nicht etwa hier und da, sondern fressen den Kolben fein s\u00e4uberlich ab, den sie begonnen haben.<\/p>\n<p>Bleibt die Frage, ob die fliegende Bev\u00f6lkerung nach Ende der Intervention weitere Laternenpf\u00e4hle in ihrer Umgebung nach einem eventuellen maisfarbenen Pixelfeld absuchen wird. \u00dcber die \u00e4sthetischen Kriterien der Tauben konnten bislang n\u00e4mlich noch keine nennenswerten wissenschaftlichen Erkenntnisse gewonnen werden.<\/p>\n<p><em>(Mart\u00edn Bonadeo, &#8220;El choclo interactivo&#8221;. &#8220;Galer\u00eda del Poste&#8221; des Centro Cultural Rojas, Av. Corrientes 2038. Bis Freitag, 23. Dezember.)<\/em><\/p>\n","protected":false},"excerpt":{"rendered":"<p>Click aqu\u00ed para leer la versi\u00f3n en castellano. &#8220;El choclo interactivo&#8221; &#8211; eine Intervention von Mart\u00edn Bonadeo an der &#8220;Galer\u00eda del Poste&#8221; des Centro Cultural Rojas Von Susanne Franz Tauben in &#8220;Interaktion&#8221; mit dem Werk Mart\u00edn Bonadeos. &#8220;Nach welchen \u00e4sthetischen Kriterien geht eine Taube, die auf dem Sims eines neoklassizistischen Hauses nistet, vor, wenn sie [&hellip;]<\/p>\n","protected":false},"author":1,"featured_media":0,"comment_status":"open","ping_status":"open","sticky":false,"template":"","format":"standard","meta":{"footnotes":""},"categories":[2,4,25],"tags":[],"class_list":["post-237","post","type-post","status-publish","format-standard","hentry","category-kunstler-artistas","category-tipp-der-woche-recomendacion-de-la-semana","category-top-20"],"_links":{"self":[{"href":"https:\/\/kunstinargentinien.com\/index.php\/wp-json\/wp\/v2\/posts\/237","targetHints":{"allow":["GET"]}}],"collection":[{"href":"https:\/\/kunstinargentinien.com\/index.php\/wp-json\/wp\/v2\/posts"}],"about":[{"href":"https:\/\/kunstinargentinien.com\/index.php\/wp-json\/wp\/v2\/types\/post"}],"author":[{"embeddable":true,"href":"https:\/\/kunstinargentinien.com\/index.php\/wp-json\/wp\/v2\/users\/1"}],"replies":[{"embeddable":true,"href":"https:\/\/kunstinargentinien.com\/index.php\/wp-json\/wp\/v2\/comments?post=237"}],"version-history":[{"count":2,"href":"https:\/\/kunstinargentinien.com\/index.php\/wp-json\/wp\/v2\/posts\/237\/revisions"}],"predecessor-version":[{"id":24136,"href":"https:\/\/kunstinargentinien.com\/index.php\/wp-json\/wp\/v2\/posts\/237\/revisions\/24136"}],"wp:attachment":[{"href":"https:\/\/kunstinargentinien.com\/index.php\/wp-json\/wp\/v2\/media?parent=237"}],"wp:term":[{"taxonomy":"category","embeddable":true,"href":"https:\/\/kunstinargentinien.com\/index.php\/wp-json\/wp\/v2\/categories?post=237"},{"taxonomy":"post_tag","embeddable":true,"href":"https:\/\/kunstinargentinien.com\/index.php\/wp-json\/wp\/v2\/tags?post=237"}],"curies":[{"name":"wp","href":"https:\/\/api.w.org\/{rel}","templated":true}]}}