{"id":238,"date":"2005-12-18T18:54:56","date_gmt":"2005-12-18T21:54:56","guid":{"rendered":"http:\/\/kunstinargentinien.com\/index.php\/2005\/12\/18\/el-choclo-interactivo\/"},"modified":"2016-10-15T13:13:21","modified_gmt":"2016-10-15T16:13:21","slug":"el-choclo-interactivo","status":"publish","type":"post","link":"https:\/\/kunstinargentinien.com\/index.php\/2005\/12\/18\/el-choclo-interactivo\/","title":{"rendered":"&#8220;El choclo interactivo&#8221;"},"content":{"rendered":"<p><a href=\"http:\/\/kunstinargentinien.com\/index.php\/2005\/12\/18\/interaktiver-mais\/\">Klicken Sie hier, um die deutsche Version zu lesen.<\/a><\/p>\n<p><strong>&#8220;El choclo interactivo&#8221; &#8211; una intervenci\u00f3n de Mart\u00edn Bonadeo en la &#8220;Galer\u00eda del Poste&#8221; del <a href=\"http:\/\/www.rojas.uba.ar\/\">Centro Cultural Rojas<\/a><\/strong><\/p>\n<p><em><strong>Por Susanne Franz<\/strong><\/em><\/p>\n<p><img decoding=\"async\" src=\"http:\/\/kunstinargentinien.com\/wp-content\/uploads\/POSTE.jpg\" alt=\"\" \/><br \/>\n<em>Palomas &#8220;interactuando&#8221; con la obra de Mart\u00edn Bonadeo.<\/em><\/p>\n<p>&#8220;\u00bfQu\u00e9 criterios est\u00e9ticos utiliza una paloma que anida en la cornisa de un edificio neocl\u00e1sico a la hora de alimentarse?&#8221; Esa pregunta fue el punto de partida de la intervenci\u00f3n &#8220;El choclo interactivo&#8221; del artista argentino  <a href=\"http:\/\/www.martinbonadeo.com.ar\/\">Mart\u00edn Bonadeo<\/a>, que se puede ver desde el 2 de diciembre (y hasta el 23) en la  &#8220;Galer\u00eda del Poste&#8221; del Centro Cultural Rojas.<\/p>\n<p>La &#8220;Galer\u00eda del Poste&#8221; es un poste de luz com\u00fan y corriente en la vereda del Centro Cultural Ricardo Rojas, Avenida Corrientes 2038, Buenos Aires. Fue la artista Lucrecia Urbano quien tuvo la idea de organizar eventos art\u00edsticos en ese lugar poco usual, y es ella la que invita a otros artistas a participar e intervenir el espacio (antes de Mart\u00edn Bonadeo fueron Mauro Giaconi, Mariela Yeregui, Uschi Gr\u00f6ppel y Lorraine Green los que hicieron acciones alrededor del &#8220;Poste&#8221;). Urbano lleva a cabo el proyecto junto con Eva Grinstein, la curadora del Espacio de Arte del Centro Cultural Rojas. Cuentan con un permiso oficial de la &#8220;Direcci\u00f3n General de Alumbrado P\u00fablico del Gobierno de la Ciudad de Buenos Aires&#8221;. La idea original \u2014estimulada por una acci\u00f3n parecida que vio Lucrecia Urbano en Rio de Janeiro\u2014  cobr\u00f3 vida porque se hicieron muy largas las refacciones de la Galer\u00eda de Arte en el interior del Rojas, y Grinstein y Urbano quisieron poner algo en movimiento.<\/p>\n<p>Hay bastante movimiento \u00faltimamente en la poblaci\u00f3n de palomas de la zona. Ya antes de empezar con su intervenci\u00f3n, Mart\u00edn Bonadeo fue al lugar durante algunos d\u00edas, siempre a la misma hora, para ofrecer ma\u00edz a las palomas. Para acostumbrarlas a lo que vendr\u00eda. Primero titubeaban un poco, porque un se\u00f1or de la otra esquina ofrec\u00eda desde hac\u00eda un tiempo una fuente de alimento confiable. Pero terminaron viniendo.<\/p>\n<p>Despu\u00e9s, Bonadeo &#8220;visti\u00f3&#8221; el poste de luz, perd\u00f3n, la &#8220;Galer\u00eda del Poste&#8221;, desde el piso hasta una altura de m\u00e1s o menos dos metros con choclos de diversas calidades y variedades.<\/p>\n<p>Pudo hacer algunas observaciones interesantes: las palomas prefieren los choclos perfectos y sim\u00e9tricos (los transg\u00e9nicos) a los aut\u00f3ctonos que tienen peque\u00f1as irregularidades, como las personas que muchas veces vienen de noche a robar choclos (por eso, hay que reponer la oferta de choclos de vez en cuando). Adem\u00e1s, las palomas no suelen picotear varios choclos a la vez, sino que comen muy prolijamente el choclo con el que empezaron.<\/p>\n<p>Queda la pregunta de si la poblaci\u00f3n voladora \u2014despu\u00e9s de que termine la intervenci\u00f3n\u2014 va a seguir chequeando los postes de luz en su vecindario por una posible grilla de p\u00edxeles color ma\u00edz. Es que, sobre los criterios est\u00e9ticos que administran las palomas a la hora de comer, no se pudo todav\u00eda obtener conocimientos cient\u00edficos confiables. <\/p>\n<p><em>(Mart\u00edn Bonadeo, &#8220;El choclo interactivo&#8221;. &#8220;Galer\u00eda del Poste&#8221; del Centro Cultural Rojas, Av. Corrientes 2038. Hasta el viernes 23 de diciembre.)<\/em><br \/>\n<em><br \/>\nEl art\u00edculo fue publicado tambi\u00e9n en <a href=\"http:\/\/www.educared.org.ar\/tamtam\/\">TamTam<\/a>.<\/em><\/p>\n","protected":false},"excerpt":{"rendered":"<p>Klicken Sie hier, um die deutsche Version zu lesen. &#8220;El choclo interactivo&#8221; &#8211; una intervenci\u00f3n de Mart\u00edn Bonadeo en la &#8220;Galer\u00eda del Poste&#8221; del Centro Cultural Rojas Por Susanne Franz Palomas &#8220;interactuando&#8221; con la obra de Mart\u00edn Bonadeo. &#8220;\u00bfQu\u00e9 criterios est\u00e9ticos utiliza una paloma que anida en la cornisa de un edificio neocl\u00e1sico a la [&hellip;]<\/p>\n","protected":false},"author":1,"featured_media":0,"comment_status":"open","ping_status":"open","sticky":false,"template":"","format":"standard","meta":{"footnotes":""},"categories":[2,4,25],"tags":[],"class_list":["post-238","post","type-post","status-publish","format-standard","hentry","category-kunstler-artistas","category-tipp-der-woche-recomendacion-de-la-semana","category-top-20"],"_links":{"self":[{"href":"https:\/\/kunstinargentinien.com\/index.php\/wp-json\/wp\/v2\/posts\/238","targetHints":{"allow":["GET"]}}],"collection":[{"href":"https:\/\/kunstinargentinien.com\/index.php\/wp-json\/wp\/v2\/posts"}],"about":[{"href":"https:\/\/kunstinargentinien.com\/index.php\/wp-json\/wp\/v2\/types\/post"}],"author":[{"embeddable":true,"href":"https:\/\/kunstinargentinien.com\/index.php\/wp-json\/wp\/v2\/users\/1"}],"replies":[{"embeddable":true,"href":"https:\/\/kunstinargentinien.com\/index.php\/wp-json\/wp\/v2\/comments?post=238"}],"version-history":[{"count":2,"href":"https:\/\/kunstinargentinien.com\/index.php\/wp-json\/wp\/v2\/posts\/238\/revisions"}],"predecessor-version":[{"id":24137,"href":"https:\/\/kunstinargentinien.com\/index.php\/wp-json\/wp\/v2\/posts\/238\/revisions\/24137"}],"wp:attachment":[{"href":"https:\/\/kunstinargentinien.com\/index.php\/wp-json\/wp\/v2\/media?parent=238"}],"wp:term":[{"taxonomy":"category","embeddable":true,"href":"https:\/\/kunstinargentinien.com\/index.php\/wp-json\/wp\/v2\/categories?post=238"},{"taxonomy":"post_tag","embeddable":true,"href":"https:\/\/kunstinargentinien.com\/index.php\/wp-json\/wp\/v2\/tags?post=238"}],"curies":[{"name":"wp","href":"https:\/\/api.w.org\/{rel}","templated":true}]}}