{"id":23855,"date":"2016-09-13T15:51:08","date_gmt":"2016-09-13T18:51:08","guid":{"rendered":"http:\/\/kunstinargentinien.com\/?p=23855"},"modified":"2016-09-13T16:52:24","modified_gmt":"2016-09-13T19:52:24","slug":"francisco-stocca-y-sus-tormentas-de-colores","status":"publish","type":"post","link":"https:\/\/kunstinargentinien.com\/index.php\/2016\/09\/13\/francisco-stocca-y-sus-tormentas-de-colores\/","title":{"rendered":"Francisco Stocca y sus tormentas de colores"},"content":{"rendered":"<p><a href=\"http:\/\/kunstinargentinien.com\/index.php\/2016\/09\/13\/die-farb-gewitter-des-francisco-stocca\/\">Klicken Sie hier, um die deutsche Version zu lesen.<\/a><\/p>\n<p><strong>Muestra de pinturas en Espacio de Arte Radio Palermo <\/p>\n<p><em>Por Susanne Franz<\/em><\/strong><\/p>\n<p><a href=\"http:\/\/kunstinargentinien.com\/wp-content\/uploads\/2016\/09\/Fstocca11.jpg\"><img loading=\"lazy\" decoding=\"async\" src=\"http:\/\/kunstinargentinien.com\/wp-content\/uploads\/2016\/09\/Fstocca11.jpg\" alt=\"fstocca11\" width=\"500\" height=\"313\" class=\"aligncenter size-full wp-image-23857\" srcset=\"https:\/\/kunstinargentinien.com\/wp-content\/uploads\/2016\/09\/Fstocca11.jpg 500w, https:\/\/kunstinargentinien.com\/wp-content\/uploads\/2016\/09\/Fstocca11-300x188.jpg 300w\" sizes=\"auto, (max-width: 500px) 100vw, 500px\" \/><\/a><br \/>\nPara \u00e9l, todos sus cuadros son tormentas. En algunos, se ven en seguida las poderosas formaciones de nubes grises o azules iluminadas por rel\u00e1mpagos amarillentos. Pero tambi\u00e9n las otras obras son tormentas para Francisco Stocca: su cielo celeste con delicados trocitos de nubes blancos y elementos borrosos verdes y marrones que podr\u00edan ser hojas cay\u00e9ndose. O el paisaje luminoso de naranjas y verdes, visto al parecer desde un escondite en un arbolaje bord\u00f3 y blanco. O las manchas negras y blancas sobre el plano naranja y amarillo que parecen huellas o una manada de b\u00fafalos huyendo en la sabana ardiente.<\/p>\n<p>En todas sus obras se nota cu\u00e1nto Francisco ama las tormentas. Ama las inquietantes que dan miedo, las majestuosas y brillantes, y tambi\u00e9n las tenues que pasan r\u00e1pido. Como se ciernen. Como se agita todo. Como chocan las masas de aire de diferentes temperaturas y se desenvuelve la tormenta, con sus lluvias, vientos, truenos y rayos.<\/p>\n<p>Francisco elige los colores con los cuales quiere pintar. Con el rodillo de pintura chico pinta planos, aplica manchas, y con la presi\u00f3n del rodillo crea texturas sobre el lienzo. A veces, para las terminaciones, usa un pincel. Debido a su discapacidad, necesita ayuda para mover el rodillo o el pincel. Pero es \u00e9l quien decide adonde va el movimiento, cuan fuerte es, donde empieza y donde termina. Y es \u00e9l quien sabe cuando su obra est\u00e1 completada.<\/p>\n<p>Lo que tienen en com\u00fan todas las obras de Francisco Stocca es una fuerza impetuosa que se traduce desde el interior del artista hacia sus lienzos. Gracias a la extraordinaria solidaridad de su familia y la sensibilidad de su profesora de pintura Nora Giordano -Francisco pinta en su Taller de Arte Integrado desde el a\u00f1o 2010- Francisco puede, a trav\u00e9s del arte, comunicar sus sentimientos hacia afuera.<\/p>\n<ul>\n<li>Francisco Stocca, &#8220;Tormentas de colores&#8221;, pinturas\n<li>Espacio de Arte Radio Palermo, Emilio Ravignani 1732, Palermo Hollywood, Buenos Aires<\/li>\n<li>Todos los d\u00edas 10-20 horas<\/li>\n<li>07.09.-29.09.<\/li>\n<li>Inauguraci\u00f3n: 17.09., 13.30 horas<\/li>\n<\/ul>\n","protected":false},"excerpt":{"rendered":"<p>Klicken Sie hier, um die deutsche Version zu lesen. Muestra de pinturas en Espacio de Arte Radio Palermo Por Susanne Franz Para \u00e9l, todos sus cuadros son tormentas. En algunos, se ven en seguida las poderosas formaciones de nubes grises o azules iluminadas por rel\u00e1mpagos amarillentos. Pero tambi\u00e9n las otras obras son tormentas para Francisco [&hellip;]<\/p>\n","protected":false},"author":1,"featured_media":0,"comment_status":"open","ping_status":"open","sticky":false,"template":"","format":"standard","meta":{"footnotes":""},"categories":[4],"tags":[],"class_list":["post-23855","post","type-post","status-publish","format-standard","hentry","category-tipp-der-woche-recomendacion-de-la-semana"],"_links":{"self":[{"href":"https:\/\/kunstinargentinien.com\/index.php\/wp-json\/wp\/v2\/posts\/23855","targetHints":{"allow":["GET"]}}],"collection":[{"href":"https:\/\/kunstinargentinien.com\/index.php\/wp-json\/wp\/v2\/posts"}],"about":[{"href":"https:\/\/kunstinargentinien.com\/index.php\/wp-json\/wp\/v2\/types\/post"}],"author":[{"embeddable":true,"href":"https:\/\/kunstinargentinien.com\/index.php\/wp-json\/wp\/v2\/users\/1"}],"replies":[{"embeddable":true,"href":"https:\/\/kunstinargentinien.com\/index.php\/wp-json\/wp\/v2\/comments?post=23855"}],"version-history":[{"count":5,"href":"https:\/\/kunstinargentinien.com\/index.php\/wp-json\/wp\/v2\/posts\/23855\/revisions"}],"predecessor-version":[{"id":23870,"href":"https:\/\/kunstinargentinien.com\/index.php\/wp-json\/wp\/v2\/posts\/23855\/revisions\/23870"}],"wp:attachment":[{"href":"https:\/\/kunstinargentinien.com\/index.php\/wp-json\/wp\/v2\/media?parent=23855"}],"wp:term":[{"taxonomy":"category","embeddable":true,"href":"https:\/\/kunstinargentinien.com\/index.php\/wp-json\/wp\/v2\/categories?post=23855"},{"taxonomy":"post_tag","embeddable":true,"href":"https:\/\/kunstinargentinien.com\/index.php\/wp-json\/wp\/v2\/tags?post=23855"}],"curies":[{"name":"wp","href":"https:\/\/api.w.org\/{rel}","templated":true}]}}