{"id":239,"date":"2005-12-17T13:31:26","date_gmt":"2005-12-17T16:31:26","guid":{"rendered":"http:\/\/kunstinargentinien.com\/index.php\/2005\/12\/17\/25-jahre-centro-cultural-recoleta\/"},"modified":"2006-07-29T14:59:51","modified_gmt":"2006-07-29T17:59:51","slug":"25-jahre-centro-cultural-recoleta","status":"publish","type":"post","link":"https:\/\/kunstinargentinien.com\/index.php\/2005\/12\/17\/25-jahre-centro-cultural-recoleta\/","title":{"rendered":"25 Jahre Centro Cultural Recoleta"},"content":{"rendered":"<p><strong>Centro Cultural Recoleta &#8211; Ausstellung zur Feier des 25. Geburtstags<\/strong><\/p>\n<p><em><strong>Von Susanne Franz<\/strong><\/em><\/p>\n<p><img decoding=\"async\" src=\"http:\/\/kunstinargentinien.com\/wp-content\/uploads\/Ccr252.JPG\" alt=\"\" align=left hspace=5 \/> Mehr als eine Million Menschen besuchen pro Jahr das Centro Cultural Recoleta, einen der sch\u00f6nsten und bedeutendsten Kulturtempel der Stadt Buenos Aires. Das Kulturzentrum hat sich vor allem in den letzten Jahren immer mehr zum Publikumsmagneten gemausert. Die starke Unterst\u00fctzung von Seiten des Kultursekretariats der Stadt Buenos Aires, von dem das Centro abh\u00e4ngt, hat viel damit zu tun:<!--more--> Kultursekret\u00e4r Gustavo L\u00f3pez ist bei fast allen wichtigen Er\u00f6ffnungen von Kunstausstellungen pers\u00f6nlich anwesend und stellt seine Zeit gro\u00dfz\u00fcgig zur Verf\u00fcgung, aber auch sein volles Engagement, wenn es um die Verteidigung der freien Meinungs\u00e4u\u00dferung geht, wie zum Beispiel bei der umstrittenen Retrospektive des polemischen Ausnahmek\u00fcnstlers Le\u00f3n Ferrari, die am 30. November vergangenen Jahres er\u00f6ffnet wurde, nach gerichtlichen Eingaben religi\u00f6ser Gruppen vor\u00fcbergehend geschlossen werden musste und Vandalismus und Aggression auf sich richtete. Es ist in Argentinien nicht selbstverst\u00e4ndlich, dass von Seiten der politischen Machthaber Schutz und Einfluss f\u00fcr eine Institution ausge\u00fcbt werden.<\/p>\n<p>Das Centro Cultural Recoleta hat aber auch einen einflussreichen Kreis von Freunden und F\u00f6rderern, die immer wieder originelle Aktionen starten und Mittel heranschaffen, um das Centro nach und nach auf den letzten Stand modernster museologischer Anforderungen zu bringen. So sind in den letzten Jahren auch die Ausstellungen immer besser geworden, es wurden wichtige Kuratoren auch von au\u00dfen verpflichtet und auf eine stimmige Montage (wie zum Beispiel die immer hervorragenden Montagen von Gustavo Vazquez Ocampo) mehr Wert gelegt. All das zahlt sich aus, so dass nicht nur der kleine elit\u00e4re Kreis von Galerienbesuchern ins Centro str\u00f6mt (diese kommen aber auch), sondern sich eine breite, kulturinteressierte Schicht der Bev\u00f6lkerung angesprochen f\u00fchlt.<\/p>\n<p>Am 16. Dezember hat das Centro Cultural Recoleta anl\u00e4sslich seines 25. Geburtstages in seinem Cronopios-Saal eine Ausstellung mit fast 1000 Fotos und drei Videos er\u00f6ffnet. Die Fotos wurden aus 9000 Fotografien ausgew\u00e4hlt, die sich im Besitz des Centro befinden, dazu stammen einige aus Zeitungsarchiven, Archiven von K\u00fcnstlern und von Angestellten des Centro. Mehr als \u201ek\u00fcnstlerische Fotos\u201c sind es Dokumente aus dem 25-j\u00e4hrigen Leben des Centro Cultural Recoleta: Szenen von der Montage einer Ausstellung, Leute beim Saubermachen, Gruppen von K\u00fcnstlern auf der Terrasse, die B\u00fcros der Angestellten, und vieles mehr.<\/p>\n<p>Die drei Videos zeigen eine Dokumentation der Umbauarbeiten der f\u00fcr das Centro verantwortlichen Architekten Clorindo Testa, Jacques Bedel und Luis Benedit, einen Zusammenschnitt von Fotomaterial, das nicht ausgesucht wurde, sowie Interviews mit den Menschen, die im Centro angestellt sind, in denen sie \u00fcber ihre Arbeit berichten.<\/p>\n<p>(Centro Cultural Recoleta, Jun\u00edn 1930. Di-Fr 14-21, Sa, So und feiertags 10-21 Uhr, Eintritt 1 Peso. Bis zum 26.2.2006.)<\/p>\n<p><em>Der Artikel erschien am 17.12.05 im &#8220;Argentinischen Tageblatt&#8221;.<\/em><\/p>\n","protected":false},"excerpt":{"rendered":"<p>Centro Cultural Recoleta &#8211; Ausstellung zur Feier des 25. Geburtstags Von Susanne Franz Mehr als eine Million Menschen besuchen pro Jahr das Centro Cultural Recoleta, einen der sch\u00f6nsten und bedeutendsten Kulturtempel der Stadt Buenos Aires. Das Kulturzentrum hat sich vor allem in den letzten Jahren immer mehr zum Publikumsmagneten gemausert. Die starke Unterst\u00fctzung von Seiten [&hellip;]<\/p>\n","protected":false},"author":1,"featured_media":0,"comment_status":"open","ping_status":"open","sticky":false,"template":"","format":"standard","meta":{"footnotes":""},"categories":[1],"tags":[],"class_list":["post-239","post","type-post","status-publish","format-standard","hentry","category-allgemein-general"],"_links":{"self":[{"href":"https:\/\/kunstinargentinien.com\/index.php\/wp-json\/wp\/v2\/posts\/239","targetHints":{"allow":["GET"]}}],"collection":[{"href":"https:\/\/kunstinargentinien.com\/index.php\/wp-json\/wp\/v2\/posts"}],"about":[{"href":"https:\/\/kunstinargentinien.com\/index.php\/wp-json\/wp\/v2\/types\/post"}],"author":[{"embeddable":true,"href":"https:\/\/kunstinargentinien.com\/index.php\/wp-json\/wp\/v2\/users\/1"}],"replies":[{"embeddable":true,"href":"https:\/\/kunstinargentinien.com\/index.php\/wp-json\/wp\/v2\/comments?post=239"}],"version-history":[{"count":0,"href":"https:\/\/kunstinargentinien.com\/index.php\/wp-json\/wp\/v2\/posts\/239\/revisions"}],"wp:attachment":[{"href":"https:\/\/kunstinargentinien.com\/index.php\/wp-json\/wp\/v2\/media?parent=239"}],"wp:term":[{"taxonomy":"category","embeddable":true,"href":"https:\/\/kunstinargentinien.com\/index.php\/wp-json\/wp\/v2\/categories?post=239"},{"taxonomy":"post_tag","embeddable":true,"href":"https:\/\/kunstinargentinien.com\/index.php\/wp-json\/wp\/v2\/tags?post=239"}],"curies":[{"name":"wp","href":"https:\/\/api.w.org\/{rel}","templated":true}]}}