{"id":244,"date":"2010-11-09T10:55:51","date_gmt":"2010-11-09T13:55:51","guid":{"rendered":"http:\/\/kunstinargentinien.com\/index.php\/2006\/02\/18\/vergangenheits-dokumentation\/"},"modified":"2010-11-21T19:45:37","modified_gmt":"2010-11-21T22:45:37","slug":"vergangenheits-dokumentation","status":"publish","type":"post","link":"https:\/\/kunstinargentinien.com\/index.php\/2010\/11\/09\/vergangenheits-dokumentation\/","title":{"rendered":"Vergangenheits-Dokumentation (2001)"},"content":{"rendered":"<p><a href=\"http:\/\/kunstinargentinien.com\/index.php\/2010\/11\/09\/documentacion-de-la-historia\/\">Click aqu\u00ed para leer la versi\u00f3n en castellano.<\/a><\/p>\n<p><strong>Marcelo Brodskys Fotos, Installationen, Videos und Texte im Centro Cultural Recoleta<\/strong><\/p>\n<p><em><strong>Von Susanne Franz<\/strong><\/em><\/p>\n<p><img decoding=\"async\" src=\"http:\/\/kunstinargentinien.com\/wp-content\/uploads\/brodsky.jpg\" \/><br \/>\n<em>Das St\u00fcck des Buchstabens &#8220;A&#8221; von der Fassade der AMIA fand Marcelo Brodsky auf einer Schutthalde am R\u00edo de la Plata, zu der die Tr\u00fcmmer nach dem Bombenanschlag gebracht worden waren. Er zeigt den Stein bei der Ausstellung.<\/em><\/p>\n<p>Die Ausstellung &#8220;Nexo&#8221; des argentinischen Fotografen Marcelo Brodsky beleuchtet auf dokumentarisch-n\u00fcchterne und doch emotionsgeladene Art und Weise ein St\u00fcck argentinischer Geschichte. &#8220;Nexo&#8221;, vom lateinischen &#8220;nexus&#8221;, hei\u00dft etwa Verbindung, Bindeglied. Brodsky will sein Leben und Erleben und die Geschichte seines Landes in einen gr\u00f6\u00dferen Gesamtzusammenhang eingebunden sehen. Dazu stellt er unterschiedliche historische Begebenheiten nebeneinander; der Betrachter wird dazu angeregt, sie in Verbindung zu bringen. Eine wirkungsvolle didaktische \u00dcbung, in der jeder einzelne auch dazu eingeladen ist, eine innere Zwiesprache mit dem Gezeigten zu halten und es mit seiner eigenen Geschichte zu vervollst\u00e4ndigen.<!--more--><\/p>\n<p>Eine Marmortafel der Kathedrale des italienischen Erice ist abgebildet, eingraviert die Daten von 1621 bis 1687. Daneben sind alle Schrecken aufgelistet, die die Stadt heimgesucht haben: Pest, Krieg, Invasionen, \u00dcberschwemmungen. Daneben das 20. Jahrhundert nach Marcelo Brodsky, das mit der Einwanderung seines Gro\u00dfvaters nach Argentinien 1905 beginnt. Milit\u00e4rputsche und Demokratien l\u00f6sen sich ab; der Putsch von 1976 veranlasst ihn, 1978 ins Exil zu gehen. Weiter hei\u00dft es: &#8220;1979: Sie entf\u00fchren meinen Bruder. 1980: Mein Bruder ist verschwunden. 1982: Krieg. 1983: Demokratie. 1984: Ich kehre ins Land zur\u00fcck.&#8221;<\/p>\n<p>Mit seinen technisch perfekten und k\u00fcnstlerisch wirkungsvollen Installationen, Foto-Essays und Videos etwa \u00fcber die Archive der Verschwundenen, die Vernichtung von B\u00fcchern, den verfallenen &#8220;Bosque de la Memoria&#8221; (Wald der Erinnerung) in Tucum\u00e1n oder den Bombenanschlag auf das j\u00fcdische Sozialwerk AMIA 1994 mit 85 Todesopfern leistet Brodsky wertvolle Beitr\u00e4ge zu einer Auseinandersetzung mit der argentinischen Vergangenheit.<\/p>\n<p>In Brodsky Kunst sind die Grenzen zwischen Mahnmal und Kunstwerk oft flie\u00dfend. Deshalb geh\u00f6rt als ganz wichtiger Bestandteil zu seiner Ausstellung auch das ausf\u00fchrliche und mit gr\u00f6\u00dfter Sorgfalt gestaltete Buch &#8220;Nexo&#8221; (Spanisch\/Englisch), das man im Buchladen des Centro Cultural Recoleta erwerben kann.<\/p>\n<p><em>Erschienen im &#8220;Argentinischen Tageblatt&#8221; am 1.12.2001.<\/em><\/p>\n","protected":false},"excerpt":{"rendered":"<p>Brodsky, Marcelo: &#8220;Nexo&#8221; &#8211; Fotos, Installationen, Videos und Texte im Centro Cultural Recoleta<\/p>\n","protected":false},"author":1,"featured_media":0,"comment_status":"open","ping_status":"open","sticky":false,"template":"","format":"standard","meta":{"footnotes":""},"categories":[5,2],"tags":[],"class_list":["post-244","post","type-post","status-publish","format-standard","hentry","category-die-zeitmaschine-la-maquina-del-tiempo","category-kunstler-artistas"],"_links":{"self":[{"href":"https:\/\/kunstinargentinien.com\/index.php\/wp-json\/wp\/v2\/posts\/244","targetHints":{"allow":["GET"]}}],"collection":[{"href":"https:\/\/kunstinargentinien.com\/index.php\/wp-json\/wp\/v2\/posts"}],"about":[{"href":"https:\/\/kunstinargentinien.com\/index.php\/wp-json\/wp\/v2\/types\/post"}],"author":[{"embeddable":true,"href":"https:\/\/kunstinargentinien.com\/index.php\/wp-json\/wp\/v2\/users\/1"}],"replies":[{"embeddable":true,"href":"https:\/\/kunstinargentinien.com\/index.php\/wp-json\/wp\/v2\/comments?post=244"}],"version-history":[{"count":4,"href":"https:\/\/kunstinargentinien.com\/index.php\/wp-json\/wp\/v2\/posts\/244\/revisions"}],"predecessor-version":[{"id":5546,"href":"https:\/\/kunstinargentinien.com\/index.php\/wp-json\/wp\/v2\/posts\/244\/revisions\/5546"}],"wp:attachment":[{"href":"https:\/\/kunstinargentinien.com\/index.php\/wp-json\/wp\/v2\/media?parent=244"}],"wp:term":[{"taxonomy":"category","embeddable":true,"href":"https:\/\/kunstinargentinien.com\/index.php\/wp-json\/wp\/v2\/categories?post=244"},{"taxonomy":"post_tag","embeddable":true,"href":"https:\/\/kunstinargentinien.com\/index.php\/wp-json\/wp\/v2\/tags?post=244"}],"curies":[{"name":"wp","href":"https:\/\/api.w.org\/{rel}","templated":true}]}}