{"id":2465,"date":"2010-06-19T15:15:03","date_gmt":"2010-06-19T18:15:03","guid":{"rendered":"http:\/\/kunstinargentinien.com\/?p=2465"},"modified":"2010-11-20T12:03:34","modified_gmt":"2010-11-20T15:03:34","slug":"die-vielen-gesichter-des-gerhard-richter","status":"publish","type":"post","link":"https:\/\/kunstinargentinien.com\/index.php\/2010\/06\/19\/die-vielen-gesichter-des-gerhard-richter\/","title":{"rendered":"Die vielen Gesichter des Gerhard Richter"},"content":{"rendered":"<p><a href=\"http:\/\/kunstinargentinien.com\/index.php\/2010\/06\/19\/los-rostros-de-gerhard-richter\/\">Click aqu\u00ed para leer la versi\u00f3n en castellano.<\/a><\/p>\n<p><strong>Ausstellung \u201eSynopsis\u201c im Museo Nacional de Arte Decorativo<\/p>\n<p><em>Von Sandra Henoch<\/em><\/strong><\/p>\n<p><a href=\"http:\/\/kunstinargentinien.com\/wp-content\/uploads\/2010\/06\/Richter11.jpg\"><img loading=\"lazy\" decoding=\"async\" src=\"http:\/\/kunstinargentinien.com\/wp-content\/uploads\/2010\/06\/Richter11-207x300.jpg\" alt=\"\" title=\"Richter11\" width=\"207\" height=\"300\" class=\"alignleft size-medium wp-image-2468\" srcset=\"https:\/\/kunstinargentinien.com\/wp-content\/uploads\/2010\/06\/Richter11-207x300.jpg 207w, https:\/\/kunstinargentinien.com\/wp-content\/uploads\/2010\/06\/Richter11.jpg 250w\" sizes=\"auto, (max-width: 207px) 100vw, 207px\" \/><\/a>Dass Gerhard Richter tats\u00e4chlich ohne Plan und System arbeitet, wie er selbst behauptet, mag man beim Anblick der Ausstellung seiner Werke im Museo Nacional de Arte Decorativo kaum glauben. Das Institut f\u00fcr Auslandsbeziehungen realisiert die vom Goethe-Institut Buenos Aires pr\u00e4sentierte Ausstellung in dem modern restaurierten Untergeschoss des Museums in Recoleta. Auf mehrere R\u00e4ume verteilt, spiegeln die Bilder, Fotografien und Gem\u00e4lde Richters Lebenswerk wider. Die Mischung aus \u00d6lgem\u00e4lden, Drucken und Fotografien, die zum gr\u00f6\u00dften Teil in den 90er Jahren entstanden, zeigen die Vielseitigkeit des \u201aPicasso des 21. Jahrhunderts\u2018. Er gilt als einer der wichtigsten deutschen K\u00fcnstler der Gegenwart.<\/p>\n<p>Die hellen R\u00e4ume des Museums geben den Bildern viel Raum, sich zusammen mit der Hintergrundmusik zu entfalten. Eine eindeutige Aufteilung der Werke nach Entstehungszeitraum oder Material ist nicht zu erkennen &#8211; vielmehr wechseln sich abstrakte Gem\u00e4lde mit Fotografien und Drucken ab und lassen die Ausstellung auch deshalb so lebendig wirken.<!--more--><\/p>\n<p>Die Verfremdungstechniken, deren sich Richter bei einer Reihe seiner Werke bedient, k\u00f6nnten als roter Faden seines Werkes wie der Ausstellung wahrgenommen werden. Und so folgt diese auch den Arbeiten Richters, der sich einem individuellen k\u00fcnstlerischen Stil verweigert und stattdessen eine malerische Vielfalt hervorbringt, die von den Kritikern heftig diskutiert wird. Eine Videoinstallation im hinteren Teil zeigt den Entstehungsprozess des K\u00f6lner Domfensters, das der Wahlk\u00f6lner 2006 entwarf. Somit k\u00f6nnen auch plastische Werke Richters, der sein Handwerk an der Kunstakademie in Dresden lernte, in die Ausstellung aufgenommen werden.<\/p>\n<p>Unumstritten ist die Tatsache, dass Richter bereits zu Lebzeiten eine Kunstlegende ist. Der geb\u00fcrtige Dresdner, der zun\u00e4chst in der ehemaligen DDR studierte und arbeitete, kreierte w\u00e4hrend seiner Schaffenszeit unz\u00e4hlige Werke, die zum Teil f\u00fcr astronomische Summen unter den Hammer kamen. Durch seine Flucht nach Westdeutschland wurden seine fr\u00fchen Arbeiten fast vollst\u00e4ndig zerst\u00f6rt; zum Teil verbrannte er sie selbst. Die Flucht und die damit verbundene Neuorientierung erm\u00f6glichten es ihm jedoch, in zwei unterschiedlichen politischen und sozialen Systemen zu arbeiten und deren Einfl\u00fcsse umzusetzen. Dies tat er nicht nur als Kunstschaffender, sondern auch als Lehrer und Universit\u00e4tsprofessor. Zusammen mit Sigmar Polke, Konrad Fischer-Lueg und anderen schuf er die Kunstgruppe \u201eKapitalistische Realisten\u201c, die die Ideologieskepsis Richters transportiert.<\/p>\n<ul>\n<li>\u201cGerhard Richter &#8211; Sinopsis\u201d. Museo Nacional de Arte Decorativo, Av. del Libertador 1902. Di-So 14-19 Uhr. Eintritt 5 Pesos, dienstags gratis. 10.6.-25.7. 1.7., 18 Uhr: Vortrag und anschlie\u00dfende F\u00fchrung vom Richter-Biografen Dr. Dietmar Elger.<\/li>\n<\/ul>\n","protected":false},"excerpt":{"rendered":"<p>Click aqu\u00ed para leer la versi\u00f3n en castellano. Ausstellung \u201eSynopsis\u201c im Museo Nacional de Arte Decorativo Von Sandra Henoch Dass Gerhard Richter tats\u00e4chlich ohne Plan und System arbeitet, wie er selbst behauptet, mag man beim Anblick der Ausstellung seiner Werke im Museo Nacional de Arte Decorativo kaum glauben. Das Institut f\u00fcr Auslandsbeziehungen realisiert die vom [&hellip;]<\/p>\n","protected":false},"author":1,"featured_media":0,"comment_status":"open","ping_status":"open","sticky":false,"template":"","format":"standard","meta":{"footnotes":""},"categories":[2,4],"tags":[],"class_list":["post-2465","post","type-post","status-publish","format-standard","hentry","category-kunstler-artistas","category-tipp-der-woche-recomendacion-de-la-semana"],"_links":{"self":[{"href":"https:\/\/kunstinargentinien.com\/index.php\/wp-json\/wp\/v2\/posts\/2465","targetHints":{"allow":["GET"]}}],"collection":[{"href":"https:\/\/kunstinargentinien.com\/index.php\/wp-json\/wp\/v2\/posts"}],"about":[{"href":"https:\/\/kunstinargentinien.com\/index.php\/wp-json\/wp\/v2\/types\/post"}],"author":[{"embeddable":true,"href":"https:\/\/kunstinargentinien.com\/index.php\/wp-json\/wp\/v2\/users\/1"}],"replies":[{"embeddable":true,"href":"https:\/\/kunstinargentinien.com\/index.php\/wp-json\/wp\/v2\/comments?post=2465"}],"version-history":[{"count":10,"href":"https:\/\/kunstinargentinien.com\/index.php\/wp-json\/wp\/v2\/posts\/2465\/revisions"}],"predecessor-version":[{"id":5334,"href":"https:\/\/kunstinargentinien.com\/index.php\/wp-json\/wp\/v2\/posts\/2465\/revisions\/5334"}],"wp:attachment":[{"href":"https:\/\/kunstinargentinien.com\/index.php\/wp-json\/wp\/v2\/media?parent=2465"}],"wp:term":[{"taxonomy":"category","embeddable":true,"href":"https:\/\/kunstinargentinien.com\/index.php\/wp-json\/wp\/v2\/categories?post=2465"},{"taxonomy":"post_tag","embeddable":true,"href":"https:\/\/kunstinargentinien.com\/index.php\/wp-json\/wp\/v2\/tags?post=2465"}],"curies":[{"name":"wp","href":"https:\/\/api.w.org\/{rel}","templated":true}]}}