{"id":24828,"date":"2017-03-12T15:35:31","date_gmt":"2017-03-12T18:35:31","guid":{"rendered":"http:\/\/kunstinargentinien.com\/?p=24828"},"modified":"2017-03-12T15:35:31","modified_gmt":"2017-03-12T18:35:31","slug":"gedenken-an-einen-vergessenen-helden","status":"publish","type":"post","link":"https:\/\/kunstinargentinien.com\/index.php\/2017\/03\/12\/gedenken-an-einen-vergessenen-helden\/","title":{"rendered":"Gedenken an einen vergessenen Helden"},"content":{"rendered":"<p><strong>Ausstellung &#8220;Carl Lutz y la Casa de Cristal&#8221; in Buenos Aires<\/p>\n<p><em>Von Hannah Schulthei\u00df<\/em><\/strong><\/p>\n<p><a href=\"http:\/\/kunstinargentinien.com\/wp-content\/uploads\/2017\/03\/expo_carl_lutz.jpg\"><img loading=\"lazy\" decoding=\"async\" src=\"http:\/\/kunstinargentinien.com\/wp-content\/uploads\/2017\/03\/expo_carl_lutz.jpg\" alt=\"\" width=\"500\" height=\"263\" class=\"aligncenter size-full wp-image-24830\" srcset=\"https:\/\/kunstinargentinien.com\/wp-content\/uploads\/2017\/03\/expo_carl_lutz.jpg 500w, https:\/\/kunstinargentinien.com\/wp-content\/uploads\/2017\/03\/expo_carl_lutz-300x158.jpg 300w\" sizes=\"auto, (max-width: 500px) 100vw, 500px\" \/><\/a><br \/>\nIn diesem Jahr pr\u00e4sentiert sich die Schweiz stolz als Pr\u00e4sidentin der &#8220;Internacional Holocaust Rememberance Alliance&#8221; (IHRA). Die internationale Organisation hat es sich zur Aufgabe gemacht, den Holocaust in Bildung und Forschung zu etablieren sowie in Erinnerung zu behalten.<\/p>\n<p>1998 in Schweden gegr\u00fcndet, z\u00e4hlt die Organisation heute 31 Mitgliedsstaaten. Diese verpflichten sich durch ihre Mitgliedschaft zum Kampf gegen Genozid, Rassismus und Antisemitismus. Die Pr\u00e4sidentschaft der Organisation rotiert j\u00e4hrlich, das Land welche diese innehat, ist verantwortlich f\u00fcr die Organisation und generelle Aktivit\u00e4ten.<\/p>\n<p>Die Schweiz hat drei Schwerpunkte ihrer diesj\u00e4hrigen Pr\u00e4sidentschaft gesetzt: Bildung, Jugend und soziale Medien. In diesem Rahmen wird am kommenden Mittwoch, den 15. M\u00e4rz, in Buenos Aires die Ausstellung &#8220;Carl Lutz y la Casa de Cristal&#8221; er\u00f6ffnet. Doch wer war dieser Carl Lutz eigentlich?<\/p>\n<p><strong>Au\u00dfergew\u00f6hnliches Engagement<\/strong><\/p>\n<p>Im zweiten Weltkrieg war Lutz Vizekonsul der Schweizer Botschaft in Budapest. Er arbeitete ein System des diplomatischen Schutzes aus und rettete so &#8211; gemeinsam mit seiner Frau und weiteren Helfern &#8211; tausenden Juden das Leben.<\/p>\n<p>In schwierigen Verhandlungen mit den Nazis und der ungarischen Regierung schaffte er es, tausende Passierscheine zu bekommen und erleichterte so vielen Juden die Flucht aus dem Land. Au\u00dferdem errichtete er 76 sichere H\u00e4user in Budapest und befreite Juden aus Konzentrationslagern.<\/p>\n<p>1965 wurde Carl Lutz daf\u00fcr mit dem Titel &#8220;Gerechter unter den V\u00f6lkern&#8221; ausgezeichnet. Dieser israelische Ehrentitel wird an nichtj\u00fcdische Einzelpersonen verliehen, die unter nationalsozialistischer Herrschaft w\u00e4hrend des Zweiten Weltkriegs ihr Leben einsetzten, um Juden vor der Ermordung zu retten.<\/p>\n<p>Insgesamt bewahrte Lutz so 62.000 Juden vor dem Tod, fast die H\u00e4lfte aller ungarischen \u00dcberlebenden. \u00dcber die Zeit geriet er in Vergessenheit, erst in den vergangenen Jahren r\u00fcckte er dank seiner Adoptivtochter Agnes Hirschi wieder in das Licht der \u00d6ffentlichkeit.<\/p>\n<p><strong>Argentinien und die IHRA<\/strong><\/p>\n<p>Seit 2006 ist Argentinien, als einziges Land Lateinamerikas, Mitglied der IHRA. 250.000 Juden leben hier, und Buenos Aires ist die Stadt mit dem zweitgr\u00f6\u00dften j\u00fcdischen Anteil au\u00dferhalb Israels. Deshalb ist die Bedeutung, den Holocaust in die Bildung zu integieren, hierzulande sehr gro\u00df. Die neuen Generationen sollen fr\u00fch lernen, die Warnzeichen zu erkennen und Antisemitismus schon im Keim zu ersticken.<\/p>\n<p>Daher widmet sich auch die Juristische Fakult\u00e4t der Universidad de Buenos Aires (UBA) gemeinsam mit dem Institut Ren\u00e9 Cassin aus Stra\u00dfburg der Lehre der Menschenrechte &#8211; mit dem Hintergrund der Mitgliedschaft bei der IHRA und den Schwerpunkten Jugend und Bildung.<\/p>\n<p><strong>Die Ausstellung &#8220;Carl Lutz y la Casa de Cristal&#8221;<\/strong><\/p>\n<p>Die Ausstellungser\u00f6ffnung findet am 15. M\u00e4rz um 18 Uhr im &#8220;Sal\u00f3n Rojo&#8221; der Facultad de Derecho (Av. Figueroa Alcorta 2263) statt. Dabei werden unter anderem die Dekanin der Juristischen Fakult\u00e4t, M\u00f3nica Pinto, der Schweizer Botschafter Hanspeter Mock und Agnes Hirschi, Lutz\u2018 Adoptivtochter, zu Wort kommen.<\/p>\n<p>In der Halle &#8220;Pasos Perdidos&#8221; im Erdgeschoss der Rechtsfakult\u00e4t ist &#8220;Carl Lutz y la Casa de Cristal&#8221; dann bis zum 29. M\u00e4rz zu sehen. Der Eintritt ist frei.<\/p>\n<p>Im Anschluss soll die Exposition als Wanderausstellung noch in anderen Orten Argentiniens gezeigt werden.<\/p>\n<p><strong>Foto:<\/strong><br \/>\nDer Retter Carl Lutz war lange in Vergessenheit geraten.<br \/>\n(Schweizer Botschaft)<\/p>\n","protected":false},"excerpt":{"rendered":"<p>Ausstellung &#8220;Carl Lutz y la Casa de Cristal&#8221; in Buenos Aires Von Hannah Schulthei\u00df In diesem Jahr pr\u00e4sentiert sich die Schweiz stolz als Pr\u00e4sidentin der &#8220;Internacional Holocaust Rememberance Alliance&#8221; (IHRA). Die internationale Organisation hat es sich zur Aufgabe gemacht, den Holocaust in Bildung und Forschung zu etablieren sowie in Erinnerung zu behalten. 1998 in Schweden [&hellip;]<\/p>\n","protected":false},"author":1,"featured_media":0,"comment_status":"open","ping_status":"open","sticky":false,"template":"","format":"standard","meta":{"footnotes":""},"categories":[14],"tags":[],"class_list":["post-24828","post","type-post","status-publish","format-standard","hentry","category-gesellschaft-sociedad"],"_links":{"self":[{"href":"https:\/\/kunstinargentinien.com\/index.php\/wp-json\/wp\/v2\/posts\/24828","targetHints":{"allow":["GET"]}}],"collection":[{"href":"https:\/\/kunstinargentinien.com\/index.php\/wp-json\/wp\/v2\/posts"}],"about":[{"href":"https:\/\/kunstinargentinien.com\/index.php\/wp-json\/wp\/v2\/types\/post"}],"author":[{"embeddable":true,"href":"https:\/\/kunstinargentinien.com\/index.php\/wp-json\/wp\/v2\/users\/1"}],"replies":[{"embeddable":true,"href":"https:\/\/kunstinargentinien.com\/index.php\/wp-json\/wp\/v2\/comments?post=24828"}],"version-history":[{"count":3,"href":"https:\/\/kunstinargentinien.com\/index.php\/wp-json\/wp\/v2\/posts\/24828\/revisions"}],"predecessor-version":[{"id":24832,"href":"https:\/\/kunstinargentinien.com\/index.php\/wp-json\/wp\/v2\/posts\/24828\/revisions\/24832"}],"wp:attachment":[{"href":"https:\/\/kunstinargentinien.com\/index.php\/wp-json\/wp\/v2\/media?parent=24828"}],"wp:term":[{"taxonomy":"category","embeddable":true,"href":"https:\/\/kunstinargentinien.com\/index.php\/wp-json\/wp\/v2\/categories?post=24828"},{"taxonomy":"post_tag","embeddable":true,"href":"https:\/\/kunstinargentinien.com\/index.php\/wp-json\/wp\/v2\/tags?post=24828"}],"curies":[{"name":"wp","href":"https:\/\/api.w.org\/{rel}","templated":true}]}}