{"id":24833,"date":"2017-03-12T16:35:28","date_gmt":"2017-03-12T19:35:28","guid":{"rendered":"http:\/\/kunstinargentinien.com\/?p=24833"},"modified":"2017-04-09T12:11:56","modified_gmt":"2017-04-09T15:11:56","slug":"agenda-kalender-507","status":"publish","type":"post","link":"https:\/\/kunstinargentinien.com\/index.php\/2017\/03\/12\/agenda-kalender-507\/","title":{"rendered":"Agenda \/ Kalender"},"content":{"rendered":"<p><a href=\"http:\/\/kunstinargentinien.com\/index.php\/2017\/03\/12\/kalender-agenda-516\/\">Klicken Sie hier, um die deutsche Version zu lesen.<\/a><\/p>\n<p><strong>Agenda de Muestras del 12\/03\/2017<\/p>\n<p><em>Por Susanne Franz<\/em><\/strong><\/p>\n<p><a href=\"http:\/\/kunstinargentinien.com\/wp-content\/uploads\/2017\/02\/grete2.jpg\"><img loading=\"lazy\" decoding=\"async\" src=\"http:\/\/kunstinargentinien.com\/wp-content\/uploads\/2017\/02\/grete2.jpg\" alt=\"\" width=\"500\" height=\"470\" class=\"aligncenter size-full wp-image-24856\" srcset=\"https:\/\/kunstinargentinien.com\/wp-content\/uploads\/2017\/02\/grete2.jpg 500w, https:\/\/kunstinargentinien.com\/wp-content\/uploads\/2017\/02\/grete2-300x282.jpg 300w\" sizes=\"auto, (max-width: 500px) 100vw, 500px\" \/><\/a><br \/>\nDesde fines de febrero, el Museo de Arte Tigre (MAT) exhibe la muestra &#8220;Sue\u00f1os. Grete Stern&#8221;. Es un conjunto de 36 reproducciones fotogr\u00e1ficas donadas al MAT por el Sr. Matteo Goretti y la Fundaci\u00f3n Centro de Estudios para Pol\u00edticas P\u00fablicas Aplicadas.<\/p>\n<p>Grete Stern (Alemania, 1904 &#8211; Argentina, 1999) concibi\u00f3 la serie de los &#8220;Sue\u00f1os&#8221; entre 1948 y 1951. Los 140 fotomontajes que la componen ilustraron la secci\u00f3n &#8220;El psicoan\u00e1lisis le ayudar\u00e1&#8221; en Idilio, una revista popular dirigida al p\u00fablico femenino en la cual el soci\u00f3logo Gino Germani analizaba los sue\u00f1os que las lectoras enviaban a la redacci\u00f3n. Con sus fotomontajes, Stern cuestiona la imagen de la mujer de mediados de la \u00e9poca al ponerla en medio de inquietantes situaciones inveros\u00edmiles que, no obstante, surgen de las profundidades del inconsciente de la mujer moderna.<\/p>\n<p>La muestra est\u00e1 exhibida en el Sal\u00f3n Oval del <a href=\"http:\/\/www.mat.gov.ar\/\">Museo de Arte Tigre (MAT)<\/a>, Paseo Victorica 972, Tigre, Provincia de Buenos Aires, hasta principios de julio, mi\u00e9rcoles a viernes 9-19, s\u00e1bado y domingo 12-19 horas.<\/p>\n<p>Las muestras de la semana:<!--more--><\/p>\n<ul>\n<li><a href=\"http:\/\/agendacultural.buenosaires.gob.ar\/evento\/munecas-antiguas-en-la-casa-fernandez-blanco\/5094\">Casa Fern\u00e1ndez Blanco<\/a>, Hip\u00f3lito Yrigoyen 1420, Buenos Aires (Mar-Vie 12-18, S\u00e1b y Dom 11-17 hs. Entrada $10): &#8220;Hab\u00eda una vez&#8230;, mu\u00f1ecas y juguetes 1870-1940. Colecci\u00f3n de Mabel y Mar\u00eda Castellano Fotheringham&#8221;. Hasta 31.12.<\/li>\n<li>Centro Cultural Kirchner, Sarmiento 151, Buenos Aires (Mi\u00e9-Dom, feriados inclusive, 13-20 hs): Brian Eno, &#8220;77 Million Paintings&#8221; y &#8220;The Ship&#8221;, instalaciones. Las entradas para &#8220;77 Million Paintings&#8221; son gratuitas y se podr\u00e1n retirar de 12 a 19, y ser\u00e1n para visitar la muestra ese mismo d\u00eda. La instalaci\u00f3n es apta para todo p\u00fablico, y plantea horarios establecidos de visita cada 30 minutos. Se entregar\u00e1n hasta dos localidades por persona hasta agotar el cupo diario. Para visitar &#8220;The Ship&#8221; no se requieren entradas. Desde 01.02. \/ &#8220;El Centro en movimiento&#8221;, fotograf\u00edas y videoinstalaciones que tienen como eje fundamental al movimiento. Curador: Rodrigo Alonso. 10.02.-31.03. \/ &#8220;PUEBLO, LIBRO, TIERRA &#8211; 3500 A\u00f1os de Relaci\u00f3n del Pueblo Jud\u00edo con la Tierra de Israel&#8221;. 16.03.-31.03.<\/li>\n<li><a href=\"http:\/\/www.centroculturalrecoleta.org\/\">Centro Cultural Recoleta<\/a>, Jun\u00edn 1930, Buenos Aires (Mar 13.30-20.30 hs, Mi\u00e9-Vie 13.30-22 hs, S\u00e1b, Dom y feriados 11.30-22 hs. Entrada gratuita): &#8220;\u00cdconos argentinos &#8211; Homenaje&#8221;. Fotos: Gianni Mestichelli. Curadora: Renata Schussheim. Salas 3, 4 y 5. 10 10.01.-24.03. \/ &#8220;El museo de los mundos imaginarios&#8221;. Curador: Rodrigo Alonso. Obras de Anank\u00e9 Asseff, Dolores Avenda\u00f1o, Amadeo Azar, Eduardo Basualdo, Javier Bilatz, \u00c9rica Bohm, Marcela Cabutti, Eugenia Calvo, Susan Consorte, Ferm\u00edn Egu\u00eda, Raquel Forner, Alejandro Gabriel, Le\u00f3nidas Gambartes, Sebasti\u00e1n Gord\u00edn, Gyula Kosice, Marcos L\u00f3pez, Javier Mrad, Tadeo Muleiro, Tatiana Parcero, Duilio Pierri, San Poggio, Liliana Porter, Proyecto Biopus, RES, Silvia Rivas, Xul Solar, Paula Toto Blake, Carlos Trilnick y Anabel Vanoni. Salas Cronopios, J y C. 14.12.-24.04.<\/li>\n<li><a href=\"http:\/\/www.elsidelrio.com.ar\/\">Elsi del R\u00edo Arte Contempor\u00e1neo<\/a>, Humboldt 1510, Palermo Hollywood, Buenos Aires (Mar-Vie 13-19, S\u00e1b 11-15 hs): Teresa Pereda, &#8220;Blanco para bien&#8221;. Inauguraci\u00f3n: 13.03., 19 hs.<\/li>\n<li>Espacio de Arte AMIA, Pasteur 633, Buenos Aires (Lun-Jue 10-19, Vie 10-16 hs. Entrada libre y gratuita. Se requiere identificaci\u00f3n para ingresar): <a href=\"https:\/\/www.facebook.com\/Mondopano\">Omar Panosetti<\/a>, &#8220;Un D\u00eda De Esos&#8221;. Desde 09.03.<\/li>\n<li>Facultad de Derecho (UBA), Av. Figueroa Alcorta 2263, Buenos Aires (entrada gratuita): <a href=\"http:\/\/kunstinargentinien.com\/index.php\/2017\/03\/12\/gedenken-an-einen-vergessenen-helden\/\">&#8220;Carl Lutz y la Casa de Cristal&#8221;<\/a>. Muestra organizada por la Embajada de Suiza en Buenos Aires. Hall de los Pasos Perdidos. 16.03.-29.03.<\/li>\n<li><a href=\"http:\/\/www.malba.org.ar\/web\/\">Malba<\/a> (Museo de Arte Latinoamericano de Buenos Aires), Av. Figueroa Alcorta 3415, Buenos Aires (Jue-Lun y feriados 12-20 hs, Mi\u00e9 hasta 21 hs, Mar cerrado. Entrada 100 pesos; estudiantes, docentes, jubilados o mayores de 65 a\u00f1os con acreditaci\u00f3n vigente 50 pesos. Personas con discapacidad: sin cargo; menores de 5 a\u00f1os: sin cargo. Mi\u00e9: Entrada 50 pesos; estudiantes, docentes y jubilados con acreditaci\u00f3n vigente: sin cargo. Personas con discapacidad: sin cargo): Gast\u00f3n Persico, &#8220;La M\u00fasica es mi casa&#8221;. Curador: Mariano Mayer. Sala 1. Nivel -1. 10.03.-02.07. \/ &#8220;General Idea. Tiempo partido&#8221;. Curador: Agust\u00edn P\u00e9rez Rubio. Sala 5, Nivel 2 y Sala 3, Nivel 1. 24.03.-26.06.<\/li>\n<li>Miranda Bosch\/Cecilia Caballero, Montevideo 1723\/1720, Buenos Aires (Lun-Vie 13-19 hs): Sof\u00eda Durrieu y Gaspar Acebo, &#8220;Rodeados&#8221;. Curador: Santiago Bengolea. 26.01.-15.03.<\/li>\n<li><a href=\"https:\/\/www.facebook.com\/museoquinquela\">Museo Benito Quinquela Martin<\/a>, Av. Pedro de Mendoza 1835, La Boca, Buenos Aires (Mar-Dom 11-18 hs): Alicia D\u00edaz Rinaldi, &#8220;Migraciones. Un viaje a la esperanza&#8221;. Desde 11.03.<\/li>\n<li><a href=\"http:\/\/www.mat.gov.ar\/\">Museo de Arte Tigre (MAT)<\/a>, Paseo Victorica 972, Tigre, Provincia de Buenos Aires (Mi\u00e9-Vie 9-19, S\u00e1b y Dom 12-19 hs): Grete Stern (Alemania, 1904 &#8211; Argentina, 1999), &#8220;Sue\u00f1os&#8221;, 36 reproducciones fotogr\u00e1ficas donadas al MAT de la serie de 140 fotomontajes que Stern concibi\u00f3 entre 1948 y 1951 para ilustrar la secci\u00f3n &#8220;El psicoan\u00e1lisis le ayudar\u00e1&#8221; en la revista Id\u00edlio. En el Sal\u00f3n Oval. 25.02.-02.07.<\/li>\n<li><a href=\"http:\/\/www.mnba.gob.ar\/\">Museo Nacional de Bellas Artes (MNBA)<\/a>, Av. del Libertador 1473, Buenos Aires (Mar-Vie 11-20, S\u00e1b y Dom 10-20 hs. Entrada libre y gratuita): &#8220;Xul Solar. Panactivista&#8221;, recorrido de la obra de Oscar Agust\u00edn Alejandro Schulz Solari (1887-1963), uno de los protagonistas de la vanguardia argentina del siglo XX. M\u00e1s de 160 obras, entre acuarelas, t\u00e9mperas, objetos, m\u00e1scaras, manuscritos, ilustraciones y documentos personales. Curadora: Cecilia Rabossi. &#8220;Pabell\u00f3n de Exposiciones Temporarias&#8221;. 08.03.-17.06.<\/li>\n<li>Rolf Art, Esmeralda 1353, Buenos Aires (Lun-Vie 11-20 hs): &#8220;Liliana Maresca: fotoperformances, registros y homenajes&#8221;, fotografiados por Marcos L\u00f3pez, Santiago Porter, Adriana Miranda, Adri\u00e1n Rocha Novoa, Facundo de Zuviira, RES, Ludmila. Curadur\u00eda: Adriana Lauria. 23.11.-17.03.<\/li>\n<li>Usina del Arte y Museo del Cine, Agust\u00edn Caffarena 1, esquina Av. Pedro de Mendoza, Buenos Aires (Mar-Jue 14-19, Vie-Dom 12-21 hs. Entrada gratuita): &#8220;Henri Cartier-Bresson, fot\u00f3grafo&#8221;. 21.02.-02.04.<\/li>\n<\/ul>\n","protected":false},"excerpt":{"rendered":"<p>Klicken Sie hier, um die deutsche Version zu lesen. Agenda de Muestras del 12\/03\/2017 Por Susanne Franz Desde fines de febrero, el Museo de Arte Tigre (MAT) exhibe la muestra &#8220;Sue\u00f1os. Grete Stern&#8221;. Es un conjunto de 36 reproducciones fotogr\u00e1ficas donadas al MAT por el Sr. Matteo Goretti y la Fundaci\u00f3n Centro de Estudios para [&hellip;]<\/p>\n","protected":false},"author":1,"featured_media":0,"comment_status":"open","ping_status":"open","sticky":false,"template":"","format":"standard","meta":{"footnotes":""},"categories":[18],"tags":[],"class_list":["post-24833","post","type-post","status-publish","format-standard","hentry","category-agenda"],"_links":{"self":[{"href":"https:\/\/kunstinargentinien.com\/index.php\/wp-json\/wp\/v2\/posts\/24833","targetHints":{"allow":["GET"]}}],"collection":[{"href":"https:\/\/kunstinargentinien.com\/index.php\/wp-json\/wp\/v2\/posts"}],"about":[{"href":"https:\/\/kunstinargentinien.com\/index.php\/wp-json\/wp\/v2\/types\/post"}],"author":[{"embeddable":true,"href":"https:\/\/kunstinargentinien.com\/index.php\/wp-json\/wp\/v2\/users\/1"}],"replies":[{"embeddable":true,"href":"https:\/\/kunstinargentinien.com\/index.php\/wp-json\/wp\/v2\/comments?post=24833"}],"version-history":[{"count":16,"href":"https:\/\/kunstinargentinien.com\/index.php\/wp-json\/wp\/v2\/posts\/24833\/revisions"}],"predecessor-version":[{"id":24903,"href":"https:\/\/kunstinargentinien.com\/index.php\/wp-json\/wp\/v2\/posts\/24833\/revisions\/24903"}],"wp:attachment":[{"href":"https:\/\/kunstinargentinien.com\/index.php\/wp-json\/wp\/v2\/media?parent=24833"}],"wp:term":[{"taxonomy":"category","embeddable":true,"href":"https:\/\/kunstinargentinien.com\/index.php\/wp-json\/wp\/v2\/categories?post=24833"},{"taxonomy":"post_tag","embeddable":true,"href":"https:\/\/kunstinargentinien.com\/index.php\/wp-json\/wp\/v2\/tags?post=24833"}],"curies":[{"name":"wp","href":"https:\/\/api.w.org\/{rel}","templated":true}]}}