{"id":24909,"date":"2017-04-09T14:49:21","date_gmt":"2017-04-09T17:49:21","guid":{"rendered":"http:\/\/kunstinargentinien.com\/?p=24909"},"modified":"2017-04-09T16:14:29","modified_gmt":"2017-04-09T19:14:29","slug":"agenda-kalender-509","status":"publish","type":"post","link":"https:\/\/kunstinargentinien.com\/index.php\/2017\/04\/09\/agenda-kalender-509\/","title":{"rendered":"Agenda \/ Kalender"},"content":{"rendered":"<p><a href=\"http:\/\/kunstinargentinien.com\/index.php\/2017\/04\/09\/kalender-agenda-518\/\">Klicken Sie hier, um die deutsche Version zu lesen.<\/a><\/p>\n<p><strong>Agenda de Muestras del 09\/04\/2017<\/p>\n<p><em>Por Susanne Franz<\/em><\/strong><\/p>\n<p><a href=\"http:\/\/kunstinargentinien.com\/wp-content\/uploads\/2017\/04\/saraceno-1.jpg\"><img loading=\"lazy\" decoding=\"async\" src=\"http:\/\/kunstinargentinien.com\/wp-content\/uploads\/2017\/04\/saraceno-1.jpg\" alt=\"\" width=\"500\" height=\"315\" class=\"aligncenter size-full wp-image-24916\" srcset=\"https:\/\/kunstinargentinien.com\/wp-content\/uploads\/2017\/04\/saraceno-1.jpg 500w, https:\/\/kunstinargentinien.com\/wp-content\/uploads\/2017\/04\/saraceno-1-300x189.jpg 300w\" sizes=\"auto, (max-width: 500px) 100vw, 500px\" \/><\/a><br \/>\nEn el Museo de Arte Moderno de Buenos Aires se inaugur\u00f3 el 7 de abril una muestra del artista argentino Tom\u00e1s Saraceno. Saraceno, artista, arquitecto, y performer, naci\u00f3 en 1973 en San Miguel de Tucum\u00e1n. Vive y trabaja en Berl\u00edn. Expuso en el Metropolitan Museum de Nueva York, el Towada Arts Center en Jap\u00f3n y en varias bienales de Venecia, Lyon, y Sao Paulo.<\/p>\n<p>En Buenos Aires, se pueden ver dos instalaciones que combinan el inter\u00e9s de Saraceno por la aracnolog\u00eda, la astrof\u00edsica, el sonido y las artes visuales. Producto de una d\u00e9cada de investigaci\u00f3n art\u00edstica, en ambas obras, el visitante podr\u00e1 vivir la experiencia del universo entendido como una red de interconexiones donde cada elemento se despliega y transforma.<\/p>\n<p>En la instalaci\u00f3n &#8220;The Cosmic Dust Spider Web Orchestra&#8221;, ubicada en el segundo subsuelo, los visitantes descubren que son parte de un ensamble r\u00edtmico. Un haz de luz torna visible el polvo c\u00f3smico en el interior de la sala oscura. A trav\u00e9s del registro de video en vivo, las part\u00edculas de polvo flotantes se transforman en sonidos.<\/p>\n<p>El segundo piso del Museo de Arte Moderno presenta la instalaci\u00f3n &#8220;Instrumento Musical Cuasi-Social IC 342&#8221; construido por 7000 ara\u00f1as <em>parawixia bistriata<\/em> que trabajaron durante seis meses en la telara\u00f1a m\u00e1s grande exhibida hasta el momento. (Las ara\u00f1as despu\u00e9s fueron devueltos a su lugar de origen en el norte argentino.) Los dibujos en el aire, realizados por unos 40 millones de hilos, revelan la trayectoria de las part\u00edculas de polvo c\u00f3smico. Mientras avanzan entre estos multiversos, los visitantes est\u00e1n invitados a adaptarse a los ritmos del cosmos y a la lenta cadencia de los ar\u00e1cnidos.<\/p>\n<p>La muestra &#8220;C\u00f3mo atrapar el universo en una telara\u00f1a&#8221; se puede visitar hasta el 27 de agosto de 2017 en el <a href=\"http:\/\/www.buenosaires.gob.ar\/areas\/cultura\/museos\/dg_museos\/mam.htm\">Museo de Arte Moderno de Buenos Aires (MAMba)<\/a>.<\/p>\n<p>Las muestras de la semana:<!--more--><\/p>\n<ul>\n<li><a href=\"http:\/\/agendacultural.buenosaires.gob.ar\/evento\/munecas-antiguas-en-la-casa-fernandez-blanco\/5094\">Casa Fern\u00e1ndez Blanco<\/a>, Hip\u00f3lito Yrigoyen 1420, Buenos Aires (Mar-Vie 12-18, S\u00e1b y Dom 11-17 hs. Entrada $10): &#8220;Hab\u00eda una vez&#8230;, mu\u00f1ecas y juguetes 1870-1940. Colecci\u00f3n de Mabel y Mar\u00eda Castellano Fotheringham&#8221;. Hasta 31.12.<\/li>\n<li><a href=\"http:\/\/www.centroculturalrecoleta.org\/\">Centro Cultural Recoleta<\/a>, Jun\u00edn 1930, Buenos Aires (Mar 13.30-20.30 hs, Mi\u00e9-Vie 13.30-22 hs, S\u00e1b, Dom y feriados 11.30-22 hs. Entrada gratuita): &#8220;El museo de los mundos imaginarios&#8221;. Curador: Rodrigo Alonso. Obras de Anank\u00e9 Asseff, Dolores Avenda\u00f1o, Amadeo Azar, Eduardo Basualdo, Javier Bilatz, \u00c9rica Bohm, Marcela Cabutti, Eugenia Calvo, Susan Consorte, Ferm\u00edn Egu\u00eda, Raquel Forner, Alejandro Gabriel, Le\u00f3nidas Gambartes, Sebasti\u00e1n Gord\u00edn, Gyula Kosice, Marcos L\u00f3pez, Javier Mrad, Tadeo Muleiro, Tatiana Parcero, Duilio Pierri, San Poggio, Liliana Porter, Proyecto Biopus, RES, Silvia Rivas, Xul Solar, Paula Toto Blake, Carlos Trilnick y Anabel Vanoni. Salas Cronopios, J y C. 14.12.-24.04.<\/li>\n<li><a href=\"http:\/\/www.elsidelrio.com.ar\/\">Elsi del R\u00edo Arte Contempor\u00e1neo<\/a>, Humboldt 1510, Palermo Hollywood, Buenos Aires (Mar-Vie 13-19, S\u00e1b 11-15 hs): Teresa Pereda, &#8220;Blanco para bien&#8221;. Desde 13.03.<\/li>\n<li><a href=\"http:\/\/www.proa.org\/esp\/\">Fundaci\u00f3n Proa<\/a>, Pedro de Mendoza 1929, La Boca, Buenos Aires (Mar-Dom 11-19 hs, Lun cerrado. Entrada $50, jubilados $20 y estudiantes $30; gratis para menores de 12 a\u00f1os): Yves Klein, retrospectiva. 18.03.-31.07.<\/li>\n<li><a href=\"http:\/\/www.malba.org.ar\/web\/\">Malba<\/a> (Museo de Arte Latinoamericano de Buenos Aires), Av. Figueroa Alcorta 3415, Buenos Aires (Jue-Lun y feriados 12-20 hs, Mi\u00e9 hasta 21 hs, Mar cerrado. Entrada 100 pesos; estudiantes, docentes, jubilados o mayores de 65 a\u00f1os con acreditaci\u00f3n vigente 50 pesos. Personas con discapacidad: sin cargo; menores de 5 a\u00f1os: sin cargo. Mi\u00e9: Entrada 50 pesos; estudiantes, docentes y jubilados con acreditaci\u00f3n vigente: sin cargo. Personas con discapacidad: sin cargo): Gast\u00f3n Persico, &#8220;La M\u00fasica es mi casa&#8221;. Curador: Mariano Mayer. Sala 1. Nivel -1. 10.03.-02.07. \/ &#8220;General Idea. Tiempo partido&#8221;. Curador: Agust\u00edn P\u00e9rez Rubio. Sala 5, Nivel 2 y Sala 3, Nivel 1. 24.03.-26.06.<\/li>\n<li><a href=\"https:\/\/www.facebook.com\/museoquinquela\">Museo Benito Quinquela Mart\u00edn<\/a>, Av. Pedro de Mendoza 1835, La Boca, Buenos Aires (Mar-Dom 11-18 hs): Alicia D\u00edaz Rinaldi, &#8220;Migraciones. Un viaje a la esperanza&#8221;. 11.03.-09.04.<\/li>\n<li><a href=\"http:\/\/www.buenosaires.gob.ar\/areas\/cultura\/museos\/dg_museos\/mam.htm\">Museo de Arte Moderno de Buenos Aires (MAMba)<\/a>, San Juan 350, Buenos Aires (Mar-Vie 11-19, S\u00e1b, Dom y feriados 11-20 hs. Lunes cerrado (excepto feriados). Entrada 20 pesos, Mar gratis): Tom\u00e1s Saraceno, &#8220;C\u00f3mo atrapar el universo en una telara\u00f1a&#8221;. 07.04.-27.08.<\/li>\n<li><a href=\"http:\/\/www.mat.gov.ar\/\">Museo de Arte Tigre (MAT)<\/a>, Paseo Victorica 972, Tigre, Provincia de Buenos Aires (Mi\u00e9-Vie 9-19, S\u00e1b y Dom 12-19 hs): Grete Stern (Alemania, 1904 &#8211; Argentina, 1999), &#8220;Sue\u00f1os&#8221;, 36 reproducciones fotogr\u00e1ficas donadas al MAT de la serie de 140 fotomontajes que Stern concibi\u00f3 entre 1948 y 1951 para ilustrar la secci\u00f3n &#8220;El psicoan\u00e1lisis le ayudar\u00e1&#8221; en la revista Id\u00edlio. En el Sal\u00f3n Oval. 25.02.-02.07.<\/li>\n<li><a href=\"http:\/\/www.mnba.gob.ar\/\">Museo Nacional de Bellas Artes (MNBA)<\/a>, Av. del Libertador 1473, Buenos Aires (Mar-Vie 11-20, S\u00e1b y Dom 10-20 hs. Entrada libre y gratuita): &#8220;Xul Solar. Panactivista&#8221;, recorrido de la obra de Oscar Agust\u00edn Alejandro Schulz Solari (1887-1963), uno de los protagonistas de la vanguardia argentina del siglo XX. M\u00e1s de 160 obras, entre acuarelas, t\u00e9mperas, objetos, m\u00e1scaras, manuscritos, ilustraciones y documentos personales. Curadora: Cecilia Rabossi. &#8220;Pabell\u00f3n de Exposiciones Temporarias&#8221;. 08.03.-17.06.<\/li>\n<li>Rolf Art, Esmeralda 1353, Buenos Aires (Lun-Vie 11-20 hs): Facundo de Zuvir\u00eda, &#8220;Amor!!! 24Hs&#8221;, fotos. 15.03.-14.05.<\/li>\n<\/ul>\n","protected":false},"excerpt":{"rendered":"<p>Klicken Sie hier, um die deutsche Version zu lesen. Agenda de Muestras del 09\/04\/2017 Por Susanne Franz En el Museo de Arte Moderno de Buenos Aires se inaugur\u00f3 el 7 de abril una muestra del artista argentino Tom\u00e1s Saraceno. Saraceno, artista, arquitecto, y performer, naci\u00f3 en 1973 en San Miguel de Tucum\u00e1n. Vive y trabaja [&hellip;]<\/p>\n","protected":false},"author":1,"featured_media":0,"comment_status":"open","ping_status":"open","sticky":false,"template":"","format":"standard","meta":{"footnotes":""},"categories":[18],"tags":[],"class_list":["post-24909","post","type-post","status-publish","format-standard","hentry","category-agenda"],"_links":{"self":[{"href":"https:\/\/kunstinargentinien.com\/index.php\/wp-json\/wp\/v2\/posts\/24909","targetHints":{"allow":["GET"]}}],"collection":[{"href":"https:\/\/kunstinargentinien.com\/index.php\/wp-json\/wp\/v2\/posts"}],"about":[{"href":"https:\/\/kunstinargentinien.com\/index.php\/wp-json\/wp\/v2\/types\/post"}],"author":[{"embeddable":true,"href":"https:\/\/kunstinargentinien.com\/index.php\/wp-json\/wp\/v2\/users\/1"}],"replies":[{"embeddable":true,"href":"https:\/\/kunstinargentinien.com\/index.php\/wp-json\/wp\/v2\/comments?post=24909"}],"version-history":[{"count":11,"href":"https:\/\/kunstinargentinien.com\/index.php\/wp-json\/wp\/v2\/posts\/24909\/revisions"}],"predecessor-version":[{"id":24932,"href":"https:\/\/kunstinargentinien.com\/index.php\/wp-json\/wp\/v2\/posts\/24909\/revisions\/24932"}],"wp:attachment":[{"href":"https:\/\/kunstinargentinien.com\/index.php\/wp-json\/wp\/v2\/media?parent=24909"}],"wp:term":[{"taxonomy":"category","embeddable":true,"href":"https:\/\/kunstinargentinien.com\/index.php\/wp-json\/wp\/v2\/categories?post=24909"},{"taxonomy":"post_tag","embeddable":true,"href":"https:\/\/kunstinargentinien.com\/index.php\/wp-json\/wp\/v2\/tags?post=24909"}],"curies":[{"name":"wp","href":"https:\/\/api.w.org\/{rel}","templated":true}]}}