{"id":24965,"date":"2017-04-14T20:23:08","date_gmt":"2017-04-14T23:23:08","guid":{"rendered":"http:\/\/kunstinargentinien.com\/?p=24965"},"modified":"2017-04-14T20:23:08","modified_gmt":"2017-04-14T23:23:08","slug":"quien-esta-donde-who-is-where","status":"publish","type":"post","link":"https:\/\/kunstinargentinien.com\/index.php\/2017\/04\/14\/quien-esta-donde-who-is-where\/","title":{"rendered":"\u00bfQui\u00e9n est\u00e1 d\u00f3nde? Who is where?"},"content":{"rendered":"<p><strong>Proyecto art\u00edstico argentino-suizo en Basilea<\/strong><\/p>\n<p><a href=\"http:\/\/kunstinargentinien.com\/wp-content\/uploads\/2017\/04\/Panno-Ferrante-Giron-Bengolea-Berkenwald-Zanela.jpg\"><img loading=\"lazy\" decoding=\"async\" src=\"http:\/\/kunstinargentinien.com\/wp-content\/uploads\/2017\/04\/Panno-Ferrante-Giron-Bengolea-Berkenwald-Zanela.jpg\" alt=\"\" width=\"500\" height=\"281\" class=\"aligncenter size-full wp-image-24967\" srcset=\"https:\/\/kunstinargentinien.com\/wp-content\/uploads\/2017\/04\/Panno-Ferrante-Giron-Bengolea-Berkenwald-Zanela.jpg 500w, https:\/\/kunstinargentinien.com\/wp-content\/uploads\/2017\/04\/Panno-Ferrante-Giron-Bengolea-Berkenwald-Zanela-300x169.jpg 300w\" sizes=\"auto, (max-width: 500px) 100vw, 500px\" \/><\/a><br \/>\nProyecto coordinado por dos curadores independientes Monika Dillier (Basel) y Santiago Bengolea (Buenos Aires); el cual consiste en el trabajo en conjunto de artistas y curadores de Basilea y Buenos Aires durante 15 d\u00edas produciendo in-situ una muestra en colaboraci\u00f3n donde tambi\u00e9n se realizar\u00e1n charlas, debates, comidas, m\u00fasica, proyecciones, etc. El programa completo se desarrollar\u00e1 del 16 al 30 abril de 2017.<\/p>\n<p>&#8220;\u00bfQui\u00e9n est\u00e1 d\u00f3nde? Who is where?&#8221; se basa en la investigaci\u00f3n y desarrollo de la pr\u00e1ctica del dibujo en todas sus manifestaciones y variaciones, siempre desde el trabajo en colaboraci\u00f3n, las experiencias grupales, la potencia de la no individualidad, la horizontalidad y el replanteo de los l\u00edmites (los roles, el lenguaje, la geograf\u00eda, etc) y como funciona exponencialmente el trabajo conjunto, las distintas miradas fundidas en una obra o en una actividad en com\u00fan.<\/p>\n<p>El proyecto tendr\u00e1 lugar en Villa Renata, Basel, del 16 al 26 de abril, y la exposici\u00f3n se abrir\u00e1 al p\u00fablico del 27 al 30 de abril, ocupando todas las instalaciones del Centro Cultural y los alrededores de la ciudad de Basel.<\/p>\n<p>Los artistas y curadores participantes de Basel y Buenos Aires son Monika Dillier, Santiago Bengolea, Birgit Kempker, Gaspar Acebo, Chris Hunter, Melina Berkenwald, Mariano Ferrante, Julia Ger\u00f6cs, Guido Nussbaum, M\u00f3nica Giron, Antonio Panno, Maria Magdalena Z&#8217;Graggen, Julim Rosa, Andrea Saemann y Augusto Zanela.<\/p>\n<p><strong>Foto:<\/strong><br \/>\nPanno, Ferrante, Giron, Bengolea, Berkenwald, Zanela.<\/p>\n","protected":false},"excerpt":{"rendered":"<p>Proyecto art\u00edstico argentino-suizo en Basilea Proyecto coordinado por dos curadores independientes Monika Dillier (Basel) y Santiago Bengolea (Buenos Aires); el cual consiste en el trabajo en conjunto de artistas y curadores de Basilea y Buenos Aires durante 15 d\u00edas produciendo in-situ una muestra en colaboraci\u00f3n donde tambi\u00e9n se realizar\u00e1n charlas, debates, comidas, m\u00fasica, proyecciones, etc. [&hellip;]<\/p>\n","protected":false},"author":1,"featured_media":0,"comment_status":"open","ping_status":"open","sticky":false,"template":"","format":"standard","meta":{"footnotes":""},"categories":[4],"tags":[],"class_list":["post-24965","post","type-post","status-publish","format-standard","hentry","category-tipp-der-woche-recomendacion-de-la-semana"],"_links":{"self":[{"href":"https:\/\/kunstinargentinien.com\/index.php\/wp-json\/wp\/v2\/posts\/24965","targetHints":{"allow":["GET"]}}],"collection":[{"href":"https:\/\/kunstinargentinien.com\/index.php\/wp-json\/wp\/v2\/posts"}],"about":[{"href":"https:\/\/kunstinargentinien.com\/index.php\/wp-json\/wp\/v2\/types\/post"}],"author":[{"embeddable":true,"href":"https:\/\/kunstinargentinien.com\/index.php\/wp-json\/wp\/v2\/users\/1"}],"replies":[{"embeddable":true,"href":"https:\/\/kunstinargentinien.com\/index.php\/wp-json\/wp\/v2\/comments?post=24965"}],"version-history":[{"count":2,"href":"https:\/\/kunstinargentinien.com\/index.php\/wp-json\/wp\/v2\/posts\/24965\/revisions"}],"predecessor-version":[{"id":24970,"href":"https:\/\/kunstinargentinien.com\/index.php\/wp-json\/wp\/v2\/posts\/24965\/revisions\/24970"}],"wp:attachment":[{"href":"https:\/\/kunstinargentinien.com\/index.php\/wp-json\/wp\/v2\/media?parent=24965"}],"wp:term":[{"taxonomy":"category","embeddable":true,"href":"https:\/\/kunstinargentinien.com\/index.php\/wp-json\/wp\/v2\/categories?post=24965"},{"taxonomy":"post_tag","embeddable":true,"href":"https:\/\/kunstinargentinien.com\/index.php\/wp-json\/wp\/v2\/tags?post=24965"}],"curies":[{"name":"wp","href":"https:\/\/api.w.org\/{rel}","templated":true}]}}