{"id":25014,"date":"2017-04-29T14:01:28","date_gmt":"2017-04-29T17:01:28","guid":{"rendered":"http:\/\/kunstinargentinien.com\/?p=25014"},"modified":"2017-04-29T14:59:53","modified_gmt":"2017-04-29T17:59:53","slug":"agenda-kalender-512","status":"publish","type":"post","link":"https:\/\/kunstinargentinien.com\/index.php\/2017\/04\/29\/agenda-kalender-512\/","title":{"rendered":"Agenda \/ Kalender"},"content":{"rendered":"<p><a href=\"http:\/\/kunstinargentinien.com\/index.php\/2017\/04\/29\/kalender-agenda-521\/\">Klicken Sie hier, um die deutsche Version zu lesen.<\/a><\/p>\n<p><strong>Agenda de Muestras del 29\/04\/2017<\/p>\n<p><em>Por Susanne Franz<\/em><\/strong><\/p>\n<p><a href=\"http:\/\/kunstinargentinien.com\/wp-content\/uploads\/2017\/04\/manifiesto2.jpg\"><img loading=\"lazy\" decoding=\"async\" src=\"http:\/\/kunstinargentinien.com\/wp-content\/uploads\/2017\/04\/manifiesto2.jpg\" alt=\"\" width=\"500\" height=\"333\" class=\"aligncenter size-full wp-image-25015\" srcset=\"https:\/\/kunstinargentinien.com\/wp-content\/uploads\/2017\/04\/manifiesto2.jpg 500w, https:\/\/kunstinargentinien.com\/wp-content\/uploads\/2017\/04\/manifiesto2-300x200.jpg 300w\" sizes=\"auto, (max-width: 500px) 100vw, 500px\" \/><\/a><br \/>\nLa segunda edici\u00f3n de la <a href=\"http:\/\/bienalbp.org\/bp17\/\">Bienal de Performance de Argentina, BP.17<\/a>, se llevar\u00e1 a cabo del 13 de mayo al 7 de junio de 2017, y presentar\u00e1 una serie de novedades tanto estructurales como conceptuales.<\/p>\n<p>Este a\u00f1o fueron invitados artistas-curadores para que se sumen al equipo de BP.17 para trabajar desde una perspectiva propia, en la investigaci\u00f3n y selecci\u00f3n de obras y artistas, as\u00ed como en su seguimiento hasta el momento de su presentaci\u00f3n.<\/p>\n<p>El programa de BP.17 incluye la presentaci\u00f3n de obras en vivo, seminarios, conferencias y encuentros p\u00fablicos con los artistas invitados. Todas estas actividades se llevar\u00e1n a cabo en las diferentes sedes asociadas para generar m\u00faltiples espacios simult\u00e1neos de exposici\u00f3n y reflexi\u00f3n.<\/p>\n<p>Desde Alemania, llega el cineasta y videasta <a href=\"http:\/\/bienalbp.org\/bp17\/artistas\/julian-roselfeldt\/\">Julian Rosefeldt<\/a> a Buenos Aires, invitado por el\u00a0<a href=\"https:\/\/www.goethe.de\/ins\/ar\/es\/sta\/bue.html\">Goethe-Institut Buenos Aires<\/a>\u00a0y la\u00a0Bienal de Performance. Presentar\u00e1 en el\u00a0<a href=\"https:\/\/www.facebook.com\/museomalba\/\">Malba<\/a>\u00a0en el marco de un encuentro con el p\u00fablico la versi\u00f3n lineal de &#8220;Manifesto&#8221;, que presenta a la actriz Cate Blanchett en trece personajes distintos. &#8220;Manifesto&#8221; rinde homenaje a la conmovedora tradici\u00f3n y a la belleza literaria de este g\u00e9nero, utilizado por artistas a lo largo del siglo XX.<\/p>\n<p><strong>Foto:<\/strong><br \/>\n&#8220;Manifiesto&#8221; con Cate Blanchett.<br \/>\n(Julian Rosefeldt and VG Bild-Kunst, Bonn 2016)<\/p>\n<p>Las muestras de la semana:<!--more--><\/p>\n<ul>\n<li>2\u00aa <a href=\"http:\/\/bienalbp.org\/bp17\/\">Bienal de Performance de Argentina, BP.17<\/a>. 13.05.-07.06.<\/li>\n<li>26\u00aa Feria de Arte Contempor\u00e1neo <a href=\"http:\/\/www.arteba.org\/?lang=en\">arteBA 2017<\/a>. 24.05.-27.05.<\/li>\n<li>Banco Ciudad, Florida 302, Buenos Aires (Lun-Vie 10-15 hs): Alejandro Scasso, pinturas, dibujos, collages. Inauguraci\u00f3n: 05.05., 19 hs. 08.05.-31.05.<\/li>\n<li>Biblioteca Nacional, Ag\u00fcero 2502, Buenos Aires (Lun-Vie 9-21, S\u00e1b y Dom 12-19 hs): &#8220;Rodolfo Walsh. Los oficios de la palabra&#8221;. Hasta julio de 2017.<\/li>\n<li><a href=\"http:\/\/agendacultural.buenosaires.gob.ar\/evento\/munecas-antiguas-en-la-casa-fernandez-blanco\/5094\">Casa Fern\u00e1ndez Blanco<\/a>, Hip\u00f3lito Yrigoyen 1420, Buenos Aires (Mar-Vie 12-18, S\u00e1b y Dom 11-17 hs. Entrada $10): &#8220;Hab\u00eda una vez&#8230;, mu\u00f1ecas y juguetes 1870-1940. Colecci\u00f3n de Mabel y Mar\u00eda Castellano Fotheringham&#8221;. Hasta 31.12.<\/li>\n<li><a href=\"http:\/\/www.culturalkirchner.gob.ar\/\">Centro Cultural Kirchner<\/a>, Sarmiento 151, Buenos Aires (Vie, S\u00e1b y Dom 14-24 hs): Aldo Sessa, &#8220;Gauchos&#8221;, fotograf\u00edas. 22.03.-20.06.<\/li>\n<li><a href=\"http:\/\/www.centroculturalrecoleta.org\/\">Centro Cultural Recoleta<\/a>, Jun\u00edn 1930, Buenos Aires (Mar 13.30-20.30 hs, Mi\u00e9-Vie 13.30-22 hs, S\u00e1b, Dom y feriados 11.30-22 hs. Entrada gratuita): Ana Vogelfang, &#8220;B\u00f3veda gag\u00e1&#8221;. Curadora: Daniela Brunand. Sala 7. Hasta 25.06.\/ Virginia Sotti, &#8220;Adentro de mi casa hay un bosque&#8221;. Curadora: Ximena Pereyra. Sala 8. Hasta 25.06. \/ &#8220;Inteligencia Artificial&#8221; por Oligatega, grupo de artistas formado en Buenos Aires que trabaja desde 1999 realizando instalaciones, videos, dibujos, esculturas, m\u00fasica y performances. Artistas: Maxi Bellmann, Mateo Amaral, Alfio Demestre, Mariano Giraud. Salas 3, 4 y 5. Hasta 25.06. \/ &#8220;Hoy. Retratos de Ex Soldados Combatientes en Malvinas a 35 a\u00f1os de la guerra&#8221;. Por el 35 aniversario de la guerra de Malvinas, Adri\u00e1n Rocha Novoa realiz\u00f3 retratos de sus compa\u00f1eros soldados, como testimonio de que la vida contin\u00faa a\u00fan despu\u00e9s de haber transitado por circunstancias tan extremas como una guerra. Curadur\u00eda: Adri\u00e1n Rocha Novoa. Sala 6. Hasta 14.05.<\/li>\n<li><a href=\"http:\/\/www.coleccionfortabat.org.ar\/\">Colecci\u00f3n de Arte Amalia Lacroze de Fortabat<\/a>, Olga Cossetini 141, Puerto Madero, Buenos Aires (Mar-Dom 12-20 hs, Lun cerrado. Entrada: $80, $40 para menores de 12 a\u00f1os, jubilados, estudiantes y docentes con acreditaci\u00f3n, Mi\u00e9 $40 y acceso gratuito para menores de 12 a\u00f1os, jubilados, estudiantes y docentes con acreditaci\u00f3n): Benito Laren, &#8220;Fabularen&#8221;. Curador: Claudio Ongaro Haelterman. 20.04.-25.06.<\/li>\n<li><a href=\"http:\/\/www.elsidelrio.com.ar\/\">Elsi del R\u00edo Arte Contempor\u00e1neo<\/a>, Humboldt 1510, Palermo Hollywood, Buenos Aires (Mar-Vie 13-19, S\u00e1b 11-15 hs): Mariano Cornejo, &#8220;Garras&#8221;. 24.04.-01.06.<\/li>\n<li><a href=\"http:\/\/www.artefundacionosde.com.ar\/BO\/home.asp\">Espacio de Arte Fundaci\u00f3n Osde<\/a>, Suipacha 658, 1\u00c2\u00ba piso, Buenos Aires (Lun-S\u00e1b 12-20 hs. Entrada gratuita): &#8220;Objeto m\u00f3vil recomendado a las familias&#8221;, reuni\u00f3n de obras que respeta una memoria inestable del surrealismo, o el superrealismo, en Argentina. Artistas: Roberto Aizenberg, Jacques Bedel, Emilio Bianchic, Mildred Burton, Vito Campanella, Laura C\u00f3dega, Juan Del Prete, Jorge Diciervo, Tob\u00edas Dirty, Zdravko Ducmelic, Ferm\u00edn Egu\u00eda, Le\u00f3nidas Gambartes, M\u00f3nica Giron, Miguel Harte, Naum Knop, Fernanda Laguna, Mariette Lydis, Adriana Minolitti, No\u00e9 Nojechowicz, Orlando Pierri y Mariana Telleria. Curadur\u00eda: Santiago Villanueva. 23.02.-29.04.<\/li>\n<li><a href=\"http:\/\/www.proa.org\/esp\/\">Fundaci\u00f3n Proa<\/a>, Pedro de Mendoza 1929, La Boca, Buenos Aires (Mar-Dom 11-19 hs, Lun cerrado. Entrada $50, jubilados $20 y estudiantes $30; gratis para menores de 12 a\u00f1os): Yves Klein, retrospectiva. 18.03.-31.07.<\/li>\n<li><a href=\"http:\/\/www.malba.org.ar\/web\/\">Malba<\/a> (Museo de Arte Latinoamericano de Buenos Aires), Av. Figueroa Alcorta 3415, Buenos Aires (Jue-Lun y feriados 12-20 hs, Mi\u00e9 hasta 21 hs, Mar cerrado. Entrada 100 pesos; estudiantes, docentes, jubilados o mayores de 65 a\u00f1os con acreditaci\u00f3n vigente 50 pesos. Personas con discapacidad: sin cargo; menores de 5 a\u00f1os: sin cargo. Mi\u00e9: Entrada 50 pesos; estudiantes, docentes y jubilados con acreditaci\u00f3n vigente: sin cargo. Personas con discapacidad: sin cargo): Gast\u00f3n Persico, &#8220;La M\u00fasica es mi casa&#8221;. Curador: Mariano Mayer. Sala 1. Nivel -1. 10.03.-02.07. \/ &#8220;General Idea. Tiempo partido&#8221;. Curador: Agust\u00edn P\u00e9rez Rubio. Sala 5, Nivel 2 y Sala 3, Nivel 1. 24.03.-26.06.<\/li>\n<li><a href=\"http:\/\/www.buenosaires.gob.ar\/areas\/cultura\/museos\/dg_museos\/mam.htm\">Museo de Arte Moderno de Buenos Aires (MAMba)<\/a>, San Juan 350, Buenos Aires (Mar-Vie 11-19, S\u00e1b, Dom y feriados 11-20 hs. Lunes cerrado (excepto feriados). Entrada 20 pesos, Mar gratis): Tom\u00e1s Saraceno, &#8220;C\u00f3mo atrapar el universo en una telara\u00f1a&#8221;, instalaciones. 07.04.-27.08.<\/li>\n<li><a href=\"http:\/\/www.mat.gov.ar\/\">Museo de Arte Tigre (MAT)<\/a>, Paseo Victorica 972, Tigre, Provincia de Buenos Aires (Mi\u00e9-Vie 9-19, S\u00e1b y Dom 12-19 hs): Grete Stern (Alemania, 1904 &#8211; Argentina, 1999), &#8220;Sue\u00f1os&#8221;, 36 reproducciones fotogr\u00e1ficas donadas al MAT de la serie de 140 fotomontajes que Stern concibi\u00f3 entre 1948 y 1951 para ilustrar la secci\u00f3n &#8220;El psicoan\u00e1lisis le ayudar\u00e1&#8221; en la revista Id\u00edlio. En el Sal\u00f3n Oval. 25.02.-02.07.<\/li>\n<li><a href=\"http:\/\/www.mnba.gob.ar\/\">Museo Nacional de Bellas Artes (MNBA)<\/a>, Av. del Libertador 1473, Buenos Aires (Mar-Vie 11-20, S\u00e1b y Dom 10-20 hs. Entrada libre y gratuita): &#8220;Xul Solar. Panactivista&#8221;, recorrido de la obra de Oscar Agust\u00edn Alejandro Schulz Solari (1887-1963), uno de los protagonistas de la vanguardia argentina del siglo XX. M\u00e1s de 160 obras, entre acuarelas, t\u00e9mperas, objetos, m\u00e1scaras, manuscritos, ilustraciones y documentos personales. Curadora: Cecilia Rabossi. &#8220;Pabell\u00f3n de Exposiciones Temporarias&#8221;. 08.03.-17.06.<\/li>\n<li>Rolf Art, Esmeralda 1353, Buenos Aires (Lun-Vie 11-20 hs): Facundo de Zuvir\u00eda, &#8220;Amor!!! 24Hs&#8221;, fotos. 15.03.-14.05.<\/li>\n<li><a href=\"http:\/\/www.rubbers.com.ar\/\">Rubbers Internacional<\/a>, Av. Alvear 1595, Buenos Aires (Lun-Vie 11-20, S\u00e1b 11-13.30 hs): Josefina Robirosa, &#8220;Momentos&#8221;. 26.04.-27.05.<\/li>\n<li><a href=\"http:\/\/www.ruthbenzacar.com\/\">Ruth Benzacar<\/a>, Juan Ram\u00edrez de Velasco 1287, Buenos Aires (Tel: +54-11-4313-8480\/4857-3322. Lun-Vie 14-19 hs): Carlos Huffmann, &#8220;Materia, forma y poder&#8221;. 26.04.-03.06.<\/li>\n<li>Vasari, Esmeralda 1357, Buenos Aires (Lun-Vie 11-20 hs): M\u00f3nica Mill\u00e1n, &#8220;Pasa ante m\u00ed el silencio&#8221;, dibujos y bordado. 19.04.-02.06.<\/li>\n<\/ul>\n","protected":false},"excerpt":{"rendered":"<p>Klicken Sie hier, um die deutsche Version zu lesen. Agenda de Muestras del 29\/04\/2017 Por Susanne Franz La segunda edici\u00f3n de la Bienal de Performance de Argentina, BP.17, se llevar\u00e1 a cabo del 13 de mayo al 7 de junio de 2017, y presentar\u00e1 una serie de novedades tanto estructurales como conceptuales. Este a\u00f1o fueron [&hellip;]<\/p>\n","protected":false},"author":1,"featured_media":0,"comment_status":"open","ping_status":"open","sticky":false,"template":"","format":"standard","meta":{"footnotes":""},"categories":[18],"tags":[],"class_list":["post-25014","post","type-post","status-publish","format-standard","hentry","category-agenda"],"_links":{"self":[{"href":"https:\/\/kunstinargentinien.com\/index.php\/wp-json\/wp\/v2\/posts\/25014","targetHints":{"allow":["GET"]}}],"collection":[{"href":"https:\/\/kunstinargentinien.com\/index.php\/wp-json\/wp\/v2\/posts"}],"about":[{"href":"https:\/\/kunstinargentinien.com\/index.php\/wp-json\/wp\/v2\/types\/post"}],"author":[{"embeddable":true,"href":"https:\/\/kunstinargentinien.com\/index.php\/wp-json\/wp\/v2\/users\/1"}],"replies":[{"embeddable":true,"href":"https:\/\/kunstinargentinien.com\/index.php\/wp-json\/wp\/v2\/comments?post=25014"}],"version-history":[{"count":7,"href":"https:\/\/kunstinargentinien.com\/index.php\/wp-json\/wp\/v2\/posts\/25014\/revisions"}],"predecessor-version":[{"id":25027,"href":"https:\/\/kunstinargentinien.com\/index.php\/wp-json\/wp\/v2\/posts\/25014\/revisions\/25027"}],"wp:attachment":[{"href":"https:\/\/kunstinargentinien.com\/index.php\/wp-json\/wp\/v2\/media?parent=25014"}],"wp:term":[{"taxonomy":"category","embeddable":true,"href":"https:\/\/kunstinargentinien.com\/index.php\/wp-json\/wp\/v2\/categories?post=25014"},{"taxonomy":"post_tag","embeddable":true,"href":"https:\/\/kunstinargentinien.com\/index.php\/wp-json\/wp\/v2\/tags?post=25014"}],"curies":[{"name":"wp","href":"https:\/\/api.w.org\/{rel}","templated":true}]}}