{"id":25119,"date":"2017-11-17T16:02:09","date_gmt":"2017-11-17T19:02:09","guid":{"rendered":"http:\/\/kunstinargentinien.com\/?p=25119"},"modified":"2017-11-22T16:08:12","modified_gmt":"2017-11-22T19:08:12","slug":"expo-in-buenos-aires-im-jahr-2023","status":"publish","type":"post","link":"https:\/\/kunstinargentinien.com\/index.php\/2017\/11\/17\/expo-in-buenos-aires-im-jahr-2023\/","title":{"rendered":"Expo in Buenos Aires im Jahr 2023"},"content":{"rendered":"<p><strong>Ausstellung in Tecn\u00f3polis steht unter dem Motto &#8220;Wissenschaft, Innovation, Kunst und Kreativit\u00e4t in der digitalen Konvergenz&#8221;<\/p>\n<p><em>Von Marcus Christoph<\/em><\/strong><\/p>\n<p><a href=\"http:\/\/kunstinargentinien.com\/wp-content\/uploads\/2017\/11\/Buenos_Aires-expo.jpg\"><img loading=\"lazy\" decoding=\"async\" src=\"http:\/\/kunstinargentinien.com\/wp-content\/uploads\/2017\/11\/Buenos_Aires-expo-300x169.jpg\" alt=\"\" width=\"300\" height=\"169\" class=\"size-medium wp-image-25120\" \/><\/a><br \/>\nBuenos Aires wird Sitz der Weltausstellung 2023. Die Ausrichtung der Expo wurde am Mittwoch bei einer Abstimmung des Bureau Internationale des Expositions (BIE) in Paris an die argentinische Hauptstadt vergeben. Buenos Aires hatte in der Endrunde gegen die Bewerbungen der polnischen Stadt Lodz und von St. Paul\/Minneapolis im US-Staat Minnesota die Nase vorn.<\/p>\n<p>Eine Delegation angef\u00fchrt von Au\u00dfenminister Jorge Faurie und Medienminister Hern\u00e1n Lombardi hatte in Paris in die Werbetrommel ger\u00fchrt. Mit Buenos Aires wird nun erstmals eine s\u00fcdamerikanische Stadt Ausrichterin einer Weltausstellung sein, die auf eine Geschichte seit 1851 zur\u00fcckblicken kann, als erstmals in London eine gro\u00dfe Schau technischer Errungenschaften abgehalten wurde.<\/p>\n<p>Die Ausstellung in Argentinien auf dem Messegel\u00e4nde Tecn\u00f3polis am Nordrand der Stadt steht unter dem Thema &#8220;Wissenschaft, Innovation, Kunst und Kreativit\u00e4t in der digitalen Konvergenz&#8221;. F\u00fcr die Expo vom 15. Januar bis zum 15. April 2023 sind Investitionen von 200 Millionen Dollar vorgesehen. &#8220;Es wird eine Schau sein, die zeigt, dass Argentinien zur Weltgemeinschaft zur\u00fcckgekehrt ist&#8221;, freute sich Lombardi in einem ersten Statement. Pr\u00e4sident Mauricio Macri hatte die argentinische Bewerbung im Dezember vorigen Jahres beschlossen.<\/p>\n<p>In diesem Jahr gab es eine Expo in der kasachischen Hauptstadt Astana, die unter dem Thema &#8220;Energie der Zukunft&#8221; stand. Die Weltausstellung 2020 soll in Dubai zum Thema &#8220;Connecting Minds, Creating the Future&#8221; organisiert werden. 2000 fand in Hannover die bislang einzige bei der BIE registrierte Weltausstellung in Deutschland statt.<\/p>\n<p><strong>Foto:<\/strong><br \/>\nDas Messegel\u00e4nde Tecn\u00f3polis von oben.<\/p>\n","protected":false},"excerpt":{"rendered":"<p>Ausstellung in Tecn\u00f3polis steht unter dem Motto &#8220;Wissenschaft, Innovation, Kunst und Kreativit\u00e4t in der digitalen Konvergenz&#8221; Von Marcus Christoph Buenos Aires wird Sitz der Weltausstellung 2023. Die Ausrichtung der Expo wurde am Mittwoch bei einer Abstimmung des Bureau Internationale des Expositions (BIE) in Paris an die argentinische Hauptstadt vergeben. Buenos Aires hatte in der Endrunde [&hellip;]<\/p>\n","protected":false},"author":1,"featured_media":0,"comment_status":"open","ping_status":"open","sticky":false,"template":"","format":"standard","meta":{"footnotes":""},"categories":[14],"tags":[],"class_list":["post-25119","post","type-post","status-publish","format-standard","hentry","category-gesellschaft-sociedad"],"_links":{"self":[{"href":"https:\/\/kunstinargentinien.com\/index.php\/wp-json\/wp\/v2\/posts\/25119","targetHints":{"allow":["GET"]}}],"collection":[{"href":"https:\/\/kunstinargentinien.com\/index.php\/wp-json\/wp\/v2\/posts"}],"about":[{"href":"https:\/\/kunstinargentinien.com\/index.php\/wp-json\/wp\/v2\/types\/post"}],"author":[{"embeddable":true,"href":"https:\/\/kunstinargentinien.com\/index.php\/wp-json\/wp\/v2\/users\/1"}],"replies":[{"embeddable":true,"href":"https:\/\/kunstinargentinien.com\/index.php\/wp-json\/wp\/v2\/comments?post=25119"}],"version-history":[{"count":2,"href":"https:\/\/kunstinargentinien.com\/index.php\/wp-json\/wp\/v2\/posts\/25119\/revisions"}],"predecessor-version":[{"id":25122,"href":"https:\/\/kunstinargentinien.com\/index.php\/wp-json\/wp\/v2\/posts\/25119\/revisions\/25122"}],"wp:attachment":[{"href":"https:\/\/kunstinargentinien.com\/index.php\/wp-json\/wp\/v2\/media?parent=25119"}],"wp:term":[{"taxonomy":"category","embeddable":true,"href":"https:\/\/kunstinargentinien.com\/index.php\/wp-json\/wp\/v2\/categories?post=25119"},{"taxonomy":"post_tag","embeddable":true,"href":"https:\/\/kunstinargentinien.com\/index.php\/wp-json\/wp\/v2\/tags?post=25119"}],"curies":[{"name":"wp","href":"https:\/\/api.w.org\/{rel}","templated":true}]}}